{"id":737,"date":"2015-01-22T22:19:36","date_gmt":"2015-01-22T21:19:36","guid":{"rendered":"http:\/\/thekfiles.pl\/?p=737"},"modified":"2015-01-22T22:19:36","modified_gmt":"2015-01-22T21:19:36","slug":"zorganizowana-grupa-przestepcza-zwana-nfz","status":"publish","type":"post","link":"http:\/\/thekfiles.pl\/?p=737","title":{"rendered":"Zorganizowana grupa przest\u0119pcza zwana NFZ&#8230;"},"content":{"rendered":"<p>Dzisiaj czyta\u0142am artyku\u0142,\u00a0kt\u00f3ry traktowa\u0142 o tym, \u017ce wprowadzenie wymogu skierowania od lekarza rodzinnego do dermatologa czy okulisty owszem, spowodowa\u0142o, \u017ce w przychodniach specjalistycznych jest mniej pacjent\u00f3w, ale owi pacjenci wcale nie zacz\u0119li oblega\u0107 lekarzy rodzinnych, tylko w og\u00f3le zrezygnowali z wizyty lub poszli leczy\u0107 si\u0119 prywatnie. (ju\u017c sobie wyobra\u017cam te dyskusje pod gabinetami lekarzy rodzinnych: &#8222;ja tylko po skierowanie!&#8221;, &#8222;ja te\u017c i czekam w kolejce!&#8221;. Pytanie, czy lekarze rodzinni s\u0105 bardziej ch\u0119tni, \u017ceby te skierowania wydawa\u0107?)<\/p>\n<p>Znajoma pani psychoonkolog ponadto poda\u0142a ostatnio, \u017ce obecnie do postawienia diagnozy onkologicznej ju\u017c nie wystarczy sam onkolog i lista wynik\u00f3w bada\u0144, tylko musi si\u0119 zebra\u0107 ca\u0142e konsylium, z psychologiem, chirurgiem, radiologiem i radioterapeut\u0105 w sk\u0142adzie. I onkologiem zapewne r\u00f3wnie\u017c. Na pewno bardzo to przyspieszy rozpoznanie i wdro\u017cenie leczenia. Mnie na pewno za par\u0119 lat zmotywuje do usuni\u0119cia mojej drugiej, rosn\u0105cej powoli, niez\u0142o\u015bliwej jeszcze-nie-&#8222;\u015bliwki&#8221;. Jak pomy\u015bl\u0119, ile b\u0119dzie trzeba zachodu, by si\u0119 owej &#8222;\u015bliwki&#8221; pozby\u0107, pewnie dam sobie spok\u00f3j. Bardzo rozs\u0105dnie, prawda?<\/p>\n<p>A m\u0142odzi lekarze opuszczaj\u0105 uczelnie i ju\u017c nie maj\u0105 spadochronu w postaci sta\u017cu. Materia\u0142, kt\u00f3ry ju\u017c w ci\u0105gu sze\u015bciu lat by\u0142 ci\u0119\u017cki do ogarni\u0119cia, teraz ma by\u0107 ogarni\u0119ty w pi\u0119\u0107 lat, bo ostatni rok to podobno maj\u0105 by\u0107 g\u0142\u00f3wnie \u0107wiczenia kliniczne, kt\u00f3re zast\u0105pi\u0105 sta\u017c.<\/p>\n<p>A miejsc specjalizacyjnych chyba wcale nie ma wi\u0119cej.<\/p>\n<p>Tyle w temacie zmniejszania kolejek do specjalist\u00f3w.<\/p>\n<p>Utrudniajmy do nich dost\u0119p, to ludziom nie b\u0119dzie si\u0119 chcia\u0142o do nich chodzi\u0107!<\/p>\n<p>\u017bycz\u0119 powodzenia.<\/p>\n<p>Tak w og\u00f3le to chcia\u0142am pisa\u0107 o czym innym. Mia\u0142am napisa\u0107 jedno zdanie, kt\u00f3re przysz\u0142o mi dzi\u015b do g\u0142owy podczas wymiany u jednego pacjenta dw\u00f3ch wype\u0142nie\u0144 na powierzchniach stycznych dw\u00f3ch r\u00f3\u017cnych z\u0119b\u00f3w.<\/p>\n<p>Owo zdanie to:<\/p>\n<p>&#8222;Wkurwiaj\u0105ce jest, kiedy podczas wype\u0142niania ubytk\u00f3w w II klasie Blacka NFZ daje mi do wyboru materia\u0142, kt\u00f3ry za dwa lata trzeba b\u0119dzie wymieni\u0107, bo si\u0119 cz\u0119\u015bciowo wyp\u0142ucze, lub materia\u0142, kt\u00f3ry za dwa lata trzeba b\u0119dzie wymieni\u0107, bo\u00a0b\u0119dzie chcia\u0142 wypa\u015b\u0107.&#8221;<\/p>\n<p>Sektor prywatny s\u0142u\u017cby zdrowia zaciera \u0142apki. Problem w tym, \u017ce stosunkowo niewiele os\u00f3b sta\u0107 na leczenie prywatne. Ja bym bardzo ch\u0119tnie temu pacjentowi za\u0142o\u017cy\u0142a w tych z\u0119bach materia\u0142 \u015bwiat\u0142outwardzalny, kt\u00f3ry si\u0119 ani nie wyp\u0142ucze, ani nie wypadnie, tylko kto za to zap\u0142aci? Pacjenta nie sta\u0107. Plomba takiej wielko\u015bci wg NFZ kosztuje do 50 z\u0142, prywatnie ok. 120. Kiedy\u015b by\u0142y tzw. dop\u0142aty, teraz nich nie ma. Z w\u0142asnej kieszeni mam te 70 z\u0142 da\u0107?<\/p>\n<p>Aha, jeszcze jedno pytanie:<\/p>\n<p>czy Sanepid bierze udzia\u0142 w akcjach sadzenia drzew w zamian na ilo\u015b\u0107 druk\u00f3w, jakich wymaga od przychodni w trakcie kontroli?<\/p>\n<p>(PS. Tekst z tytu\u0142u notki nie ja wymy\u015bli\u0142am, tylko jaki\u015b wyk\u0142adowca na kursie. Dentysta pracuj\u0105cy wy\u0142\u0105cznie prywatnie.<\/p>\n<p>I domy\u015blam si\u0119, \u017ce sporo z powy\u017cszych pretensji powinno w\u0119drowa\u0107 do Ministerstwa Zdrowia, kt\u00f3re to wszystko wymy\u015bla, a NFZ podobno p\u0142aci.)<\/p>\n","protected":false},"excerpt":{"rendered":"<p>Dzisiaj czyta\u0142am artyku\u0142,\u00a0kt\u00f3ry traktowa\u0142 o tym, \u017ce wprowadzenie wymogu skierowania od lekarza rodzinnego do dermatologa czy okulisty owszem, spowodowa\u0142o, \u017ce w przychodniach specjalistycznych jest mniej pacjent\u00f3w, ale owi pacjenci wcale nie zacz\u0119li oblega\u0107 lekarzy rodzinnych, tylko w og\u00f3le zrezygnowali z wizyty lub poszli leczy\u0107 si\u0119 prywatnie. (ju\u017c sobie wyobra\u017cam te dyskusje pod gabinetami lekarzy rodzinnych: [&hellip;]<\/p>\n","protected":false},"author":2,"featured_media":0,"comment_status":"open","ping_status":"closed","sticky":false,"template":"","format":"standard","meta":{"footnotes":""},"categories":[6],"tags":[51,85,91,127],"class_list":["post-737","post","type-post","status-publish","format-standard","hentry","category-praca","tag-frustracja","tag-medycyna","tag-nfz","tag-praca-2"],"_links":{"self":[{"href":"http:\/\/thekfiles.pl\/index.php?rest_route=\/wp\/v2\/posts\/737","targetHints":{"allow":["GET"]}}],"collection":[{"href":"http:\/\/thekfiles.pl\/index.php?rest_route=\/wp\/v2\/posts"}],"about":[{"href":"http:\/\/thekfiles.pl\/index.php?rest_route=\/wp\/v2\/types\/post"}],"author":[{"embeddable":true,"href":"http:\/\/thekfiles.pl\/index.php?rest_route=\/wp\/v2\/users\/2"}],"replies":[{"embeddable":true,"href":"http:\/\/thekfiles.pl\/index.php?rest_route=%2Fwp%2Fv2%2Fcomments&post=737"}],"version-history":[{"count":0,"href":"http:\/\/thekfiles.pl\/index.php?rest_route=\/wp\/v2\/posts\/737\/revisions"}],"wp:attachment":[{"href":"http:\/\/thekfiles.pl\/index.php?rest_route=%2Fwp%2Fv2%2Fmedia&parent=737"}],"wp:term":[{"taxonomy":"category","embeddable":true,"href":"http:\/\/thekfiles.pl\/index.php?rest_route=%2Fwp%2Fv2%2Fcategories&post=737"},{"taxonomy":"post_tag","embeddable":true,"href":"http:\/\/thekfiles.pl\/index.php?rest_route=%2Fwp%2Fv2%2Ftags&post=737"}],"curies":[{"name":"wp","href":"https:\/\/api.w.org\/{rel}","templated":true}]}}