{"id":708,"date":"2015-01-10T21:58:24","date_gmt":"2015-01-10T20:58:24","guid":{"rendered":"http:\/\/thekfiles.pl\/?p=708"},"modified":"2015-01-10T21:58:24","modified_gmt":"2015-01-10T20:58:24","slug":"podsumowanie-kacika-czytelniczego-2014","status":"publish","type":"post","link":"http:\/\/thekfiles.pl\/?p=708","title":{"rendered":"Podsumowanie K\u0105cika Czytelniczego 2014"},"content":{"rendered":"<p>Chyba jednak b\u0119d\u0119 go prowadzi\u0107 w 2015 roku (mo\u017ce z pomini\u0119ciem pisania recenzji ksi\u0105\u017cek, bo nigdy nie czytam nowo\u015bci, ale je\u015bli kogo\u015b to bardzo interesuje, to mo\u017ce po prostu zagl\u0105da\u0107), wi\u0119c oto kopiuj-wklej z tego, co zdecydowa\u0142am si\u0119 wpisa\u0107 do <a title=\"k\u0105cik\" href=\"http:\/\/thekfiles.pl\/ksiazki\/\" target=\"_blank\" rel=\"noopener noreferrer\">K\u0105cika<\/a> w 2014 roku.<\/p>\n<p>Przeczytane w 2014 roku (w sumie 13,5 ksi\u0105\u017cki):<\/p>\n<ul>\n<li>Szymon Ho\u0142ownia, Marcin Prokop \u201eWszystko w porz\u0105dku\u201d \u2013 zacz\u0119ta w 2013, sko\u0144czona ju\u017c w 2014. Panowie sprz\u0105taj\u0105 pude\u0142ka \u2013 tematy, o kt\u00f3rych chcieliby napisa\u0107, ale kt\u00f3re nie s\u0105 wystarczaj\u0105co \u201erozleg\u0142e\u201d na osobn\u0105 ksi\u0105\u017ck\u0119. Zbi\u00f3r osobistych ranking\u00f3w. Prokop pisze du\u017co o muzyce, Ho\u0142ownia o \u015bwi\u0119tych. Fajne.<\/li>\n<li>Jeremy Clarkson \u201eMoje lata w TopGear\u201d (te\u017c zacz\u0119te w 2013) \u2013 zbi\u00f3r felieton\u00f3w Clarksona do magazynu TopGear. Nie wszystko o samochodach. Styl \u2013 humor, teorie, cz\u0119ste zaprzeczanie samemu sobie \u2013 typowe dla Clarksona znanego z telewizji. R\u00f3wnie\u017c szansa na poznanie kulis\u00f3w kr\u0119cenia programu.<\/li>\n<li>Ignacy Karpowicz \u201eo\u015bci\u201d (zacz\u0119te w 2013). Obyczajowo o kr\u0119gu znajomych, zmagaj\u0105cych si\u0119 z trudno\u015bciami \u017cycia nie dla wszystkich codziennego. Troch\u0119 zagmatwane, momentami ci\u0119\u017ckie, momentami \u015bmieszne. Ostatnio dosz\u0142am do wniosku, \u017ce to ksi\u0105\u017cka o fasadach. O twarzach, kt\u00f3re pokazuje si\u0119 innym, wn\u0119trze g\u0142\u0119boko chowaj\u0105c. Bo ka\u017cda z tych postaci ma tak\u0105 swoj\u0105 fasad\u0119 i swoje prawdziwe ja, kt\u00f3re potrafi ujawnia\u0107 si\u0119 w niespotykany spos\u00f3b.<\/li>\n<li>Claudia Torres, Jacek Krawczyk \u201eChomik na widelcu\u201d \u2013 recenzja <a title=\"Chomik\" href=\"http:\/\/thekfiles.pl\/blog\/2014\/02\/26\/chomik-na-widelcu\/\" target=\"_blank\" rel=\"noopener noreferrer\">tutaj<\/a>.<\/li>\n<li>Camilla L\u00e4ckberg \u201eKsi\u0119\u017cniczka z lodu\u201d \u2013 recenzja\u00a0<a title=\"lackberg1\" href=\"http:\/\/thekfiles.pl\/blog\/2014\/05\/01\/camilla-lackberg-ksiezniczka-z-lodu\/\" target=\"_blank\" rel=\"noopener noreferrer\">tutaj<\/a>.<\/li>\n<li>Marcin Meller \u201eMi\u0119dzy wariatami\u201d \u2013 recenzja <a href=\"http:\/\/thekfiles.pl\/blog\/2014\/05\/15\/marcin-meller-miedzy-wariatami\/\" target=\"_blank\" rel=\"noopener noreferrer\">tutaj<\/a>.<\/li>\n<li>Miros\u0142aw Tomaszewski \u201eMarynarka\u201d \u2013 recenzja <a href=\"http:\/\/thekfiles.pl\/blog\/2014\/05\/30\/miroslaw-tomaszewski-marynarka\/\" target=\"_blank\" rel=\"noopener noreferrer\">tutaj<\/a>.<\/li>\n<li>Harlan Coben \u201eSze\u015b\u0107 lat p\u00f3\u017aniej\u201d \u2013 recenzja <a href=\"http:\/\/thekfiles.pl\/blog\/2014\/06\/03\/harlan-coben-szesc-lat-pozniej\/\" target=\"_blank\" rel=\"noopener noreferrer\">tutaj<\/a>.<\/li>\n<li>Camilla L\u00e4ckberg \u201eKamieniarz\u201d \u2013 dobry, zaskakuj\u0105cy krymina\u0142. Autorka ma w\u0142asny styl, kt\u00f3rego si\u0119 trzyma, co jest niby zalet\u0105, ale z drugiej strony czyni t\u0119 ksi\u0105\u017ck\u0119 podobn\u0105 do poprzedniej, czytanej przeze mnie. W\u0105tki kilku, powi\u0105zanych ze sob\u0105 os\u00f3b, plus opowie\u015b\u0107 \u201ena boku\u201d, kt\u00f3ra dopiero pod koniec ukazuje sw\u00f3j sens dla reszty fabu\u0142y. Klasa sama w sobie.<\/li>\n<li>Franz Kafka \u201eZamek\u201d. Doczyta\u0142am do po\u0142owy i si\u0119 podda\u0142am. \u201eWybitna\u201d literatura jest zdecydowanie nie dla mnie. Ta ksi\u0105\u017cka to jedna wielka metafora, kt\u00f3rej nie rozumiem, postaci zachowuj\u0105ce si\u0119 irracjonalnie, ci\u0119\u017cki styl. Nienienie.<\/li>\n<li>Camilla L\u00e4ckberg \u201eNiemiecki b\u0119kart\u201d \u2013 recenzja <a title=\"recenzja b\u0119kart\" href=\"http:\/\/thekfiles.pl\/blog\/2014\/07\/22\/camilla-lackberg-niemiecki-bekart\/\" target=\"_blank\" rel=\"noopener noreferrer\">tutaj<\/a>.<\/li>\n<li>Wojciech Cejrowski \u201eWyspa na prerii\u201d \u2013 recenzja <a href=\"http:\/\/thekfiles.pl\/blog\/2014\/08\/22\/wojciech-cejrowski-wyspa-na-prerii\/\" target=\"_blank\" rel=\"noopener noreferrer\">tutaj<\/a>.<\/li>\n<li>Nick Mason \u201ePink Floyd. Moje wspomnienia\u201d \u2013 recenzja <a href=\"http:\/\/thekfiles.pl\/blog\/2014\/09\/13\/nick-mason-pink-floyd-moje-wspomnienia\/\">tutaj<\/a>.<\/li>\n<li>Greg Marinovich i Jo\u00e3o Silva \u201eBractwo Bang Bang\u201d \u2013 o czteroosobowej grupie fotoreporter\u00f3w wojennych u schy\u0142ku apartheidu w RPA. Uwaga, MOCNE.<\/li>\n<\/ul>\n<p>Troch\u0119 tego ma\u0142o mi si\u0119 wydaje i chyba nie wszystko wklei\u0142am. Tak czy siak, na pewno przeczyta\u0142am wi\u0119cej ksi\u0105\u017cek, ni\u017c jeszcze rok czy dwa lata wcze\u015bniej.<\/p>\n<p>Nie bior\u0119 udzia\u0142u w fejsbukowej akcji &#8222;52 ksi\u0105\u017cki w 2015&#8221; czy jak to si\u0119 nazywa, bo wiem, \u017ce nie dam rady, ale moje zesz\u0142oroczne postanowienie czytelnicze\u00a0jest nadal aktualne, bo czytanie jest fajne i daje odpocz\u0105\u0107 od durnot w sieci i pan\u00f3w na Sympatii, z kt\u00f3rymi tak w og\u00f3le wcale nie mam ochoty dzisiaj rozmawia\u0107 i tym bardziej si\u0119 spotka\u0107.<\/p>\n<p>Tym samym rok 2014 mog\u0119 z K\u0105cika wyrzuci\u0107 i zacz\u0105\u0107 tworzy\u0107\u00a0rok 2015&#8230;<\/p>\n","protected":false},"excerpt":{"rendered":"<p>Chyba jednak b\u0119d\u0119 go prowadzi\u0107 w 2015 roku (mo\u017ce z pomini\u0119ciem pisania recenzji ksi\u0105\u017cek, bo nigdy nie czytam nowo\u015bci, ale je\u015bli kogo\u015b to bardzo interesuje, to mo\u017ce po prostu zagl\u0105da\u0107), wi\u0119c oto kopiuj-wklej z tego, co zdecydowa\u0142am si\u0119 wpisa\u0107 do K\u0105cika w 2014 roku. Przeczytane w 2014 roku (w sumie 13,5 ksi\u0105\u017cki): Szymon Ho\u0142ownia, Marcin [&hellip;]<\/p>\n","protected":false},"author":2,"featured_media":0,"comment_status":"open","ping_status":"open","sticky":false,"template":"","format":"standard","meta":{"footnotes":""},"categories":[5],"tags":[64,74,107],"class_list":["post-708","post","type-post","status-publish","format-standard","hentry","category-osobiste","tag-kacik-czytelniczy","tag-ksiazka","tag-osobiste-2"],"_links":{"self":[{"href":"http:\/\/thekfiles.pl\/index.php?rest_route=\/wp\/v2\/posts\/708","targetHints":{"allow":["GET"]}}],"collection":[{"href":"http:\/\/thekfiles.pl\/index.php?rest_route=\/wp\/v2\/posts"}],"about":[{"href":"http:\/\/thekfiles.pl\/index.php?rest_route=\/wp\/v2\/types\/post"}],"author":[{"embeddable":true,"href":"http:\/\/thekfiles.pl\/index.php?rest_route=\/wp\/v2\/users\/2"}],"replies":[{"embeddable":true,"href":"http:\/\/thekfiles.pl\/index.php?rest_route=%2Fwp%2Fv2%2Fcomments&post=708"}],"version-history":[{"count":0,"href":"http:\/\/thekfiles.pl\/index.php?rest_route=\/wp\/v2\/posts\/708\/revisions"}],"wp:attachment":[{"href":"http:\/\/thekfiles.pl\/index.php?rest_route=%2Fwp%2Fv2%2Fmedia&parent=708"}],"wp:term":[{"taxonomy":"category","embeddable":true,"href":"http:\/\/thekfiles.pl\/index.php?rest_route=%2Fwp%2Fv2%2Fcategories&post=708"},{"taxonomy":"post_tag","embeddable":true,"href":"http:\/\/thekfiles.pl\/index.php?rest_route=%2Fwp%2Fv2%2Ftags&post=708"}],"curies":[{"name":"wp","href":"https:\/\/api.w.org\/{rel}","templated":true}]}}