{"id":705,"date":"2015-01-07T23:14:11","date_gmt":"2015-01-07T22:14:11","guid":{"rendered":"http:\/\/thekfiles.pl\/?p=705"},"modified":"2015-01-07T23:14:11","modified_gmt":"2015-01-07T22:14:11","slug":"i-po-swietach","status":"publish","type":"post","link":"http:\/\/thekfiles.pl\/?p=705","title":{"rendered":"I po \u015awi\u0119tach"},"content":{"rendered":"<p>Wigilia i 25 grudnia przesiedziane u rodzic\u00f3w. 26 grudnia odpoczynek od relacji mi\u0119dzyludzkich. 30 grudnia &#8211; wybitnie niesatysfakcjonuj\u0105ca druga zmiana w pracy. Sylwester sp\u0119dzony troch\u0119 w kuchni, potem w kinie (&#8222;Hobbit: Bitwa pi\u0119ciu armii&#8221; bardzo smutno rozczarowuj\u0105ca nijakim poziomem emocji. Wizualnie ekstra, jak zwykle. Ale niewiele poza tym), potem na domowym piciu drink\u00f3w i ogl\u0105daniu film\u00f3w z \u0141. 2 stycznia kole\u017canka w pracy myl\u0105ca pi\u0105tek z poniedzia\u0142kiem. Poniewa\u017c razem mia\u0142y\u015bmy pracowa\u0107 te\u017c w sobot\u0119, 3 stycznia, przypomnia\u0142am jej, \u017ceby przysz\u0142a na dobr\u0105 godzin\u0119 do pracy ;).<\/p>\n<p>3-5 stycznia siedzia\u0142am znowu (po raz drugi) w SPA niedaleko Ostr\u00f3dy i si\u0119 rozpieszcza\u0142am (nie wiem, ile przyty\u0142am i boj\u0119 si\u0119 sprawdza\u0107). Jak zwykle by\u0142o mi\u0142o, relaksuj\u0105co, profesjonalnie, czysto, uprzejmie, smacznie&#8230; O uszczerbku na koncie nie wspomn\u0119. \ud83d\ude09 Jeszcze tam wr\u00f3c\u0119. Par\u0119 rzeczy zrobi\u0119 inaczej. Dobior\u0119 jeszcze jeden czy dwa zabiegi. Podobno odci\u0119cie si\u0119 od codzienno\u015bci raz na kwarta\u0142 jest wr\u0119cz wskazane. D\u0142ugich weekend\u00f3w mi w tym roku zabraknie.<\/p>\n<p>Choinka rozebrana 6 stycznia, cho\u0107 mog\u0142a sta\u0107 d\u0142u\u017cej, bo sztuczna. Wi\u0119ksza cz\u0119\u015b\u0107 ozd\u00f3b zawieziona siostrze &#8211; w ko\u0144cu nale\u017c\u0105 do niej. M\u00f3j jest tylko niebieski czubek, 12 czerwonych bombek, lampki i bardzo profesjonalne ozdoby ze s\u0142omy. Przed nast\u0119pnymi \u015awi\u0119tami BN mog\u0119 bezwstydnie polowa\u0107 na nowe bombki :).<\/p>\n<p>Kol\u0119da zapowiada si\u0119 u mnie na 15 stycznia. To czwartek. Pracuj\u0119 do 18. Nie b\u0119d\u0119 si\u0119 spieszy\u0107 do domu. Jestem \u017cywym przyk\u0142adem hipokryty \u015bwi\u0105tecznego &#8211; Bo\u017ce Narodzenie obchodz\u0119, ale perspektywa poinformowania ksi\u0119dza z parafii, kt\u00f3rej cz\u0142onkiem si\u0119 nie czuj\u0119, \u017ce w\u0142a\u015bciwie nie praktykuj\u0119 i nie widz\u0119 powodu dla przyj\u0119cia kol\u0119dy, wywo\u0142uje u mnie uczucie pewnego niepokoju. Mo\u017ce nawet nie zapuka? Z op\u0142atkiem mnie tym razem nie zastali, to mo\u017ce kol\u0119d\u0119 te\u017c sobie odpuszcz\u0105?<\/p>\n<p>Zreszt\u0105, wychodz\u0119 z za\u0142o\u017cenia, \u017ce Bo\u017ce Narodzenie (Wielkanoc te\u017c) to w du\u017cej cz\u0119\u015bci wydarzenie bardziej kulturalne i tradycyjne ni\u017c religijne. \ud83d\ude09 (przynajmniej u mnie w rodzinie. Do ko\u015bcio\u0142a nikt nie chodzi, par\u0119 os\u00f3b jest bardzo ci\u0119te na stan duchowny, ale prezenty pod choink\u0105\u00a0co roku le\u017c\u0105)<\/p>\n<p>Tylko teraz przyzwyczai\u0107 si\u0119 zn\u00f3w do pracy i nabiera\u0107 si\u0142 na do\u015b\u0107 ci\u0119\u017cki luty.<\/p>\n<p>Chyba mia\u0142am napisa\u0107 co\u015b jeszcze. Zapomnia\u0142am. Na pewno mia\u0142am posprz\u0105ta\u0107 mieszkanie. Id\u0119 spa\u0107.<\/p>\n","protected":false},"excerpt":{"rendered":"<p>Wigilia i 25 grudnia przesiedziane u rodzic\u00f3w. 26 grudnia odpoczynek od relacji mi\u0119dzyludzkich. 30 grudnia &#8211; wybitnie niesatysfakcjonuj\u0105ca druga zmiana w pracy. Sylwester sp\u0119dzony troch\u0119 w kuchni, potem w kinie (&#8222;Hobbit: Bitwa pi\u0119ciu armii&#8221; bardzo smutno rozczarowuj\u0105ca nijakim poziomem emocji. Wizualnie ekstra, jak zwykle. Ale niewiele poza tym), potem na domowym piciu drink\u00f3w i ogl\u0105daniu [&hellip;]<\/p>\n","protected":false},"author":2,"featured_media":0,"comment_status":"open","ping_status":"open","sticky":false,"template":"","format":"standard","meta":{"footnotes":""},"categories":[5],"tags":[107,159],"class_list":["post-705","post","type-post","status-publish","format-standard","hentry","category-osobiste","tag-osobiste-2","tag-swieta"],"_links":{"self":[{"href":"http:\/\/thekfiles.pl\/index.php?rest_route=\/wp\/v2\/posts\/705","targetHints":{"allow":["GET"]}}],"collection":[{"href":"http:\/\/thekfiles.pl\/index.php?rest_route=\/wp\/v2\/posts"}],"about":[{"href":"http:\/\/thekfiles.pl\/index.php?rest_route=\/wp\/v2\/types\/post"}],"author":[{"embeddable":true,"href":"http:\/\/thekfiles.pl\/index.php?rest_route=\/wp\/v2\/users\/2"}],"replies":[{"embeddable":true,"href":"http:\/\/thekfiles.pl\/index.php?rest_route=%2Fwp%2Fv2%2Fcomments&post=705"}],"version-history":[{"count":0,"href":"http:\/\/thekfiles.pl\/index.php?rest_route=\/wp\/v2\/posts\/705\/revisions"}],"wp:attachment":[{"href":"http:\/\/thekfiles.pl\/index.php?rest_route=%2Fwp%2Fv2%2Fmedia&parent=705"}],"wp:term":[{"taxonomy":"category","embeddable":true,"href":"http:\/\/thekfiles.pl\/index.php?rest_route=%2Fwp%2Fv2%2Fcategories&post=705"},{"taxonomy":"post_tag","embeddable":true,"href":"http:\/\/thekfiles.pl\/index.php?rest_route=%2Fwp%2Fv2%2Ftags&post=705"}],"curies":[{"name":"wp","href":"https:\/\/api.w.org\/{rel}","templated":true}]}}