{"id":647,"date":"2014-11-11T21:17:47","date_gmt":"2014-11-11T20:17:47","guid":{"rendered":"http:\/\/thekfiles.pl\/?p=647"},"modified":"2014-11-11T21:17:47","modified_gmt":"2014-11-11T20:17:47","slug":"kronika-remontowa","status":"publish","type":"post","link":"http:\/\/thekfiles.pl\/?p=647","title":{"rendered":"Kronika remontowa"},"content":{"rendered":"<p>[Wst\u0119p napisany 17.10.2014, p\u00f3\u017aniej wpis aktualizowany na bie\u017c\u0105co]<br \/>\nMieszkam w obecnym\u00a0mieszkaniu ponad 2 lata. To nie by\u0142 m\u00f3j wyb\u00f3r, by tu zamieszka\u0107,\u00a0w sensie to nie by\u0142a swobodnie podj\u0119ta decyzja, tylko sytuacja wynik\u0142a z r\u00f3\u017cnych wskaza\u0144 \u017cyciowych. Tak czy siak, przez te dwa lata ze \u015bredni\u0105 akceptacj\u0105 patrza\u0142am na przybrudzone \u015bciany w pokoju dziennym i wybitnie niepasuj\u0105cy mi, ciemny kolor tych fragment\u00f3w \u015bcian \u0142azienki, kt\u00f3re nie s\u0105 wy\u0142o\u017cone bia\u0142ymi kaflami. Wynajmuj\u0119 to mieszkanie, nie jest moje, cz\u0119sto mi m\u00f3wiono, \u017ce nie ma co inwestowa\u0107 w nie kas\u0119 i czas, bo nie wiadomo, jak d\u0142ugo w nim pomieszkam. Na razie zainwestowa\u0142am w rolety. I troch\u0119 mebli. I nic wi\u0119cej.<\/p>\n<p>2.10.2014 &#8211; dowiaduj\u0119 si\u0119, \u017ce moja nadzieja na rych\u0142y powr\u00f3t do domu rodzinnego raczej nie ma wi\u0119kszych podstaw. Po kilku godzinach dochodz\u0119 do wniosku, \u017ce r\u00f3wnie dobrze mo\u017cna\u00a0si\u0119 tu (w obecnie zajmowanym mieszkaniu) bli\u017cej urz\u0105dzi\u0107.<\/p>\n<p>3.10.2014 &#8211; postanowienie malowania \u015bcian w pokoju dziennym i \u0142azience.<!--more--><\/p>\n<p>6.10.2014 &#8211; zebrane pierwsze ulotki z tabelami kolor\u00f3w farb.<\/p>\n<p>12.10.2014 &#8211; przysz\u0142e kolory \u015bcian praktycznie wybrane. Zakupione myd\u0142o malarskie, spisane ceny farb w Leroy Merlin. Postanowienie rozszerzenia obecnej umowy z dostawc\u0105 internetu i kabl\u00f3wki o pakiet program\u00f3w tv. Chwilowe my\u015bli o wymianie kanapy po remoncie.<\/p>\n<p>15.10.2014 &#8211; mierzenie \u015bcian w mieszkaniu. Obliczona ilo\u015b\u0107 potrzebnej farby: 5 L kolorowej do pokoju dziennego. Do tego 2,5 L na sufit w pokoju dziennym, 2,5 L na \u015bciany w \u0142azience. Zmiana my\u015bli o wymianie kanapy na my\u015bli o przemalowaniu drewnianych, nieco poplamionych krzese\u0142.<\/p>\n<p>17.10.2014 &#8211; siostra (w\u0142a\u015bciciel mieszkania) um\u00f3wi\u0142a si\u0119 z dostawc\u0105 kabl\u00f3wki na 22.10.2014 na podpisanie nowej umowy, jako \u017ce poprzednia podobno si\u0119 ko\u0144czy. Podpisywanie umowy na nowo, przeze mnie, raczej by\u0142oby \u015brednio op\u0142acalne, ale by\u0142o brane pod uwag\u0119, gdy\u017c siostra my\u015bla\u0142a, \u017ce umowa jest na jej m\u0119\u017ca, z kt\u00f3rym z r\u00f3\u017cnych powod\u00f3w nie mam ochoty rozmawia\u0107.<br \/>\nWyci\u0105gn\u0119\u0142am ze \u015bcian wkr\u0119ty pod dawno \u015bci\u0105gni\u0119t\u0105 p\u00f3\u0142k\u0119 na ksi\u0105\u017cki nad telewizorem. Dziury do zaszpachlowania w p\u00f3\u017aniejszym terminie. Zastanawianie si\u0119, jak ja do cholery odklej\u0119 przyklejone do \u015bcian ramki ze zdj\u0119ciami, bez robienia kolejnych dziur w \u015bcianie z kartongipsu. \u0141adowanie akumulatora wkr\u0119tarki.<\/p>\n<p>18.10.2014 &#8211; this shit got serious.<\/p>\n<figure id=\"attachment_649\" aria-describedby=\"caption-attachment-649\" style=\"width: 150px\" class=\"wp-caption alignnone\"><a href=\"http:\/\/thekfiles.pl\/wp-content\/uploads\/2014\/10\/DSC00741.jpg\"><img loading=\"lazy\" decoding=\"async\" class=\"size-thumbnail wp-image-649\" src=\"http:\/\/thekfiles.pl\/wp-content\/uploads\/2014\/10\/DSC00741-150x150.jpg\" alt=\"Du\u017ce zakupy w Obi\" width=\"150\" height=\"150\" \/><\/a><figcaption id=\"caption-attachment-649\" class=\"wp-caption-text\">Du\u017ce zakupy w Obi<\/figcaption><\/figure>\n<p>19.10.2014 &#8211; po na\u0142adowaniu wkr\u0119tarki wykr\u0119ci\u0142am ze \u015bcian i sufitu wszelkie niepotrzebne wkr\u0119ty. Doczyta\u0142am, w jakie wa\u0142ki i p\u0119dzle powinnam si\u0119 zaopatrzy\u0107.<\/p>\n<p>22.10.2014 &#8211; umowa z dostawc\u0105 kabl\u00f3wki podpisana.<\/p>\n<p>25.10.2014 &#8211; kolejne zakupy w Leroy Merlin.<br \/>\nPrzy okazji opowie\u015b\u0107 genderowa:<br \/>\nUstawi\u0142a si\u0119 baba w kolejce do kasy. W koszyku folia malarska, p\u0119dzle, wa\u0142ek, ta\u015bma maskuj\u0105ca i par\u0119 innych drobiazg\u00f3w. Momencik p\u00f3\u017aniej za bab\u0105 ustawi\u0142 si\u0119 niewiele od baby starszy, zupe\u0142nie babie obcy facet, dzier\u017c\u0105c w d\u0142oniach plastikowe rury.<br \/>\nPytanie pani na kasie: Maj\u0105 pa\u0144stwo kart\u0119 Leroy Merlin?<br \/>\nBaba i facet [ch\u00f3ralnie]: My jeste\u015bmy osobno.<br \/>\nZnaczy baba nie mo\u017ce samodzielnie przep\u0142aci\u0107 za materia\u0142y malarskie?<br \/>\n\ud83d\ude09<\/p>\n<p>27.10.2014 &#8211; prawdopodobnie ostatnie zakupy w Leroy&#8217;u: ma\u0142y wa\u0142ek z r\u0105czk\u0105 do \u0142azienki, zapas du\u017cego wa\u0142ka (w sensie sam wa\u0142ek, bez r\u0105czki, bo kupi\u0142am wcze\u015bniej) i papier \u015bcierny. I chyba co\u015b jeszcze. Tak czy siak, reszt\u0119 narz\u0119dzi, mam nadziej\u0119, wys\u0119pi\u0119 od Rodziciela.<\/p>\n<p>3.11.2014 &#8211; wys\u0119pienie od rodzic\u00f3w dosz\u0142o do skutku.<\/p>\n<p>5.11.2014 &#8211; pierwsze powa\u017cniejsze dzia\u0142ania: zmatowienie powierzchni b\u0142yszcz\u0105cej farby w \u0142azience, mycie \u015bcian w \u0142azience, pocz\u0105tki sprz\u0105tania pokoju dziennego.<\/p>\n<p>6.11.2014 &#8211; zaszpachlowanie zb\u0119dnych dziur w \u0142azience. Opr\u00f3\u017cnienie rega\u0142\u00f3w na ksi\u0105\u017cki i filmy w pokoju dziennym.<\/p>\n<p>7.11.2014 &#8211; opr\u00f3\u017cnianie kuchni.<\/p>\n<p>9.11.2014 &#8211; czas start &#8211; przestawianie mebli, oklejanie wszystkiego foli\u0105 (kafelk\u00f3w w \u0142azience, mebli i pod\u0142ogi w salonie, w\u0142\u0105cznik\u00f3w \u015bwiat\u0142a i gniazdek elektrycznych),\u00a0gruntowanie \u015bcian w \u0142azience, mycie \u015bcian w salonie, szpachlowanie dziur w salonie. Przy okazji wkurw pt. ale by mi si\u0119 jaki\u015b facet przyda\u0142 do tego durnego klejenia, kt\u00f3ry przeszed\u0142 we wkurw pt. na choler\u0119 mi facet??? przy przewracaniu rega\u0142u na bok.<\/p>\n<p>10.11.2014 &#8211; malowanie sufit\u00f3w wsz\u0119dzie (w salonie dwa razy, a i tak wysz\u0142o do kitu), malowanie cz\u0119\u015bci \u015bcian w salonie (mi\u0119dzy szafkami kuchennymi a blatem), malowanie \u015bcian w \u0142azience, sprz\u0105tanie \u0142azienki, gruntowanie wcze\u015bniej zaszpachlowanych \u015bcian w salonie. Przy okazji kolejny wkurw, z r\u00f3\u017cnych powod\u00f3w. Hormonalno-towarzyskich g\u0142\u00f3wnie.<br \/>\nWieczorem stwierdzi\u0142am, \u017ce nowy kolor w pokoju dziennym wychodzi chyba zbyt \u017car\u00f3wiasty, ponadto kole\u017canka na FB zdo\u0142owa\u0142a mnie na jego temat tak, \u017ce si\u0119 porycza\u0142am i p\u00f3\u017aniej nie mog\u0142am spa\u0107 w nocy.<\/p>\n<p>11.11.2014 &#8211; stwierdzi\u0142am, \u017ce jednak mam gdzie\u015b opini\u0119 kole\u017canki na temat koloru \u015bcian. Trzeci raz pomalowa\u0142am \u015bciany w \u0142azience, smarn\u0119\u0142am wszystkie w pokoju dziennym (niekt\u00f3re, przemalowywane z ciemniejszego koloru, pomalowa\u0142am trzykrotnie w zaleconym odst\u0119pie czasowym mi\u0119dzy warstwami). Sprz\u0105tanie i poprawki w \u0142azience. Sprz\u0105tanie i poprawki w pokoju dziennym. Zerwanie folii malarskiej z pod\u0142ogi, odkurzenie. Wypuszczenie kot\u00f3w z sypialni &#8211; sp\u0119dzi\u0142y w niej prawie 3 dni (zamkni\u0119te ko\u0142o po\u0142udnia 9.11., uwolnione wieczorem 11.11.), z szoku \u0142azi\u0142y po mieszkaniu w wersji niskopod\u0142ogowej ;).<br \/>\nPonowne rozk\u0142adanie mebli i g\u0142o\u015bnik\u00f3w zestawu kina domowego w salonie w planie na czwartek i pi\u0105tek. Dzisiaj zwyczajnie ju\u017c mi si\u0119 nie chce, a jutro jestem ca\u0142y dzie\u0144 w pracy.<\/p>\n<p>Nie wysz\u0142o idealnie. Tu zaciek, tam plama, sufit w og\u00f3le wyszed\u0142 beznadziejnie, bo farba nie chcia\u0142a kry\u0107, a wa\u0142ek si\u0119 kr\u0119ci\u0107 na wysi\u0119gniku. Bia\u0142y pas pod sufitem troch\u0119 nier\u00f3wny&#8230; Ale to m\u00f3j malarski debiut. Nigdy wcze\u015bniej tego nie robi\u0142am. Opiera\u0142am si\u0119 na artyku\u0142ach na stronach sklep\u00f3w typu Leroy Merlin i na wcze\u015bniejszych obserwacjach przy tego typu pracach w domu. W dodatku\u00a0robi\u0142am to zupe\u0142nie sama. Nast\u0119pnym razem po prostu wynajm\u0119 ekip\u0119&#8230;<\/p>\n<p>Mieszkanie na 3 (najwy\u017cszym) pi\u0119trze, w mieszkaniu na \u015brodku (czyli mam s\u0105siad\u00f3w z dw\u00f3ch\u00a0stron) ma pewn\u0105, niezaprzeczaln\u0105 zalet\u0119. Ogrzewanie mam pod\u0142ogowe. Boj\u0105c si\u0119, \u017ce z folii na pod\u0142odze zrobi si\u0119 balon, ogrzewanie wy\u0142\u0105czy\u0142am. Praktycznie ca\u0142y czas mia\u0142am uchylone przynajmniej jedno okno. Mimo wszystko ca\u0142y czas by\u0142o mi ciep\u0142o. Owszem, wymachiwanie p\u0119dzlem i wa\u0142kiem pewnie przyczynia\u0142o si\u0119 do tego uczucia, ale\u00a0podczas przerw by\u0142o mi komfortowo.<\/p>\n<p>Dzisiaj wreszcie, po raz pierwszy od trzech dni&#8230; wezm\u0119 prysznic. \ud83d\ude09<\/p>\n","protected":false},"excerpt":{"rendered":"<p>[Wst\u0119p napisany 17.10.2014, p\u00f3\u017aniej wpis aktualizowany na bie\u017c\u0105co] Mieszkam w obecnym\u00a0mieszkaniu ponad 2 lata. To nie by\u0142 m\u00f3j wyb\u00f3r, by tu zamieszka\u0107,\u00a0w sensie to nie by\u0142a swobodnie podj\u0119ta decyzja, tylko sytuacja wynik\u0142a z r\u00f3\u017cnych wskaza\u0144 \u017cyciowych. Tak czy siak, przez te dwa lata ze \u015bredni\u0105 akceptacj\u0105 patrza\u0142am na przybrudzone \u015bciany w pokoju dziennym i wybitnie [&hellip;]<\/p>\n","protected":false},"author":2,"featured_media":0,"comment_status":"open","ping_status":"open","sticky":false,"template":"","format":"standard","meta":{"footnotes":""},"categories":[5],"tags":[86,107,141],"class_list":["post-647","post","type-post","status-publish","format-standard","hentry","category-osobiste","tag-mieszkanie","tag-osobiste-2","tag-remont"],"_links":{"self":[{"href":"http:\/\/thekfiles.pl\/index.php?rest_route=\/wp\/v2\/posts\/647","targetHints":{"allow":["GET"]}}],"collection":[{"href":"http:\/\/thekfiles.pl\/index.php?rest_route=\/wp\/v2\/posts"}],"about":[{"href":"http:\/\/thekfiles.pl\/index.php?rest_route=\/wp\/v2\/types\/post"}],"author":[{"embeddable":true,"href":"http:\/\/thekfiles.pl\/index.php?rest_route=\/wp\/v2\/users\/2"}],"replies":[{"embeddable":true,"href":"http:\/\/thekfiles.pl\/index.php?rest_route=%2Fwp%2Fv2%2Fcomments&post=647"}],"version-history":[{"count":0,"href":"http:\/\/thekfiles.pl\/index.php?rest_route=\/wp\/v2\/posts\/647\/revisions"}],"wp:attachment":[{"href":"http:\/\/thekfiles.pl\/index.php?rest_route=%2Fwp%2Fv2%2Fmedia&parent=647"}],"wp:term":[{"taxonomy":"category","embeddable":true,"href":"http:\/\/thekfiles.pl\/index.php?rest_route=%2Fwp%2Fv2%2Fcategories&post=647"},{"taxonomy":"post_tag","embeddable":true,"href":"http:\/\/thekfiles.pl\/index.php?rest_route=%2Fwp%2Fv2%2Ftags&post=647"}],"curies":[{"name":"wp","href":"https:\/\/api.w.org\/{rel}","templated":true}]}}