{"id":62,"date":"2014-01-11T15:19:34","date_gmt":"2014-01-11T14:19:34","guid":{"rendered":"http:\/\/thekfiles.pl\/?p=62"},"modified":"2014-01-11T15:19:34","modified_gmt":"2014-01-11T14:19:34","slug":"dzieciecia-madrzejsze-od-rodzicow","status":"publish","type":"post","link":"http:\/\/thekfiles.pl\/?p=62","title":{"rendered":"Dzieci\u0119cia m\u0105drzejsze od rodzic\u00f3w"},"content":{"rendered":"<p>Dzieci\u0119 p\u0142ci m\u0119skiej, lat 8. Opuch\u0142o. Podobno pierwszy raz na fotelu (jak s\u0142ysz\u0119 co\u015b takiego, to mi si\u0119 lampka ostrzegaj\u0105ca przed gruzem w\u0142\u0105cza).<\/p>\n<p>Mamusia zadbana, dobrze ubrana, \u0142adny makija\u017c. Dzieci\u0119 te\u017c zadbane, z wyj\u0105tkiem tej nieco p\u00f3\u017anej inicjacji dentystycznej.<\/p>\n<p>Dzieci generalnie leczy\u0107 nie lubi\u0119 ze wzgl\u0119du na ich nieprzewidywalno\u015b\u0107. Zazwyczaj zaczynam tak samo, dzieci\u0119 siada, ja siadam, zak\u0142adam r\u0119kawiczki i maseczk\u0119, podnosz\u0119 fotel. W\u0142\u0105czam lamp\u0119, chwytam lusterko, pokazuj\u0119 dzieci\u0119ciu, informuj\u0119, \u017ce obejrz\u0119 sobie z\u0105bki. Cz\u0119sto ten etap jest wyznacznikiem dalszej wsp\u00f3\u0142pracy &#8211; je\u015bli pacjent od razu zacznie protestowa\u0107, to lekko nie b\u0119dzie. Ale nie zawsze, pozory myl\u0105. Tym razem uzyskuj\u0119 pe\u0142en widok mieszanego &#8211; mleczno-sta\u0142ego &#8211; garnituru uz\u0119bienia.<\/p>\n<p>Znajduj\u0119 sprawc\u0119 opuchlizny. Mleczak z dziur\u0105. Chwytam badyla\u00a0(zg\u0142\u0119bnik), grzebi\u0119 troch\u0119 w dziurze, pytam, czy dokuczam. Nie dokuczam. Wyp\u0142ywa troch\u0119 ropy. Opisuj\u0105c czynno\u015bci montuj\u0119 wiert\u0142o na turbinie, informuj\u0119, \u017ce b\u0119dzie &#8222;piszcze\u0107, dmucha\u0107, la\u0107 wod\u0105 i wygania\u0107 brudy z z\u0119ba&#8221;, prezentuj\u0119 owo piszczenie i lanie wod\u0105, pokazuj\u0119 \u015blinoci\u0105g, kt\u00f3ry t\u0119 pow\u00f3d\u017a z buzi b\u0119dzie wyci\u0105ga\u0142, prosz\u0119 o szerokie otwarcie paszczy.<\/p>\n<p>Poszerzenie dziury przebiega bez zb\u0119dnych efekt\u00f3w d\u017awi\u0119kowych i innych specjalnych. Wyp\u0142ywa troch\u0119 wi\u0119cej ropy. Na pytanie asystentki dzieci\u0119 potwierdza, \u017ce jest lepiej. Umawiamy si\u0119 na ekstrakcj\u0119 za kilka dni.<\/p>\n<p>Na koniec wizyty okazuje si\u0119, \u017ce to dzieci\u0119 chcia\u0142o przyj\u015b\u0107 do dentysty. Mamusia by sobie darowa\u0142a, skoro ropa zacz\u0119\u0142a schodzi\u0107.<\/p>\n<p>Mamusia wyra\u017anie bardziej spanikowana od dzieci\u0119cia, kt\u00f3ry podszed\u0142 do ca\u0142ej sprawy z dzieci\u0119c\u0105 ciekawo\u015bci\u0105 i niczym wi\u0119cej. Owszem, mama musia\u0142a by\u0107 blisko, ale nie trzeba go by\u0142o nawet za r\u0119k\u0119 trzyma\u0107.<\/p>\n<p>Zalecenia dostali oboje &#8211; mama ode mnie, dzieci\u0119 od asystentki. Podobno do kwestii wyd\u0142ubywania sobie z dziury resztek jedzenia podesz\u0142o bardzo powa\u017cnie.<\/p>\n<p>Wszystko przebieg\u0142o fajnie, bez problemu, chocia\u017c postawa mamu\u015bki z \u0142atwo\u015bci\u0105 mog\u0142a spowodowa\u0107, \u017ce mia\u0142yby\u015bmy zdarte b\u0119benki bez wzgl\u0119du na to, co bym dzieci\u0119ciu robi\u0142a. No bo jak mama si\u0119 boi, to pewnie jest strasznie. A nie by\u0142o.<\/p>\n<p>I mam nadziej\u0119, \u017ce nie b\u0119dzie.<\/p>\n","protected":false},"excerpt":{"rendered":"<p>Dzieci\u0119 p\u0142ci m\u0119skiej, lat 8. Opuch\u0142o. Podobno pierwszy raz na fotelu (jak s\u0142ysz\u0119 co\u015b takiego, to mi si\u0119 lampka ostrzegaj\u0105ca przed gruzem w\u0142\u0105cza). Mamusia zadbana, dobrze ubrana, \u0142adny makija\u017c. Dzieci\u0119 te\u017c zadbane, z wyj\u0105tkiem tej nieco p\u00f3\u017anej inicjacji dentystycznej. Dzieci generalnie leczy\u0107 nie lubi\u0119 ze wzgl\u0119du na ich nieprzewidywalno\u015b\u0107. Zazwyczaj zaczynam tak samo, dzieci\u0119 siada, [&hellip;]<\/p>\n","protected":false},"author":2,"featured_media":0,"comment_status":"open","ping_status":"open","sticky":false,"template":"","format":"standard","meta":{"footnotes":""},"categories":[6],"tags":[37,47,127],"class_list":["post-62","post","type-post","status-publish","format-standard","hentry","category-praca","tag-dentofobia","tag-dziecko-jako-pacjent","tag-praca-2"],"_links":{"self":[{"href":"http:\/\/thekfiles.pl\/index.php?rest_route=\/wp\/v2\/posts\/62","targetHints":{"allow":["GET"]}}],"collection":[{"href":"http:\/\/thekfiles.pl\/index.php?rest_route=\/wp\/v2\/posts"}],"about":[{"href":"http:\/\/thekfiles.pl\/index.php?rest_route=\/wp\/v2\/types\/post"}],"author":[{"embeddable":true,"href":"http:\/\/thekfiles.pl\/index.php?rest_route=\/wp\/v2\/users\/2"}],"replies":[{"embeddable":true,"href":"http:\/\/thekfiles.pl\/index.php?rest_route=%2Fwp%2Fv2%2Fcomments&post=62"}],"version-history":[{"count":0,"href":"http:\/\/thekfiles.pl\/index.php?rest_route=\/wp\/v2\/posts\/62\/revisions"}],"wp:attachment":[{"href":"http:\/\/thekfiles.pl\/index.php?rest_route=%2Fwp%2Fv2%2Fmedia&parent=62"}],"wp:term":[{"taxonomy":"category","embeddable":true,"href":"http:\/\/thekfiles.pl\/index.php?rest_route=%2Fwp%2Fv2%2Fcategories&post=62"},{"taxonomy":"post_tag","embeddable":true,"href":"http:\/\/thekfiles.pl\/index.php?rest_route=%2Fwp%2Fv2%2Ftags&post=62"}],"curies":[{"name":"wp","href":"https:\/\/api.w.org\/{rel}","templated":true}]}}