{"id":617,"date":"2014-09-08T18:43:39","date_gmt":"2014-09-08T16:43:39","guid":{"rendered":"http:\/\/thekfiles.pl\/?p=617"},"modified":"2014-09-08T18:43:39","modified_gmt":"2014-09-08T16:43:39","slug":"padam-na-twarz","status":"publish","type":"post","link":"http:\/\/thekfiles.pl\/?p=617","title":{"rendered":"Padam na twarz"},"content":{"rendered":"<p>Wspomniane jaki\u015b czas temu expienie czy te\u017c levelowanie w g\u00f3r\u0119 kosztowa\u0142o mnie kilka nieprzespanych nocy i wyrzut\u00f3w sumienia. Psychiczne zm\u0119czenie ca\u0142\u0105 spraw\u0105 &#8211; mimo jej zako\u0144czenia &#8211; ci\u0105gnie si\u0119 za mn\u0105 od po\u0142owy sierpnia. Mam do\u015b\u0107, jestem zm\u0119czona, mam ochot\u0119 raz nie wsta\u0107 w poniedzia\u0142ek do pracy.<\/p>\n<p>Drugi szef do\u0142o\u017cy\u0142 zwi\u0119kszenie mi godzin od pa\u017adziernika z powod\u00f3w \u017cyciowych, dla mnie to oznacza tylko jedno popo\u0142udnie w tygodniu wolne. Ma to swoje plusy, ale nie mam si\u0142y o nich my\u015ble\u0107.<\/p>\n<p>Podliczy\u0142am wydane z NFZtu punkty, okaza\u0142o si\u0119, \u017ce w sumie jestem na plusie (przekroczy\u0142am osobisty, wewn\u0105trzpracowy limit). Kiedy jaki\u015b czas temu zdradzi\u0142am asystentkom, \u017ce chc\u0119 wzi\u0105\u0107 dodatkowych kilka dni urlopu, w sumie si\u0119 ucieszy\u0142y. Szefa interesowa\u0142\u00a0tylko stan punkt\u00f3w z NFZ, jak mu powiedzia\u0142am, \u017ce si\u0119 wyrabiam, to stwierdzi\u0142, \u017ce mam tylko zaznaczy\u0107 w grafiku wybrany termin wolnego.<\/p>\n<p>To zm\u0119czenie podobno po mnie ju\u017c nawet wida\u0107.<\/p>\n<p>Jeszcze 5 dni roboczych. Jakie\u015b 32 godziny pracy. I miniurlop.<\/p>\n<p>4 dni. No, mo\u017ce 5, od niedzieli do czwartku. W pi\u0105tek do pracy. Potem weekend wolny.<\/p>\n<p>Wszystko fajnie pi\u0119knie, ale nie b\u0119dzie opierdzielania si\u0119, bo w moim Nissanie powoli sypie si\u0119 zawieszenie i to idealna okazja, \u017ceby si\u0119 za to zabra\u0107.<\/p>\n<p>Ale.<\/p>\n<p>ALE.<\/p>\n<p>Ale w poniedzia\u0142ek nie b\u0119d\u0119 musia\u0142a wsta\u0107 rano do pracy.<\/p>\n<p>Im bli\u017cej tego wolnego, tym ci\u0119\u017cej mi si\u0119 zebra\u0107.<\/p>\n","protected":false},"excerpt":{"rendered":"<p>Wspomniane jaki\u015b czas temu expienie czy te\u017c levelowanie w g\u00f3r\u0119 kosztowa\u0142o mnie kilka nieprzespanych nocy i wyrzut\u00f3w sumienia. Psychiczne zm\u0119czenie ca\u0142\u0105 spraw\u0105 &#8211; mimo jej zako\u0144czenia &#8211; ci\u0105gnie si\u0119 za mn\u0105 od po\u0142owy sierpnia. Mam do\u015b\u0107, jestem zm\u0119czona, mam ochot\u0119 raz nie wsta\u0107 w poniedzia\u0142ek do pracy. Drugi szef do\u0142o\u017cy\u0142 zwi\u0119kszenie mi godzin od pa\u017adziernika [&hellip;]<\/p>\n","protected":false},"author":2,"featured_media":0,"comment_status":"open","ping_status":"open","sticky":false,"template":"","format":"standard","meta":{"footnotes":""},"categories":[6],"tags":[127,173,203],"class_list":["post-617","post","type-post","status-publish","format-standard","hentry","category-praca","tag-praca-2","tag-urlop","tag-zmeczenie"],"_links":{"self":[{"href":"http:\/\/thekfiles.pl\/index.php?rest_route=\/wp\/v2\/posts\/617","targetHints":{"allow":["GET"]}}],"collection":[{"href":"http:\/\/thekfiles.pl\/index.php?rest_route=\/wp\/v2\/posts"}],"about":[{"href":"http:\/\/thekfiles.pl\/index.php?rest_route=\/wp\/v2\/types\/post"}],"author":[{"embeddable":true,"href":"http:\/\/thekfiles.pl\/index.php?rest_route=\/wp\/v2\/users\/2"}],"replies":[{"embeddable":true,"href":"http:\/\/thekfiles.pl\/index.php?rest_route=%2Fwp%2Fv2%2Fcomments&post=617"}],"version-history":[{"count":0,"href":"http:\/\/thekfiles.pl\/index.php?rest_route=\/wp\/v2\/posts\/617\/revisions"}],"wp:attachment":[{"href":"http:\/\/thekfiles.pl\/index.php?rest_route=%2Fwp%2Fv2%2Fmedia&parent=617"}],"wp:term":[{"taxonomy":"category","embeddable":true,"href":"http:\/\/thekfiles.pl\/index.php?rest_route=%2Fwp%2Fv2%2Fcategories&post=617"},{"taxonomy":"post_tag","embeddable":true,"href":"http:\/\/thekfiles.pl\/index.php?rest_route=%2Fwp%2Fv2%2Ftags&post=617"}],"curies":[{"name":"wp","href":"https:\/\/api.w.org\/{rel}","templated":true}]}}