{"id":445,"date":"2010-10-31T21:05:55","date_gmt":"2010-10-31T20:05:55","guid":{"rendered":"http:\/\/thekfiles.pl\/?p=445"},"modified":"2010-10-31T21:05:55","modified_gmt":"2010-10-31T20:05:55","slug":"z-tym-spaniem-dluzej-to-bujda","status":"publish","type":"post","link":"http:\/\/thekfiles.pl\/?p=445","title":{"rendered":"Z tym spaniem d\u0142u\u017cej to bujda"},"content":{"rendered":"<p style=\"color: #000000;\">Jak si\u0119 ma dobrze nastawiony zegar biologiczny na wstawanie rano (w sensie zazwyczaj wstaj\u0119 o tej samej porze, ewentualne r\u00f3\u017cnice mi\u0119dzy dniami wynosz\u0105 max 2 godziny), to si\u0119 w niedziel\u0119 po zmianie czasu wcale nie \u015bpi d\u0142u\u017cej, tylko wstaje zegarowo o t\u0119 godzin\u0119 wcze\u015bniej.<\/p>\n<p style=\"color: #000000;\">Najwy\u017cej z niedzieli na poniedzia\u0142ek mo\u017cna to odespa\u0107. Bo w sumie zachciewa si\u0119 spa\u0107 wcze\u015bniej. Ze zm\u0119czenia, bo si\u0119 wsta\u0142o o 7:30, zamiast o 8:30 ;).<\/p>\n<p style=\"color: #000000;\">Mi tam wsio ryba. I tak z popo\u0142udni\u00f3wek wracam ju\u017c po ciemku, a za chwil\u0119 i rano b\u0119dzie ciemno&#8230;<\/p>\n<p style=\"color: #000000;\">Nie przeszkadza Wam to, \u017ce tak cz\u0119sto zmieniam klimat notek? Najpierw agresywnie, potem melancholijnie, teraz znowu z lekka bez sensu&#8230;<\/p>\n","protected":false},"excerpt":{"rendered":"<p>Jak si\u0119 ma dobrze nastawiony zegar biologiczny na wstawanie rano (w sensie zazwyczaj wstaj\u0119 o tej samej porze, ewentualne r\u00f3\u017cnice mi\u0119dzy dniami wynosz\u0105 max 2 godziny), to si\u0119 w niedziel\u0119 po zmianie czasu wcale nie \u015bpi d\u0142u\u017cej, tylko wstaje zegarowo o t\u0119 godzin\u0119 wcze\u015bniej. Najwy\u017cej z niedzieli na poniedzia\u0142ek mo\u017cna to odespa\u0107. Bo w sumie [&hellip;]<\/p>\n","protected":false},"author":2,"featured_media":0,"comment_status":"open","ping_status":"open","sticky":false,"template":"","format":"standard","meta":{"footnotes":""},"categories":[2,5],"tags":[18,107,204],"class_list":["post-445","post","type-post","status-publish","format-standard","hentry","category-archiwum","category-osobiste","tag-archiwalne","tag-osobiste-2","tag-zmiana-czasu"],"_links":{"self":[{"href":"http:\/\/thekfiles.pl\/index.php?rest_route=\/wp\/v2\/posts\/445","targetHints":{"allow":["GET"]}}],"collection":[{"href":"http:\/\/thekfiles.pl\/index.php?rest_route=\/wp\/v2\/posts"}],"about":[{"href":"http:\/\/thekfiles.pl\/index.php?rest_route=\/wp\/v2\/types\/post"}],"author":[{"embeddable":true,"href":"http:\/\/thekfiles.pl\/index.php?rest_route=\/wp\/v2\/users\/2"}],"replies":[{"embeddable":true,"href":"http:\/\/thekfiles.pl\/index.php?rest_route=%2Fwp%2Fv2%2Fcomments&post=445"}],"version-history":[{"count":0,"href":"http:\/\/thekfiles.pl\/index.php?rest_route=\/wp\/v2\/posts\/445\/revisions"}],"wp:attachment":[{"href":"http:\/\/thekfiles.pl\/index.php?rest_route=%2Fwp%2Fv2%2Fmedia&parent=445"}],"wp:term":[{"taxonomy":"category","embeddable":true,"href":"http:\/\/thekfiles.pl\/index.php?rest_route=%2Fwp%2Fv2%2Fcategories&post=445"},{"taxonomy":"post_tag","embeddable":true,"href":"http:\/\/thekfiles.pl\/index.php?rest_route=%2Fwp%2Fv2%2Ftags&post=445"}],"curies":[{"name":"wp","href":"https:\/\/api.w.org\/{rel}","templated":true}]}}