{"id":405,"date":"2010-10-05T20:33:52","date_gmt":"2010-10-05T18:33:52","guid":{"rendered":"http:\/\/thekfiles.pl\/?p=405"},"modified":"2010-10-05T20:33:52","modified_gmt":"2010-10-05T18:33:52","slug":"pani-doktor-moje-dziecko-ma-szpary-miedzy-zebami","status":"publish","type":"post","link":"http:\/\/thekfiles.pl\/?p=405","title":{"rendered":"Pani doktor, moje dziecko ma szpary mi\u0119dzy z\u0119bami!"},"content":{"rendered":"<p><span style=\"text-decoration: underline;\">Sytuacja pierwsza:<\/span><br \/>\nrzeczone dziecko ma 2-3 lata, wszystkie z\u0119by mleczne, szpary (tremy) wyst\u0119puj\u0105 mi\u0119dzy siekaczami bocznymi a k\u0142ami w szcz\u0119ce oraz mi\u0119dzy k\u0142ami i pierwszymi trzonowcami w \u017cuchwie.<br \/>\nOdpowied\u017a: to norma. Taka sytuacja pomaga w ustaleniu si\u0119 prawid\u0142owego zgryzu po wymianie z\u0119b\u00f3w na sta\u0142e. Nie leczymy ortodontycznie, cieszymy si\u0119.<\/p>\n<p><span style=\"text-decoration: underline;\">Sytuacja druga:<\/span><br \/>\ndziecko ma ok. 5-6 lat, wszystkie z\u0119by mleczne, szpary mi\u0119dzy wszystkimi z\u0119bami.<br \/>\nOdpowied\u017a: to te\u017c norma. Ko\u015bci szcz\u0119k si\u0119 rozros\u0142y, w przeciwie\u0144stwie do mleczak\u00f3w. Powsta\u0142y wi\u0119c szpary. Z\u0119by sta\u0142e s\u0105 wi\u0119ksze od mlecznych, wi\u0119c potrzebuj\u0105 wi\u0119cej miejsca. Nie leczymy ortodontycznie, czekamy na z\u0119by sta\u0142e.<\/p>\n<p><span style=\"text-decoration: underline;\">Sytuacja trzecia:<\/span><br \/>\ndziecko ma ok. 9 lat, wyrzni\u0119te siekacze sta\u0142e, k\u0142y jeszcze mleczne, szpara (diastema) jest mi\u0119dzy g\u00f3rnymi jedynkami.<br \/>\nOdpowied\u017a: czekamy do wyrzni\u0119cia si\u0119 k\u0142\u00f3w sta\u0142ych. Szpara mo\u017ce si\u0119 wtedy zamkn\u0105\u0107 samoistnie. Jest to tzw. diastema fizjologiczna.<\/p>\n<p><span style=\"text-decoration: underline;\">Sytuacja czwarta:<\/span><br \/>\ndziecko ma ok. 12 lat, tr\u00f3jki wyros\u0142y przynajmniej do po\u0142owy d\u0142ugo\u015bci korony, diastema pozostaje.<br \/>\nOdpowied\u017a 1: robimy zdj\u0119cie RTG. Mo\u017ce mi\u0119dzy jedynkami rozwin\u0105\u0142 si\u0119 z\u0105b dodatkowy, tzw. mesiodens. Je\u015bli to on jest przyczyn\u0105 diastemy (wtedy nazywanej rzekom\u0105), nale\u017cy go usun\u0105\u0107 chirurgicznie, za\u015b szpar\u0119 zamkn\u0105\u0107 ortodontycznie.<br \/>\nOdpowied\u017a 2: by\u0107 mo\u017ce jest przero\u015bni\u0119te w\u0119dzide\u0142ko wargi g\u00f3rnej. Jego w\u0142\u00f3kna wnikaj\u0105 mi\u0119dzy z\u0119by. W tej sytuacji nale\u017cy podci\u0105\u0107 w\u0119dzide\u0142ko. Taka diastema (zwana prawdziw\u0105) r\u00f3wnie\u017c wymaga interwencji ortodontycznej.<\/p>\n<p><span style=\"text-decoration: underline;\">Sytuacja pi\u0105ta:<\/span><br \/>\ndziecko wyros\u0142o, ma stwierdzony brak zawi\u0105zk\u00f3w niekt\u00f3rych z\u0119b\u00f3w.<br \/>\nOdpowied\u017a: leczenie w takim wypadku wymaga specjalistycznej wsp\u00f3\u0142pracy ortodonty i protetyka.<\/p>\n<p>To s\u0105 g\u0142\u00f3wne przyczyny szpar mi\u0119dzy z\u0119bami. \u017bycie jest jednak pomys\u0142owe i mo\u017ce mie\u0107 jeszcze inn\u0105 koncepcj\u0119. Takie przypadki s\u0105 rozpatrywane indywidualnie.<\/p>\n","protected":false},"excerpt":{"rendered":"<p>Sytuacja pierwsza: rzeczone dziecko ma 2-3 lata, wszystkie z\u0119by mleczne, szpary (tremy) wyst\u0119puj\u0105 mi\u0119dzy siekaczami bocznymi a k\u0142ami w szcz\u0119ce oraz mi\u0119dzy k\u0142ami i pierwszymi trzonowcami w \u017cuchwie. Odpowied\u017a: to norma. Taka sytuacja pomaga w ustaleniu si\u0119 prawid\u0142owego zgryzu po wymianie z\u0119b\u00f3w na sta\u0142e. Nie leczymy ortodontycznie, cieszymy si\u0119. Sytuacja druga: dziecko ma ok. 5-6 [&hellip;]<\/p>\n","protected":false},"author":2,"featured_media":0,"comment_status":"open","ping_status":"open","sticky":false,"template":"","format":"standard","meta":{"footnotes":""},"categories":[2,4],"tags":[18,60,156],"class_list":["post-405","post","type-post","status-publish","format-standard","hentry","category-archiwum","category-informacje","tag-archiwalne","tag-informacje-2","tag-stomatologia"],"_links":{"self":[{"href":"http:\/\/thekfiles.pl\/index.php?rest_route=\/wp\/v2\/posts\/405","targetHints":{"allow":["GET"]}}],"collection":[{"href":"http:\/\/thekfiles.pl\/index.php?rest_route=\/wp\/v2\/posts"}],"about":[{"href":"http:\/\/thekfiles.pl\/index.php?rest_route=\/wp\/v2\/types\/post"}],"author":[{"embeddable":true,"href":"http:\/\/thekfiles.pl\/index.php?rest_route=\/wp\/v2\/users\/2"}],"replies":[{"embeddable":true,"href":"http:\/\/thekfiles.pl\/index.php?rest_route=%2Fwp%2Fv2%2Fcomments&post=405"}],"version-history":[{"count":0,"href":"http:\/\/thekfiles.pl\/index.php?rest_route=\/wp\/v2\/posts\/405\/revisions"}],"wp:attachment":[{"href":"http:\/\/thekfiles.pl\/index.php?rest_route=%2Fwp%2Fv2%2Fmedia&parent=405"}],"wp:term":[{"taxonomy":"category","embeddable":true,"href":"http:\/\/thekfiles.pl\/index.php?rest_route=%2Fwp%2Fv2%2Fcategories&post=405"},{"taxonomy":"post_tag","embeddable":true,"href":"http:\/\/thekfiles.pl\/index.php?rest_route=%2Fwp%2Fv2%2Ftags&post=405"}],"curies":[{"name":"wp","href":"https:\/\/api.w.org\/{rel}","templated":true}]}}