{"id":3239,"date":"2026-02-22T17:15:29","date_gmt":"2026-02-22T16:15:29","guid":{"rendered":"http:\/\/thekfiles.pl\/?p=3239"},"modified":"2026-02-22T17:15:29","modified_gmt":"2026-02-22T16:15:29","slug":"newsy-z-zycia","status":"publish","type":"post","link":"http:\/\/thekfiles.pl\/?p=3239","title":{"rendered":"Newsy z \u017cycia"},"content":{"rendered":"\n<p>Przepraszam za brak wpisu w styczniu i nieomal\u017ce r\u00f3wnie\u017c w lutym.<\/p>\n\n\n\n<p>Newsy s\u0105 dwa.<\/p>\n\n\n\n<p>Po pierwsze:<\/p>\n\n\n\n<p>od listopada mam drugiego kota. Kot wygl\u0105da tak:<\/p>\n\n\n\n<figure class=\"wp-block-image size-large\"><img loading=\"lazy\" decoding=\"async\" width=\"989\" height=\"1024\" src=\"http:\/\/thekfiles.pl\/wp-content\/uploads\/2026\/02\/IMG_20260222_165255-989x1024.jpg\" alt=\"\" class=\"wp-image-3240\" srcset=\"http:\/\/thekfiles.pl\/wp-content\/uploads\/2026\/02\/IMG_20260222_165255-989x1024.jpg 989w, http:\/\/thekfiles.pl\/wp-content\/uploads\/2026\/02\/IMG_20260222_165255-290x300.jpg 290w, http:\/\/thekfiles.pl\/wp-content\/uploads\/2026\/02\/IMG_20260222_165255-768x795.jpg 768w, http:\/\/thekfiles.pl\/wp-content\/uploads\/2026\/02\/IMG_20260222_165255-1483x1536.jpg 1483w, http:\/\/thekfiles.pl\/wp-content\/uploads\/2026\/02\/IMG_20260222_165255-1977x2048.jpg 1977w, http:\/\/thekfiles.pl\/wp-content\/uploads\/2026\/02\/IMG_20260222_165255-1200x1243.jpg 1200w, http:\/\/thekfiles.pl\/wp-content\/uploads\/2026\/02\/IMG_20260222_165255-1980x2051.jpg 1980w\" sizes=\"auto, (max-width: 989px) 100vw, 989px\" \/><figcaption class=\"wp-element-caption\">Kot<\/figcaption><\/figure>\n\n\n\n<p>Ma na imi\u0119 Apaszka i ma obecnie ok. 9 miesi\u0119cy. I ma fiu b\u017adziu w g\u0142owie, jak na kociaka trikolork\u0119 przysta\u0142o. Ale mo\u017cna j\u0105 ca\u0142owa\u0107 w r\u00f3\u017cowy nosek, co u Balbiny nie przejdzie, wcale nie dlatego, \u017ce Balbina ma nosek czarny.<\/p>\n\n\n\n<p>Imi\u0119 wymy\u015bli\u0142am ja, bo Apaszka lubi mi si\u0119 wspina\u0107 na cycki, le\u017ce\u0107 na nich i mrucze\u0107. Na imi\u0119 reaguje. Umie te\u017c aportowa\u0107, ale tylko konkretny rodzaj zabawki; problem w tym, \u017ce wszystkie zabawki tego rodzaju zagin\u0119\u0142y w jakiej\u015b czarnej dziurze i chyba b\u0119d\u0119 musia\u0142a poszuka\u0107 nowych.<\/p>\n\n\n\n<p>Z Balbin\u0105 dogaduj\u0105 si\u0119 w stopniu neutralnym. Wi\u0119kszo\u015b\u0107 czasu si\u0119 ignoruj\u0105, par\u0119 razy dziennie s\u0105 zapasy, ale bez krwi i pazur\u00f3w, i sama nie jestem pewna, kt\u00f3ra zaczyna. W por\u00f3wnaniu z poprzedni\u0105 pr\u00f3b\u0105 dokocenia (z nieco starsz\u0105 trikolork\u0105 o roboczym imieniu Karmelka, kt\u00f3ra zaj\u0119\u0142a mi sypialni\u0119 na dwa tygodnie we wrze\u015bniu), kt\u00f3ra sko\u0144czy\u0142a si\u0119 wywiezieniem kota do nowego domu, bo przybyszka innych kot\u00f3w totalnie nie tolerowa\u0142a, s\u0105 to bardzo dobre relacje. Mam nadziej\u0119, \u017ce ulegn\u0105 dalszej poprawie po sterylce Apaszki na pocz\u0105tku marca.<\/p>\n\n\n\n<p>Po drugie (z news\u00f3w):<\/p>\n\n\n\n<p>zabra\u0142am si\u0119 w ko\u0144cu za planowanie mojej podr\u00f3\u017cy na Antypody. Mam bilet lotniczy ze Stambu\u0142u do Melbourne, mam nocleg w Melbourne, loty do i nocleg w Alice Springs, mam jednodniow\u0105 wycieczk\u0119 pod Uluru, mam lot do i nocleg w Sydney. Mam te\u017c plan, co dalej (Nowa Zelandia &#8211; Queenstown, tam wynajem auta, tydzie\u0144 objazd\u00f3wki Wyspy Po\u0142udniowej, potem kilka dni w Wellington, potem troch\u0119 wi\u0119cej dni w Auckland, i stamt\u0105d do domu), ale nie mam bilet\u00f3w i nocleg\u00f3w; musz\u0119 w ko\u0144cu nad tym usi\u0105\u015b\u0107, ale mam nadziej\u0119, \u017ce bilety z Sydney do NZ staniej\u0105, bo na tym si\u0119 zatrzyma\u0142am. Nie mam biletu z Gda\u0144ska do Stambu\u0142u, ale tam codziennie lata LOT i bilet\u00f3w po prostu na ten termin (wrzesie\u0144) jeszcze nie ma.<\/p>\n\n\n\n<p>Teraz swoimi planami wkurzam wszystkich dooko\u0142a.<\/p>\n\n\n\n<p>I to tyle. W tym tygodniu czeka mnie cz\u0119\u015bciowy remont \u0142azienki i naprawa auta. I, szczerze powiedziawszy, co\u015b chyba robi\u0119 nie tak, bo zaczynam si\u0119 zastanawia\u0107, sk\u0105d na to pieni\u0105\u017cki wzi\u0105\u0107. Jako\u015b leci, ale kiedy\u015b lecia\u0142o lepiej i wi\u0119cej kasy na koncie zostawa\u0142o mimo r\u00f3\u017cnych zachcianek.<\/p>\n","protected":false},"excerpt":{"rendered":"<p>Przepraszam za brak wpisu w styczniu i nieomal\u017ce r\u00f3wnie\u017c w lutym. Newsy s\u0105 dwa. Po pierwsze: od listopada mam drugiego kota. Kot wygl\u0105da tak: Ma na imi\u0119 Apaszka i ma obecnie ok. 9 miesi\u0119cy. I ma fiu b\u017adziu w g\u0142owie, jak na kociaka trikolork\u0119 przysta\u0142o. Ale mo\u017cna j\u0105 ca\u0142owa\u0107 w r\u00f3\u017cowy nosek, co u Balbiny [&hellip;]<\/p>\n","protected":false},"author":2,"featured_media":0,"comment_status":"open","ping_status":"open","sticky":false,"template":"","format":"standard","meta":{"footnotes":""},"categories":[5],"tags":[72,107,122],"class_list":["post-3239","post","type-post","status-publish","format-standard","hentry","category-osobiste","tag-koty","tag-osobiste-2","tag-podroze"],"_links":{"self":[{"href":"http:\/\/thekfiles.pl\/index.php?rest_route=\/wp\/v2\/posts\/3239","targetHints":{"allow":["GET"]}}],"collection":[{"href":"http:\/\/thekfiles.pl\/index.php?rest_route=\/wp\/v2\/posts"}],"about":[{"href":"http:\/\/thekfiles.pl\/index.php?rest_route=\/wp\/v2\/types\/post"}],"author":[{"embeddable":true,"href":"http:\/\/thekfiles.pl\/index.php?rest_route=\/wp\/v2\/users\/2"}],"replies":[{"embeddable":true,"href":"http:\/\/thekfiles.pl\/index.php?rest_route=%2Fwp%2Fv2%2Fcomments&post=3239"}],"version-history":[{"count":1,"href":"http:\/\/thekfiles.pl\/index.php?rest_route=\/wp\/v2\/posts\/3239\/revisions"}],"predecessor-version":[{"id":3241,"href":"http:\/\/thekfiles.pl\/index.php?rest_route=\/wp\/v2\/posts\/3239\/revisions\/3241"}],"wp:attachment":[{"href":"http:\/\/thekfiles.pl\/index.php?rest_route=%2Fwp%2Fv2%2Fmedia&parent=3239"}],"wp:term":[{"taxonomy":"category","embeddable":true,"href":"http:\/\/thekfiles.pl\/index.php?rest_route=%2Fwp%2Fv2%2Fcategories&post=3239"},{"taxonomy":"post_tag","embeddable":true,"href":"http:\/\/thekfiles.pl\/index.php?rest_route=%2Fwp%2Fv2%2Ftags&post=3239"}],"curies":[{"name":"wp","href":"https:\/\/api.w.org\/{rel}","templated":true}]}}