{"id":3234,"date":"2025-12-25T21:31:44","date_gmt":"2025-12-25T20:31:44","guid":{"rendered":"http:\/\/thekfiles.pl\/?p=3234"},"modified":"2025-12-25T21:31:44","modified_gmt":"2025-12-25T20:31:44","slug":"wspomnienie-z-grecji","status":"publish","type":"post","link":"http:\/\/thekfiles.pl\/?p=3234","title":{"rendered":"Wspomnienie z Grecji"},"content":{"rendered":"\n<p>By\u0142am w tym roku w kontynentalnej Grecji. W pa\u017adzierniku. Z siostr\u0105 i jej cz\u0119st\u0105 towarzyszk\u0105 podr\u00f3\u017cy, Beat\u0105. Noclegi mia\u0142y\u015bmy w sumie trzy: w Koryncie, Meteorach i Atenach. <\/p>\n\n\n\n<p>Planerk\u0105 i organizatork\u0105 ca\u0142o\u015bci by\u0142a moja siostra, my\u015bmy tylko za ni\u0105 drepta\u0142y jak te kaczuszki ;). Ola te\u017c prowadzi\u0142a nasz samoch\u00f3d wynaj\u0119ty na lotnisku w Atenach &#8211; Peugeota bodaj\u017ce 307, kt\u00f3ry mia\u0142 mie\u0107 automatyczn\u0105 skrzyni\u0119 bieg\u00f3w, ale to akurat by\u0142o k\u0142amstwo. Znaczy skrzynia by\u0142a p\u00f3\u0142automatyczna. Co by\u0142o stresuj\u0105ce na podjazdach, bo zamiast przynajmniej sta\u0107 w miejscu, to si\u0119 potrafi\u0142 toczy\u0107 do ty\u0142u, a miejsca parkingowe bywa\u0142y skromne.<\/p>\n\n\n\n<p>Co do Koryntu, to zacz\u0119\u0142o si\u0119 od tego, \u017ce kilka miesi\u0119cy przed naszym wyjazdem oferta wynaj\u0119tego dla nas lokum (ca\u0142e szcz\u0119\u015bcie, jeszcze nie op\u0142aconego) znikn\u0119\u0142a ze strony Bookingu, a na Googlach zacz\u0119\u0142y si\u0119 pojawia\u0107 opinie m\u00f3wi\u0105ce o overbookingu i odwo\u0142aniach dzie\u0144 wcze\u015bniej. Do Oli dzie\u0144 przed naszym wyjazdem przysz\u0142o potwierdzenie, \u017ce nocleg jest aktualny. Na miejscu okaza\u0142o si\u0119, \u017ce wcale nie, nie pomo\u017cemy wam znale\u017a\u0107 nic innego i g*wno nam zrobisz (Booking nie jest pomocny w takich sytuacjach). Ca\u0142e szcz\u0119\u015bcie, by\u0142 inny wolny hotel, po przeciwleg\u0142ej stronie du\u017cego parkingu, minimalnie dro\u017cszy, nieco ch\u0142odny, ale z boskim \u015bniadaniem z pi\u0119knym widokiem.<\/p>\n\n\n\n<p>Po drodze z Aten zaliczy\u0142y\u015bmy Kana\u0142 Koryncki, kt\u00f3ry na zdj\u0119ciach wygl\u0105da mniej efektownie, ni\u017c na \u017cywo.<\/p>\n\n\n\n<figure class=\"wp-block-image size-thumbnail\"><a href=\"http:\/\/thekfiles.pl\/wp-content\/uploads\/2025\/12\/IMG20251008140907-scaled.jpg\"><img loading=\"lazy\" decoding=\"async\" width=\"150\" height=\"150\" src=\"http:\/\/thekfiles.pl\/wp-content\/uploads\/2025\/12\/IMG20251008140907-150x150.jpg\" alt=\"\" class=\"wp-image-3236\"\/><\/a><figcaption class=\"wp-element-caption\">Kana\u0142 Koryncki<\/figcaption><\/figure>\n\n\n\n<p>W same, du\u017ce ruiny starego Koryntu nie wchodzi\u0142y\u015bmy (&#8222;sam gruz&#8221; &#8211; zreszt\u0105 by\u0142o to stwierdzenie towarzysz\u0105ce nam przez wi\u0119kszo\u015b\u0107 wycieczki \ud83d\ude09 ), tak samo na Akrokorynt, czyli twierdz\u0119 chyba weneck\u0105 nad miasteczkiem, ale podjecha\u0142y\u015bmy tam sobie na zach\u00f3d s\u0142o\u0144ca i by\u0142o pi\u0119knie.<\/p>\n\n\n\n<figure class=\"wp-block-image size-thumbnail\"><a href=\"http:\/\/thekfiles.pl\/wp-content\/uploads\/2025\/12\/IMG20251008184949-scaled.jpg\"><img loading=\"lazy\" decoding=\"async\" width=\"150\" height=\"150\" src=\"http:\/\/thekfiles.pl\/wp-content\/uploads\/2025\/12\/IMG20251008184949-150x150.jpg\" alt=\"\" class=\"wp-image-3228\"\/><\/a><figcaption class=\"wp-element-caption\">Akrokorynt<\/figcaption><\/figure>\n\n\n\n<p>Z Koryntu pojecha\u0142y\u015bmy do Arachowy, czyli kurortu na g\u00f3rze Parnas.<\/p>\n\n\n\n<figure class=\"wp-block-image size-thumbnail\"><a href=\"http:\/\/thekfiles.pl\/wp-content\/uploads\/2025\/12\/IMG20251009131906-scaled.jpg\"><img loading=\"lazy\" decoding=\"async\" width=\"150\" height=\"150\" src=\"http:\/\/thekfiles.pl\/wp-content\/uploads\/2025\/12\/IMG20251009131906-150x150.jpg\" alt=\"\" class=\"wp-image-3229\"\/><\/a><figcaption class=\"wp-element-caption\">Arachowa<\/figcaption><\/figure>\n\n\n\n<p>Stamt\u0105d jest rzut beretem do Delf, gdzie znalaz\u0142y\u015bmy sobie kawiarni\u0119 z pi\u0119knym widokiem, <\/p>\n\n\n\n<figure class=\"wp-block-image size-thumbnail\"><a href=\"http:\/\/thekfiles.pl\/wp-content\/uploads\/2025\/12\/IMG20251009154521-scaled.jpg\"><img loading=\"lazy\" decoding=\"async\" width=\"150\" height=\"150\" src=\"http:\/\/thekfiles.pl\/wp-content\/uploads\/2025\/12\/IMG20251009154521-150x150.jpg\" alt=\"\" class=\"wp-image-3235\"\/><\/a><\/figure>\n\n\n\n<p>ale \u017ale przeczyta\u0142y\u015bmy informacje w Googlach i my\u015bla\u0142y\u015bmy, \u017ce nie zd\u0105\u017cymy zwiedzi\u0107 kompleksu \u015bwi\u0105ty\u0144. P\u00f3\u017aniej si\u0119 okaza\u0142o, \u017ce to tylko muzeum si\u0119 wcze\u015bnie zamyka, na ruiny mo\u017cna by\u0142o wej\u015b\u0107. Ale jak si\u0119 o tym dowiedzia\u0142y\u015bmy, to ju\u017c by\u0142y\u015bmy w Meteorach.<\/p>\n\n\n\n<p>A tam kolejne pi\u0119kne widoki \ud83d\ude42<\/p>\n\n\n\n<figure class=\"wp-block-image size-thumbnail\"><a href=\"http:\/\/thekfiles.pl\/wp-content\/uploads\/2025\/12\/IMG20251010130205-scaled.jpg\"><img loading=\"lazy\" decoding=\"async\" width=\"150\" height=\"150\" src=\"http:\/\/thekfiles.pl\/wp-content\/uploads\/2025\/12\/IMG20251010130205-150x150.jpg\" alt=\"\" class=\"wp-image-3230\"\/><\/a><figcaption class=\"wp-element-caption\">Meteory<\/figcaption><\/figure>\n\n\n\n<p>Zaliczy\u0142y\u015bmy kilka klasztor\u00f3w. Do wi\u0119kszo\u015bci prowadzi\u0142y schody, tylko do jednego wchodzi\u0142o si\u0119 tylko po mostku. By\u0142 to zreszt\u0105 jedyny dost\u0119pny klasztor damski i w sumie by\u0142 naj\u0142adniejszy. Wieczorem zaliczy\u0142y\u015bmy zach\u00f3d s\u0142o\u0144ca, ale ten w Koryncie by\u0142 \u0142adniejszy.<\/p>\n\n\n\n<p>Z Meteor\u00f3w musia\u0142y\u015bmy wr\u00f3ci\u0107 do Delf.<\/p>\n\n\n\n<p>A tam znowu by\u0142o du\u017co gruzu \ud83d\ude09<\/p>\n\n\n\n<figure class=\"wp-block-image size-thumbnail\"><a href=\"http:\/\/thekfiles.pl\/wp-content\/uploads\/2025\/12\/IMG20251011114630-scaled.jpg\"><img loading=\"lazy\" decoding=\"async\" width=\"150\" height=\"150\" src=\"http:\/\/thekfiles.pl\/wp-content\/uploads\/2025\/12\/IMG20251011114630-150x150.jpg\" alt=\"\" class=\"wp-image-3231\"\/><\/a><figcaption class=\"wp-element-caption\">\u015awi\u0105tynia Apolla w Delfach<\/figcaption><\/figure>\n\n\n\n<p>Ca\u0142y ten kompleks by\u0142 niesamowity. Zbudowany na zboczu g\u00f3ry, nic dziwnego, \u017ce antyczni czuli tam obecno\u015b\u0107 bog\u00f3w.<\/p>\n\n\n\n<p>Ostatnim punktem programu by\u0142y Ateny.<\/p>\n\n\n\n<p>Ateny najwyra\u017aniej si\u0119 albo kocha, albo nienawidzi. Mi si\u0119 podoba\u0142o, chocia\u017c trzyma\u0142y\u015bmy si\u0119 g\u0142\u00f3wnie najbardziej turystycznej cz\u0119\u015bci miasta (Plaka, Akropol).<\/p>\n\n\n\n<figure class=\"wp-block-image size-thumbnail\"><a href=\"http:\/\/thekfiles.pl\/wp-content\/uploads\/2025\/12\/IMG20251012110452-scaled.jpg\"><img loading=\"lazy\" decoding=\"async\" width=\"150\" height=\"150\" src=\"http:\/\/thekfiles.pl\/wp-content\/uploads\/2025\/12\/IMG20251012110452-150x150.jpg\" alt=\"\" class=\"wp-image-3232\"\/><\/a><figcaption class=\"wp-element-caption\">Akropol<\/figcaption><\/figure>\n\n\n\n<figure class=\"wp-block-image size-thumbnail\"><a href=\"http:\/\/thekfiles.pl\/wp-content\/uploads\/2025\/12\/IMG20251012194307-scaled.jpg\"><img loading=\"lazy\" decoding=\"async\" width=\"150\" height=\"150\" src=\"http:\/\/thekfiles.pl\/wp-content\/uploads\/2025\/12\/IMG20251012194307-150x150.jpg\" alt=\"\" class=\"wp-image-3233\"\/><\/a><figcaption class=\"wp-element-caption\">Akropol noc\u0105<\/figcaption><\/figure>\n\n\n\n<p>Generalnie co chwil\u0119 w mie\u015bcie by\u0142y jakie\u015b oddzielone p\u0142otem ruiny. Ale polecam \ud83d\ude42<\/p>\n\n\n\n<p>Temperatury by\u0142y umiarkowane. W ci\u0105gu dnia oko\u0142o 23 stopni, wieczorem robi\u0142o si\u0119 ju\u017c ch\u0142odno. Nie pada\u0142o.<\/p>\n\n\n\n<p>Nadal kocham Grecj\u0119. Zreszt\u0105 mam plan wr\u00f3ci\u0107 &#8211; w czerwcu znowu lec\u0119 na Kret\u0119, tym razem do Chanii, ale mam plan stamt\u0105d te\u017c kopsn\u0105\u0107 si\u0119 autobusem na jeden dzie\u0144 do Rethymno. Bior\u0105c pod uwag\u0119, jak pewnej pani planerce podr\u00f3\u017cy (nie mojej siostrze) idzie projektowanie mojego wyjazdu do Australii i Nowej Zelandii, jest to na ten moment jedyna pewna podr\u00f3\u017c zaplanowana na przysz\u0142y rok.<\/p>\n","protected":false},"excerpt":{"rendered":"<p>By\u0142am w tym roku w kontynentalnej Grecji. W pa\u017adzierniku. Z siostr\u0105 i jej cz\u0119st\u0105 towarzyszk\u0105 podr\u00f3\u017cy, Beat\u0105. Noclegi mia\u0142y\u015bmy w sumie trzy: w Koryncie, Meteorach i Atenach. Planerk\u0105 i organizatork\u0105 ca\u0142o\u015bci by\u0142a moja siostra, my\u015bmy tylko za ni\u0105 drepta\u0142y jak te kaczuszki ;). Ola te\u017c prowadzi\u0142a nasz samoch\u00f3d wynaj\u0119ty na lotnisku w Atenach &#8211; Peugeota [&hellip;]<\/p>\n","protected":false},"author":2,"featured_media":0,"comment_status":"open","ping_status":"open","sticky":false,"template":"","format":"standard","meta":{"footnotes":""},"categories":[5],"tags":[107,122],"class_list":["post-3234","post","type-post","status-publish","format-standard","hentry","category-osobiste","tag-osobiste-2","tag-podroze"],"_links":{"self":[{"href":"http:\/\/thekfiles.pl\/index.php?rest_route=\/wp\/v2\/posts\/3234","targetHints":{"allow":["GET"]}}],"collection":[{"href":"http:\/\/thekfiles.pl\/index.php?rest_route=\/wp\/v2\/posts"}],"about":[{"href":"http:\/\/thekfiles.pl\/index.php?rest_route=\/wp\/v2\/types\/post"}],"author":[{"embeddable":true,"href":"http:\/\/thekfiles.pl\/index.php?rest_route=\/wp\/v2\/users\/2"}],"replies":[{"embeddable":true,"href":"http:\/\/thekfiles.pl\/index.php?rest_route=%2Fwp%2Fv2%2Fcomments&post=3234"}],"version-history":[{"count":1,"href":"http:\/\/thekfiles.pl\/index.php?rest_route=\/wp\/v2\/posts\/3234\/revisions"}],"predecessor-version":[{"id":3237,"href":"http:\/\/thekfiles.pl\/index.php?rest_route=\/wp\/v2\/posts\/3234\/revisions\/3237"}],"wp:attachment":[{"href":"http:\/\/thekfiles.pl\/index.php?rest_route=%2Fwp%2Fv2%2Fmedia&parent=3234"}],"wp:term":[{"taxonomy":"category","embeddable":true,"href":"http:\/\/thekfiles.pl\/index.php?rest_route=%2Fwp%2Fv2%2Fcategories&post=3234"},{"taxonomy":"post_tag","embeddable":true,"href":"http:\/\/thekfiles.pl\/index.php?rest_route=%2Fwp%2Fv2%2Ftags&post=3234"}],"curies":[{"name":"wp","href":"https:\/\/api.w.org\/{rel}","templated":true}]}}