{"id":3059,"date":"2023-04-16T17:08:42","date_gmt":"2023-04-16T15:08:42","guid":{"rendered":"http:\/\/thekfiles.pl\/?p=3059"},"modified":"2023-04-16T17:08:42","modified_gmt":"2023-04-16T15:08:42","slug":"grecja","status":"publish","type":"post","link":"http:\/\/thekfiles.pl\/?p=3059","title":{"rendered":"Grecja"},"content":{"rendered":"\n<p>Na zorganizowane wycieczki zagraniczne tak naprawd\u0119 zacz\u0119\u0142am je\u017adzi\u0107 w 2018 roku (w dzieci\u0144stwie by\u0142y kolonie trzy lata z rz\u0119du, potem jakie\u015b wyjazdy indywidualne). Wtedy pierwszy raz lecia\u0142am samolotem &#8211; do Bu\u0142garii. W tamtym roku dwa pozosta\u0142e podr\u00f3\u017cnicze zestawy rodzinne (rodzice i siostra) zalicza\u0142y Grecj\u0119, ja postanowi\u0142am polecie\u0107 gdzie indziej.<\/p>\n\n\n\n<p>Grecj\u0119 pierwszy raz zaliczy\u0142am rok p\u00f3\u017aniej &#8211; sp\u0119dzi\u0142am tydzie\u0144 na Zakynthos, w Laganas, kt\u00f3re wprawdzie jest znane z bycia imprezowni\u0105, ale nasz hotel (Megara) by\u0142 na tyle na uboczu, \u017ce w nocy s\u0142yszeli\u015bmy g\u0142\u00f3wnie cykady i z rzadka przeje\u017cd\u017caj\u0105ce quady.<\/p>\n\n\n\n<p>Z Zakynthos najlepiej pami\u0119tam bardzo fajnych ludzi (i w hotelu, i poza nim) i cudowny kolor morza.<\/p>\n\n\n\n<p>I basen hotelowy otwarty do 21, wi\u0119c po powrocie z ca\u0142odniowej wycieczki z lokalnym (polskim!) biurem podr\u00f3\u017cy mog\u0142am przebra\u0107 si\u0119 w str\u00f3j k\u0105pielowy i pomoczy\u0107 si\u0119 w przyjemnej wodzie.<\/p>\n\n\n\n<figure class=\"wp-block-image size-large\"><a href=\"http:\/\/thekfiles.pl\/wp-content\/uploads\/2023\/04\/IMG_20190619_131401_HDR-scaled.jpg\"><img loading=\"lazy\" decoding=\"async\" width=\"1024\" height=\"768\" src=\"http:\/\/thekfiles.pl\/wp-content\/uploads\/2023\/04\/IMG_20190619_131401_HDR-1024x768.jpg\" alt=\"\" class=\"wp-image-3057\" srcset=\"http:\/\/thekfiles.pl\/wp-content\/uploads\/2023\/04\/IMG_20190619_131401_HDR-1024x768.jpg 1024w, http:\/\/thekfiles.pl\/wp-content\/uploads\/2023\/04\/IMG_20190619_131401_HDR-300x225.jpg 300w, http:\/\/thekfiles.pl\/wp-content\/uploads\/2023\/04\/IMG_20190619_131401_HDR-768x576.jpg 768w, http:\/\/thekfiles.pl\/wp-content\/uploads\/2023\/04\/IMG_20190619_131401_HDR-1536x1152.jpg 1536w, http:\/\/thekfiles.pl\/wp-content\/uploads\/2023\/04\/IMG_20190619_131401_HDR-2048x1536.jpg 2048w, http:\/\/thekfiles.pl\/wp-content\/uploads\/2023\/04\/IMG_20190619_131401_HDR-1200x900.jpg 1200w, http:\/\/thekfiles.pl\/wp-content\/uploads\/2023\/04\/IMG_20190619_131401_HDR-1980x1485.jpg 1980w\" sizes=\"auto, (max-width: 1024px) 100vw, 1024px\" \/><\/a><figcaption class=\"wp-element-caption\">\u017barcieeeee<\/figcaption><\/figure>\n\n\n\n<p>(prawdziwa sa\u0142atka grecka nie zawiera kapusty\/sa\u0142aty, wbrew temu, co przynajmniej jeszcze jaki\u015b czas temu uwa\u017cano w naszym cudnym kraju)<\/p>\n\n\n\n<figure class=\"wp-block-image size-large\"><a href=\"http:\/\/thekfiles.pl\/wp-content\/uploads\/2023\/04\/IMG_20190621_135624-scaled.jpg\"><img loading=\"lazy\" decoding=\"async\" width=\"1024\" height=\"768\" src=\"http:\/\/thekfiles.pl\/wp-content\/uploads\/2023\/04\/IMG_20190621_135624-1024x768.jpg\" alt=\"\" class=\"wp-image-3046\" srcset=\"http:\/\/thekfiles.pl\/wp-content\/uploads\/2023\/04\/IMG_20190621_135624-1024x768.jpg 1024w, http:\/\/thekfiles.pl\/wp-content\/uploads\/2023\/04\/IMG_20190621_135624-300x225.jpg 300w, http:\/\/thekfiles.pl\/wp-content\/uploads\/2023\/04\/IMG_20190621_135624-768x576.jpg 768w, http:\/\/thekfiles.pl\/wp-content\/uploads\/2023\/04\/IMG_20190621_135624-1536x1152.jpg 1536w, http:\/\/thekfiles.pl\/wp-content\/uploads\/2023\/04\/IMG_20190621_135624-2048x1536.jpg 2048w, http:\/\/thekfiles.pl\/wp-content\/uploads\/2023\/04\/IMG_20190621_135624-1200x900.jpg 1200w, http:\/\/thekfiles.pl\/wp-content\/uploads\/2023\/04\/IMG_20190621_135624-1980x1485.jpg 1980w\" sizes=\"auto, (max-width: 1024px) 100vw, 1024px\" \/><\/a><figcaption class=\"wp-element-caption\">Ot, zdj\u0119cie wody<\/figcaption><\/figure>\n\n\n\n<figure class=\"wp-block-image size-large\"><a href=\"http:\/\/thekfiles.pl\/wp-content\/uploads\/2023\/04\/IMG_20190622_171640-scaled.jpg\"><img loading=\"lazy\" decoding=\"async\" width=\"1024\" height=\"768\" src=\"http:\/\/thekfiles.pl\/wp-content\/uploads\/2023\/04\/IMG_20190622_171640-1024x768.jpg\" alt=\"\" class=\"wp-image-3049\" srcset=\"http:\/\/thekfiles.pl\/wp-content\/uploads\/2023\/04\/IMG_20190622_171640-1024x768.jpg 1024w, http:\/\/thekfiles.pl\/wp-content\/uploads\/2023\/04\/IMG_20190622_171640-300x225.jpg 300w, http:\/\/thekfiles.pl\/wp-content\/uploads\/2023\/04\/IMG_20190622_171640-768x576.jpg 768w, http:\/\/thekfiles.pl\/wp-content\/uploads\/2023\/04\/IMG_20190622_171640-1536x1152.jpg 1536w, http:\/\/thekfiles.pl\/wp-content\/uploads\/2023\/04\/IMG_20190622_171640-2048x1536.jpg 2048w, http:\/\/thekfiles.pl\/wp-content\/uploads\/2023\/04\/IMG_20190622_171640-1200x900.jpg 1200w, http:\/\/thekfiles.pl\/wp-content\/uploads\/2023\/04\/IMG_20190622_171640-1980x1485.jpg 1980w\" sizes=\"auto, (max-width: 1024px) 100vw, 1024px\" \/><\/a><figcaption class=\"wp-element-caption\">Bardzo wysokie klify &#8211; Zakynthos to, czy Madera?<\/figcaption><\/figure>\n\n\n\n<figure class=\"wp-block-image size-large\"><a href=\"http:\/\/thekfiles.pl\/wp-content\/uploads\/2023\/04\/IMG_20190621_161259-scaled.jpg\"><img loading=\"lazy\" decoding=\"async\" width=\"1024\" height=\"768\" src=\"http:\/\/thekfiles.pl\/wp-content\/uploads\/2023\/04\/IMG_20190621_161259-1024x768.jpg\" alt=\"\" class=\"wp-image-3048\" srcset=\"http:\/\/thekfiles.pl\/wp-content\/uploads\/2023\/04\/IMG_20190621_161259-1024x768.jpg 1024w, http:\/\/thekfiles.pl\/wp-content\/uploads\/2023\/04\/IMG_20190621_161259-300x225.jpg 300w, http:\/\/thekfiles.pl\/wp-content\/uploads\/2023\/04\/IMG_20190621_161259-768x576.jpg 768w, http:\/\/thekfiles.pl\/wp-content\/uploads\/2023\/04\/IMG_20190621_161259-1536x1152.jpg 1536w, http:\/\/thekfiles.pl\/wp-content\/uploads\/2023\/04\/IMG_20190621_161259-2048x1536.jpg 2048w, http:\/\/thekfiles.pl\/wp-content\/uploads\/2023\/04\/IMG_20190621_161259-1200x900.jpg 1200w, http:\/\/thekfiles.pl\/wp-content\/uploads\/2023\/04\/IMG_20190621_161259-1980x1485.jpg 1980w\" sizes=\"auto, (max-width: 1024px) 100vw, 1024px\" \/><\/a><figcaption class=\"wp-element-caption\">Zatoka Wraku od g\u00f3ry<\/figcaption><\/figure>\n\n\n\n<p>Z Zakynthos mo\u017cna by\u0142o pop\u0142yn\u0105\u0107 na Kefaloni\u0119.<\/p>\n\n\n\n<figure class=\"wp-block-image size-large\"><a href=\"http:\/\/thekfiles.pl\/wp-content\/uploads\/2023\/04\/IMG_20190623_130933-scaled.jpg\"><img loading=\"lazy\" decoding=\"async\" width=\"1024\" height=\"768\" src=\"http:\/\/thekfiles.pl\/wp-content\/uploads\/2023\/04\/IMG_20190623_130933-1024x768.jpg\" alt=\"\" class=\"wp-image-3050\" srcset=\"http:\/\/thekfiles.pl\/wp-content\/uploads\/2023\/04\/IMG_20190623_130933-1024x768.jpg 1024w, http:\/\/thekfiles.pl\/wp-content\/uploads\/2023\/04\/IMG_20190623_130933-300x225.jpg 300w, http:\/\/thekfiles.pl\/wp-content\/uploads\/2023\/04\/IMG_20190623_130933-768x576.jpg 768w, http:\/\/thekfiles.pl\/wp-content\/uploads\/2023\/04\/IMG_20190623_130933-1536x1152.jpg 1536w, http:\/\/thekfiles.pl\/wp-content\/uploads\/2023\/04\/IMG_20190623_130933-2048x1536.jpg 2048w, http:\/\/thekfiles.pl\/wp-content\/uploads\/2023\/04\/IMG_20190623_130933-1200x900.jpg 1200w, http:\/\/thekfiles.pl\/wp-content\/uploads\/2023\/04\/IMG_20190623_130933-1980x1485.jpg 1980w\" sizes=\"auto, (max-width: 1024px) 100vw, 1024px\" \/><\/a><figcaption class=\"wp-element-caption\">Jeziorko Melissani &#8211; ta \u0142\u00f3dka to tak troch\u0119 w powietrzu&#8230;<\/figcaption><\/figure>\n\n\n\n<figure class=\"wp-block-image size-large\"><a href=\"http:\/\/thekfiles.pl\/wp-content\/uploads\/2023\/04\/IMG_20190623_160911-scaled.jpg\"><img loading=\"lazy\" decoding=\"async\" width=\"1024\" height=\"768\" src=\"http:\/\/thekfiles.pl\/wp-content\/uploads\/2023\/04\/IMG_20190623_160911-1024x768.jpg\" alt=\"\" class=\"wp-image-3051\" srcset=\"http:\/\/thekfiles.pl\/wp-content\/uploads\/2023\/04\/IMG_20190623_160911-1024x768.jpg 1024w, http:\/\/thekfiles.pl\/wp-content\/uploads\/2023\/04\/IMG_20190623_160911-300x225.jpg 300w, http:\/\/thekfiles.pl\/wp-content\/uploads\/2023\/04\/IMG_20190623_160911-768x576.jpg 768w, http:\/\/thekfiles.pl\/wp-content\/uploads\/2023\/04\/IMG_20190623_160911-1536x1152.jpg 1536w, http:\/\/thekfiles.pl\/wp-content\/uploads\/2023\/04\/IMG_20190623_160911-2048x1536.jpg 2048w, http:\/\/thekfiles.pl\/wp-content\/uploads\/2023\/04\/IMG_20190623_160911-1200x900.jpg 1200w, http:\/\/thekfiles.pl\/wp-content\/uploads\/2023\/04\/IMG_20190623_160911-1980x1485.jpg 1980w\" sizes=\"auto, (max-width: 1024px) 100vw, 1024px\" \/><\/a><figcaption class=\"wp-element-caption\">Pla\u017ca Myrthos<\/figcaption><\/figure>\n\n\n\n<p>Rok p\u00f3\u017aniej by\u0142a pandemia, ale latem wyje\u017cd\u017ca\u0107 ju\u017c mo\u017cna by\u0142o. W ramach kolejnej odmiany polecieli\u015bmy (z \u0141., kt\u00f3ry zreszt\u0105 by\u0142 ze mn\u0105 te\u017c na dw\u00f3ch wcze\u015bniej wspomnianych wycieczkach) do Chorwacji, ale \u017ce to jest post o Grecji, to nie b\u0119d\u0119 o tym pisa\u0107. \ud83d\ude42<\/p>\n\n\n\n<p>2021, lot na Kret\u0119 i jazda do Rethymno. Lecia\u0142am ju\u017c sama. Mia\u0142am tak w\u0142a\u015bciwie lecie\u0107 razem z siostr\u0105 i jej c\u00f3rkami (wykupi\u0142am osobn\u0105 wycieczk\u0119 w tym samym terminie i z noclegiem w tym samym hotelu, co one), ale z powod\u00f3w r\u00f3\u017cnych prze\u0142o\u017cy\u0142am wyjazd na tydzie\u0144 p\u00f3\u017aniej.<\/p>\n\n\n\n<p>Ale to nie przeszkadza\u0142o. Zakocha\u0142am si\u0119 i tak. I znowu w ludziach, i w widokach, i w\u0105skich uliczkach. Stare miasto zosta\u0142o zbudowane przez Wenecjan, wi\u0119c bardzo przypomina w\u0142oskie miasteczka (podobno, W\u0142ochy zaczn\u0119 podbija\u0107 dopiero tego lata), po\u0142\u0105czone z greck\u0105 go\u015bcinno\u015bci\u0105 tworzy miejsce, do kt\u00f3rego bardzo ch\u0119tnie bym wr\u00f3ci\u0142a, gdyby \u015bwiat nie by\u0142 taki wielki i ciekawy. Kocham Rethymno.<\/p>\n\n\n\n<figure class=\"wp-block-image size-large\"><a href=\"http:\/\/thekfiles.pl\/wp-content\/uploads\/2023\/04\/DSCN0353-scaled.jpg\"><img loading=\"lazy\" decoding=\"async\" width=\"768\" height=\"1024\" src=\"http:\/\/thekfiles.pl\/wp-content\/uploads\/2023\/04\/DSCN0353-768x1024.jpg\" alt=\"\" class=\"wp-image-3058\" srcset=\"http:\/\/thekfiles.pl\/wp-content\/uploads\/2023\/04\/DSCN0353-768x1024.jpg 768w, http:\/\/thekfiles.pl\/wp-content\/uploads\/2023\/04\/DSCN0353-225x300.jpg 225w, http:\/\/thekfiles.pl\/wp-content\/uploads\/2023\/04\/DSCN0353-1152x1536.jpg 1152w, http:\/\/thekfiles.pl\/wp-content\/uploads\/2023\/04\/DSCN0353-1536x2048.jpg 1536w, http:\/\/thekfiles.pl\/wp-content\/uploads\/2023\/04\/DSCN0353-1200x1600.jpg 1200w, http:\/\/thekfiles.pl\/wp-content\/uploads\/2023\/04\/DSCN0353-1980x2640.jpg 1980w, http:\/\/thekfiles.pl\/wp-content\/uploads\/2023\/04\/DSCN0353-scaled.jpg 1920w\" sizes=\"auto, (max-width: 768px) 100vw, 768px\" \/><\/a><figcaption class=\"wp-element-caption\">Uliczka Rethymno<\/figcaption><\/figure>\n\n\n\n<figure class=\"wp-block-image size-large\"><a href=\"http:\/\/thekfiles.pl\/wp-content\/uploads\/2023\/04\/DSCN0344-scaled.jpg\"><img loading=\"lazy\" decoding=\"async\" width=\"1024\" height=\"768\" src=\"http:\/\/thekfiles.pl\/wp-content\/uploads\/2023\/04\/DSCN0344-1024x768.jpg\" alt=\"\" class=\"wp-image-3055\" srcset=\"http:\/\/thekfiles.pl\/wp-content\/uploads\/2023\/04\/DSCN0344-1024x768.jpg 1024w, http:\/\/thekfiles.pl\/wp-content\/uploads\/2023\/04\/DSCN0344-300x225.jpg 300w, http:\/\/thekfiles.pl\/wp-content\/uploads\/2023\/04\/DSCN0344-768x576.jpg 768w, http:\/\/thekfiles.pl\/wp-content\/uploads\/2023\/04\/DSCN0344-1536x1152.jpg 1536w, http:\/\/thekfiles.pl\/wp-content\/uploads\/2023\/04\/DSCN0344-2048x1536.jpg 2048w, http:\/\/thekfiles.pl\/wp-content\/uploads\/2023\/04\/DSCN0344-1200x900.jpg 1200w, http:\/\/thekfiles.pl\/wp-content\/uploads\/2023\/04\/DSCN0344-1980x1485.jpg 1980w\" sizes=\"auto, (max-width: 1024px) 100vw, 1024px\" \/><\/a><figcaption class=\"wp-element-caption\">Stary port wenecki<\/figcaption><\/figure>\n\n\n\n<p>Z Rethymno mo\u017cna pop\u0142yn\u0105\u0107 na lagun\u0119 Balos&#8230; (jedno z najpi\u0119kniejszych miejsc, jakie kiedykolwiek odwiedzi\u0142am)<\/p>\n\n\n\n<figure class=\"wp-block-image size-large\"><a href=\"http:\/\/thekfiles.pl\/wp-content\/uploads\/2023\/04\/DSCN0331-scaled.jpg\"><img loading=\"lazy\" decoding=\"async\" width=\"1024\" height=\"768\" src=\"http:\/\/thekfiles.pl\/wp-content\/uploads\/2023\/04\/DSCN0331-1024x768.jpg\" alt=\"\" class=\"wp-image-3054\" srcset=\"http:\/\/thekfiles.pl\/wp-content\/uploads\/2023\/04\/DSCN0331-1024x768.jpg 1024w, http:\/\/thekfiles.pl\/wp-content\/uploads\/2023\/04\/DSCN0331-300x225.jpg 300w, http:\/\/thekfiles.pl\/wp-content\/uploads\/2023\/04\/DSCN0331-768x576.jpg 768w, http:\/\/thekfiles.pl\/wp-content\/uploads\/2023\/04\/DSCN0331-1536x1152.jpg 1536w, http:\/\/thekfiles.pl\/wp-content\/uploads\/2023\/04\/DSCN0331-2048x1536.jpg 2048w, http:\/\/thekfiles.pl\/wp-content\/uploads\/2023\/04\/DSCN0331-1200x900.jpg 1200w, http:\/\/thekfiles.pl\/wp-content\/uploads\/2023\/04\/DSCN0331-1980x1485.jpg 1980w\" sizes=\"auto, (max-width: 1024px) 100vw, 1024px\" \/><\/a><figcaption class=\"wp-element-caption\">Widok na Balos z twierdzy Gramvousa<\/figcaption><\/figure>\n\n\n\n<p>&#8230; i na Santorini:<\/p>\n\n\n\n<figure class=\"wp-block-image size-large\"><a href=\"http:\/\/thekfiles.pl\/wp-content\/uploads\/2023\/04\/DSCN0296-scaled.jpg\"><img loading=\"lazy\" decoding=\"async\" width=\"768\" height=\"1024\" src=\"http:\/\/thekfiles.pl\/wp-content\/uploads\/2023\/04\/DSCN0296-768x1024.jpg\" alt=\"\" class=\"wp-image-3052\" srcset=\"http:\/\/thekfiles.pl\/wp-content\/uploads\/2023\/04\/DSCN0296-768x1024.jpg 768w, http:\/\/thekfiles.pl\/wp-content\/uploads\/2023\/04\/DSCN0296-225x300.jpg 225w, http:\/\/thekfiles.pl\/wp-content\/uploads\/2023\/04\/DSCN0296-1152x1536.jpg 1152w, http:\/\/thekfiles.pl\/wp-content\/uploads\/2023\/04\/DSCN0296-1536x2048.jpg 1536w, http:\/\/thekfiles.pl\/wp-content\/uploads\/2023\/04\/DSCN0296-1200x1600.jpg 1200w, http:\/\/thekfiles.pl\/wp-content\/uploads\/2023\/04\/DSCN0296-1980x2640.jpg 1980w, http:\/\/thekfiles.pl\/wp-content\/uploads\/2023\/04\/DSCN0296-scaled.jpg 1920w\" sizes=\"auto, (max-width: 768px) 100vw, 768px\" \/><\/a><figcaption class=\"wp-element-caption\">Poczt\u00f3wka<\/figcaption><\/figure>\n\n\n\n<p>W 2022 roku by\u0142am na Rodos. I chyba gdzie\u015b posia\u0142am wi\u0119kszo\u015b\u0107 zdj\u0119\u0107. Mam sporo na telefonie, ale nie chce mi si\u0119 ich teraz zrzuca\u0107 na komputer ;). Te\u017c by\u0142o sympatycznie (mn\u00f3stwo kot\u00f3w do g\u0142askania!), by\u0142y to te\u017c moje pierwsze do\u015bwiadczenia z all inclusive (mia\u0142am wykupion\u0105 opcj\u0119 wy\u017cywienia HB, ale pan na recepcji hotelu zaproponowa\u0142 mi zamian\u0119 &#8211; pok\u00f3j w innej cz\u0119\u015bci ogromnego kompleksu hotelowego, bez balkonu, ale za to z all inclusive. Takim prawdziwym. Z drinkami w barach w\u0142\u0105cznie \ud83d\ude09 ), ale z tych wszystkich greckich miejsc chyba najmniej mnie tam ci\u0105gnie na powr\u00f3t. Na przysz\u0142y rok wst\u0119pnie planuj\u0119 Korfu, najprawdopodobniej razem z siostr\u0105 i siostrzenicami. Bilet\u00f3w na samolot jeszcze nie mamy, wycieczki zorganizowanej nie planujemy.<\/p>\n\n\n\n<p>Czemu lubi\u0119 Grecj\u0119? Ludzie sympatyczni. Tak, wiem, okolice turystyczne, lepiej, \u017ceby ludzie byli sympatyczni. Ale w Bu\u0142garii i Chorwacji nie mia\u0142am takiego poczucia go\u015bcinno\u015bci. Owszem, by\u0142o OK, ale to na wspomnienie ludzi w Grecji si\u0119 u\u015bmiecham.<\/p>\n\n\n\n<p>Lubi\u0119 te\u017c greckie jedzenie. To nie tylko owoce morza. Grecy lubi\u0105 ziemniaki w postaciach r\u00f3\u017cnych, cz\u0119sto frytek (kt\u00f3re uwa\u017caj\u0105 za dodatek warzywny do da\u0144, wi\u0119c wystarczy, sa\u0142atki nie trzeba \ud83d\ude09 ); lubi\u0105 mi\u0119sko i ryby. Sery oczywi\u015bcie r\u00f3wnie\u017c. Dla ka\u017cdego co\u015b mi\u0142ego.<\/p>\n\n\n\n<p>Podoba mi si\u0119 te\u017c to, \u017ce greckie jedzenie jest wsz\u0119dzie w kurortach. W Bu\u0142garii lokalne \u017carcie by\u0142o dost\u0119pne w\u0142a\u015bciwie tylko w hotelu (byli\u015bmy w S\u0142onecznym Brzegu, wszystkie knajpy dooko\u0142a serwowa\u0142y bardzo mi\u0119dzynarodowe jedzenie &#8211; poza lokalnym), w Chorwacji byli\u015bmy na ko\u0144cu \u015bwiata, hotel by\u0142 na rozruchu po lockdownie, jedzenia w\u0142a\u015bciwie nie wspominam, a je\u015bli ju\u017c, to ze wzruszeniem ramionami. W Grecji nie ma problemu z moussak\u0105, souvlaki, pit\u0105 i innymi lokalnymi daniami.<\/p>\n\n\n\n<p>Fajne pla\u017ce, ciep\u0142e morze i widoki to oczywi\u015bcie r\u00f3wnie\u017c bardzo wa\u017cne powody.<\/p>\n\n\n\n<p>Ja si\u0119 po prostu dobrze czuj\u0119 w Grecji.<\/p>\n","protected":false},"excerpt":{"rendered":"<p>Na zorganizowane wycieczki zagraniczne tak naprawd\u0119 zacz\u0119\u0142am je\u017adzi\u0107 w 2018 roku (w dzieci\u0144stwie by\u0142y kolonie trzy lata z rz\u0119du, potem jakie\u015b wyjazdy indywidualne). Wtedy pierwszy raz lecia\u0142am samolotem &#8211; do Bu\u0142garii. W tamtym roku dwa pozosta\u0142e podr\u00f3\u017cnicze zestawy rodzinne (rodzice i siostra) zalicza\u0142y Grecj\u0119, ja postanowi\u0142am polecie\u0107 gdzie indziej. Grecj\u0119 pierwszy raz zaliczy\u0142am rok p\u00f3\u017aniej [&hellip;]<\/p>\n","protected":false},"author":2,"featured_media":0,"comment_status":"open","ping_status":"open","sticky":false,"template":"","format":"standard","meta":{"footnotes":""},"categories":[5],"tags":[57,107,176],"class_list":["post-3059","post","type-post","status-publish","format-standard","hentry","category-osobiste","tag-grecja","tag-osobiste-2","tag-wakacje"],"_links":{"self":[{"href":"http:\/\/thekfiles.pl\/index.php?rest_route=\/wp\/v2\/posts\/3059","targetHints":{"allow":["GET"]}}],"collection":[{"href":"http:\/\/thekfiles.pl\/index.php?rest_route=\/wp\/v2\/posts"}],"about":[{"href":"http:\/\/thekfiles.pl\/index.php?rest_route=\/wp\/v2\/types\/post"}],"author":[{"embeddable":true,"href":"http:\/\/thekfiles.pl\/index.php?rest_route=\/wp\/v2\/users\/2"}],"replies":[{"embeddable":true,"href":"http:\/\/thekfiles.pl\/index.php?rest_route=%2Fwp%2Fv2%2Fcomments&post=3059"}],"version-history":[{"count":3,"href":"http:\/\/thekfiles.pl\/index.php?rest_route=\/wp\/v2\/posts\/3059\/revisions"}],"predecessor-version":[{"id":3063,"href":"http:\/\/thekfiles.pl\/index.php?rest_route=\/wp\/v2\/posts\/3059\/revisions\/3063"}],"wp:attachment":[{"href":"http:\/\/thekfiles.pl\/index.php?rest_route=%2Fwp%2Fv2%2Fmedia&parent=3059"}],"wp:term":[{"taxonomy":"category","embeddable":true,"href":"http:\/\/thekfiles.pl\/index.php?rest_route=%2Fwp%2Fv2%2Fcategories&post=3059"},{"taxonomy":"post_tag","embeddable":true,"href":"http:\/\/thekfiles.pl\/index.php?rest_route=%2Fwp%2Fv2%2Ftags&post=3059"}],"curies":[{"name":"wp","href":"https:\/\/api.w.org\/{rel}","templated":true}]}}