{"id":3041,"date":"2023-04-02T22:20:04","date_gmt":"2023-04-02T20:20:04","guid":{"rendered":"http:\/\/thekfiles.pl\/?p=3041"},"modified":"2023-04-02T22:20:04","modified_gmt":"2023-04-02T20:20:04","slug":"zycie-2","status":"publish","type":"post","link":"http:\/\/thekfiles.pl\/?p=3041","title":{"rendered":"\u017bycie"},"content":{"rendered":"\n<p>Jaki\u015b czas temu wy\u015bwietli\u0142o mi si\u0119 na Facebooku wspomnienie z zesz\u0142ego roku tego, jak si\u0119 zastanawia\u0142am, co zrobi\u0107 z blogiem. Weny na pisanie (bloga) nie ma, hosting i domena troch\u0119 kosztuj\u0105, nie mam ochoty przesiada\u0107 si\u0119 znowu na jaki\u015b darmowy portal blogowy. Brak aktywno\u015bci na blogaskowym fanpejd\u017cu te\u017c mnie gryz\u0142 w sumienie.<\/p>\n\n\n\n<p>Nied\u0142ugo po tamtym wpisie po cichu usun\u0119\u0142am fanpejd\u017ca blogaska. Nikt pewnie nie zauwa\u017cy\u0142.<\/p>\n\n\n\n<p>Ale blogasek (z op\u0142aconym do grudnia hostingiem i domen\u0105) pewnie pozostanie przy \u017cyciu. Przynajmniej do momentu, w kt\u00f3rym przestanie mnie gry\u017a\u0107 sumienie przez brak aktywno\u015bci.<\/p>\n\n\n\n<p>Podoba mi si\u0119 ten blogasek. Kawa\u0142 historii &#8211; trzyna\u015bcie lat pracy zawodowej plus perypetii osobistych z naciskiem na koty. Wspomnienie tego, \u017ce kiedy\u015b by\u0142am w stanie przeczyta\u0107 ponad 40 ksi\u0105\u017cek w ci\u0105gu roku.<\/p>\n\n\n\n<p>Z tym czytaniem ksi\u0105\u017cek jest tragedia. Fanfiction o d\u0142ugo\u015bci kilkunastu tysi\u0119cy s\u0142\u00f3w po angielsku wci\u0105gam niczym Reksio szynk\u0119. Dzisiaj rano doczyta\u0142am pierwsz\u0105 ksi\u0105\u017ck\u0119 od chyba ponad roku. Fakt, mia\u0142a ponad sto tysi\u0119cy s\u0142\u00f3w (nieco ponad czterysta stron) (po polsku), wed\u0142ug autora. Ksi\u0105\u017cka by\u0142a ciekawa i sporo si\u0119 z niej dowiedzia\u0142am. Ale le\u017ca\u0142a na szczycie kupki wstydu od oko\u0142o roku, jak mi si\u0119 wydaje. Tamtych czterdzie\u015bci ksi\u0105\u017cek rocznie to nie by\u0142y nowele, to by\u0142y prawilne, drukowane (b\u0105d\u017a te\u017c cyfrowe, acz nie fanfiction) ksi\u0105\u017cki o d\u0142ugo\u015bci \u015brednio dwie\u015bcie stron.<\/p>\n\n\n\n<p>Jedna ksi\u0105\u017cka.<\/p>\n\n\n\n<p>&#8222;Przepis na cz\u0142owieka&#8221; baj Dawid My\u015bliwiec baj de \u0142ej. Tempo mojego czytania wcale nie \u015bwiadczy o jako\u015bci przekazywanych tre\u015bci.<\/p>\n\n\n\n<p>Kupka wstydu czeka, zawieraj\u0105c g\u0142\u00f3wnie dzie\u0142a mojego obecnie ulubionego Tumblrowego &#8222;celebryty&#8221;, Neila Gaimana (zbi\u00f3r kr\u00f3tszych tre\u015bci plus wycinki z d\u0142u\u017cszych, dosta\u0142am na w\u0142asne \u017cyczenie na Gwiazdk\u0119 i nadal nie ruszy\u0142am; do tego 8 tom\u00f3w Sandmana, bo mnie serial porazi\u0142; aczkolwiek o komiksie wiem ju\u017c na tyle du\u017co, \u017ce troch\u0119 boj\u0119 si\u0119 czyta\u0107).<\/p>\n\n\n\n<p>Ksi\u0105\u017ck\u0119 doczyta\u0142am w miejscu, kt\u00f3re zajmuje trzeci\u0105 pozycj\u0119 (z trzech) na mojej li\u015bcie miejsc, kt\u00f3re poprawiaj\u0105 mi humor (zaraz za Bulwarem Nadmorskim w Gdyni i Starym Rynkiem w Krakowie). Miejsce to czterogwiazdkowy hotel ze SPA, Anders w Starych Jab\u0142onkach niedaleko Ostr\u00f3dy. Poprawianie humoru tam\u017ce zazwyczaj kosztuje mnie nieco ponad tysi\u0105c z\u0142otych za dwie noce (ale s\u0105 w tym zawsze przynajmniej dwa zabiegi w SPA, plus \u015bniadania i obiadokolacje &#8211; a \u017carcie maj\u0105 tam \u015bwietne &#8211; do tego taplanie si\u0119 w basenie i\/lub suszenie si\u0119 w saunie do woli), ale jad\u0119 tam po konkretn\u0105 jako\u015b\u0107 us\u0142ug i t\u0119 jako\u015b\u0107 otrzymuj\u0119. A\u017c szkoda, \u017ce nie robi\u0105 tam \u017cadnych szkole\u0144 czy konferencji stomatologicznych. Ch\u0119tnie wpada\u0142abym tam cz\u0119\u015bciej &#8211; i z mo\u017cliwo\u015bci\u0105 wliczenia sobie pobytu w koszty prowadzenia dzia\u0142alno\u015bci gospodarczej ;).<\/p>\n\n\n\n<p>No wi\u0119c wr\u00f3ci\u0142am dzisiaj z weekendu w Andersie, wesz\u0142am do mieszkania, zobaczy\u0142am, \u017ce Mr\u00f3wka zarzyga\u0142a mi pod\u0142ogi w dw\u00f3ch z trzech pokoi (plus narzut\u0119 na \u0142\u00f3\u017cku), wi\u0119c zamiast si\u0119 rozpakowa\u0107, zacz\u0119\u0142am sprz\u0105ta\u0107 i z rozp\u0119du, poza ogarnianiem pod\u0142ogi, umy\u0142am jeszcze dwa okna. Na parapecie trzeciego stoj\u0105 doniczki z zimuj\u0105cymi pelargoniami, czekaj\u0105cymi na wystawienie na balkon (czyli w maju), wi\u0119c nie wiem, czy kiedykolwiek umyj\u0119 to okno, bo tak\u0105 akcj\u0119 robi\u0142am ostatnio kilka lat temu. Musz\u0119 cz\u0119\u015bciej z Andersa wraca\u0107, mo\u017ce wreszcie uda mi si\u0119 ogarn\u0105\u0107 ba\u0142agan w mieszkaniu (g\u0142\u00f3wnie kurz. Karaluch\u00f3w nie stwierdzono).<\/p>\n\n\n\n<p>Poza tym co u mnie? Kredyt sp\u0142acam dalej, na pocz\u0105tku maja b\u0119d\u0119 mia\u0142a wymieniane drzwi wewn\u0119trzne w mieszkaniu, nadal mam Mr\u00f3wk\u0119 i Balbin\u0119 za towarzystwo, do zwi\u0105zk\u00f3w romantycznych mnie nie ci\u0105gnie. Chodz\u0119 na terapi\u0119 i rozpracowuj\u0119 r\u00f3\u017cne sprawy prywatne (poza brakiem ch\u0119ci na zwi\u0105zki, ale to sobie sama rozpracowa\u0142am i nie wymaga to dyskusji) i zawodowe. Dalej pracuj\u0119 w mojej plac\u00f3wce eks-sta\u017cowej. W pa\u017adzierniku wymieni\u0142am komputer z laptopa gamingowego na gamingowego potwora PC (dla mnie potwora, dla zapalonych graczy karta graficzna RTX 3080 to pewnie ju\u017c jest *meh*) (procesor AMD Ryzen 5 5600 6-Core Processor 3.50 GHz, 16 GB RAM, 1TB SSD + 4TB HDD; monitor Gigabyte G27Q, klawiatura jaki\u015b Logitech, myszka jakie\u015b Steelseries \ud83d\ude42 ). Nie mam pary, \u017ceby sobie paszport wyrobi\u0107 (bo to wymaga wstania rano i p\u00f3j\u015bcia do urz\u0119du), aczkolwiek wiem, \u017ce powinnam to zrobi\u0107, bior\u0105c pod uwag\u0119, kto mo\u017ce znowu wygra\u0107 nast\u0119pne wybory parlamentarne (taaaa, jasne, wyemigrowa\u0142abym, mhm, oczywi\u015bcie. Mo\u017ce po kolejnym roku terapii). Chocia\u017c paszport to jest raczej w celu mo\u017cliwo\u015bci wyjazd\u00f3w urlopowych do kraj\u00f3w spoza UE\/Strefy Schengen.<\/p>\n\n\n\n<p>W czerwcu lec\u0119 sobie na tydzie\u0144 do Pizy &#8211; b\u0119d\u0105 to moje pierwsze od d\u0142u\u017cszego czasu wakacje zagraniczne nieorganizowane przez biuro podr\u00f3\u017cy (poprzednie to by\u0142a bodaj\u017ce Praga w 2014 &#8211; samodzielnie &#8211; i Belgia z Holandi\u0105 w 2015 &#8211; z siostr\u0105). Mieszkanie wynaj\u0119te, w planach kursy poci\u0105gami do Florencji, Lukki i miasteczek w regionie Cinque Terre. Jeszcze nie odliczam, ale ju\u017c si\u0119 ciesz\u0119 :).<\/p>\n\n\n\n<p>Po poprzednio opisanym wyje\u017adzie na Mader\u0119, w tym samym, 2021 roku by\u0142 te\u017c wyjazd do Rethymno na Krecie (jestem totalnie zakochana i gdyby \u015bwiat nie by\u0142 taki du\u017cy i ciekawy, to bym tam wr\u00f3ci\u0142a), a w zesz\u0142ym roku na Rodos (kt\u00f3ry to wyjazd w\u0142a\u015bciwie powinnam te\u017c dok\u0142adniej opisa\u0107 i wrzuci\u0107 tu jakie\u015b zdj\u0119cia).<\/p>\n\n\n\n<p>Wi\u0119c og\u00f3lnie tak.<\/p>\n\n\n\n<p>\u017bycie toczy si\u0119 dalej.<\/p>\n\n\n\n<p>A blogasek wisi.<\/p>\n\n\n\n<p class=\"has-small-font-size\">(i dynda)<\/p>\n","protected":false},"excerpt":{"rendered":"<p>Jaki\u015b czas temu wy\u015bwietli\u0142o mi si\u0119 na Facebooku wspomnienie z zesz\u0142ego roku tego, jak si\u0119 zastanawia\u0142am, co zrobi\u0107 z blogiem. Weny na pisanie (bloga) nie ma, hosting i domena troch\u0119 kosztuj\u0105, nie mam ochoty przesiada\u0107 si\u0119 znowu na jaki\u015b darmowy portal blogowy. Brak aktywno\u015bci na blogaskowym fanpejd\u017cu te\u017c mnie gryz\u0142 w sumienie. Nied\u0142ugo po tamtym [&hellip;]<\/p>\n","protected":false},"author":2,"featured_media":0,"comment_status":"open","ping_status":"open","sticky":false,"template":"","format":"standard","meta":{"footnotes":""},"categories":[5],"tags":[75,107,143,173],"class_list":["post-3041","post","type-post","status-publish","format-standard","hentry","category-osobiste","tag-ksiazki","tag-osobiste-2","tag-rozmyslania","tag-urlop"],"_links":{"self":[{"href":"http:\/\/thekfiles.pl\/index.php?rest_route=\/wp\/v2\/posts\/3041","targetHints":{"allow":["GET"]}}],"collection":[{"href":"http:\/\/thekfiles.pl\/index.php?rest_route=\/wp\/v2\/posts"}],"about":[{"href":"http:\/\/thekfiles.pl\/index.php?rest_route=\/wp\/v2\/types\/post"}],"author":[{"embeddable":true,"href":"http:\/\/thekfiles.pl\/index.php?rest_route=\/wp\/v2\/users\/2"}],"replies":[{"embeddable":true,"href":"http:\/\/thekfiles.pl\/index.php?rest_route=%2Fwp%2Fv2%2Fcomments&post=3041"}],"version-history":[{"count":3,"href":"http:\/\/thekfiles.pl\/index.php?rest_route=\/wp\/v2\/posts\/3041\/revisions"}],"predecessor-version":[{"id":3044,"href":"http:\/\/thekfiles.pl\/index.php?rest_route=\/wp\/v2\/posts\/3041\/revisions\/3044"}],"wp:attachment":[{"href":"http:\/\/thekfiles.pl\/index.php?rest_route=%2Fwp%2Fv2%2Fmedia&parent=3041"}],"wp:term":[{"taxonomy":"category","embeddable":true,"href":"http:\/\/thekfiles.pl\/index.php?rest_route=%2Fwp%2Fv2%2Fcategories&post=3041"},{"taxonomy":"post_tag","embeddable":true,"href":"http:\/\/thekfiles.pl\/index.php?rest_route=%2Fwp%2Fv2%2Ftags&post=3041"}],"curies":[{"name":"wp","href":"https:\/\/api.w.org\/{rel}","templated":true}]}}