{"id":3024,"date":"2021-07-09T16:42:10","date_gmt":"2021-07-09T14:42:10","guid":{"rendered":"http:\/\/thekfiles.pl\/?p=3024"},"modified":"2021-07-09T16:42:10","modified_gmt":"2021-07-09T14:42:10","slug":"kot-dla-kota","status":"publish","type":"post","link":"http:\/\/thekfiles.pl\/?p=3024","title":{"rendered":"Kot dla kota"},"content":{"rendered":"\n<p>W zesz\u0142ym roku napisa\u0142am posta o swoich <a href=\"http:\/\/thekfiles.pl\/?p=2962\" data-type=\"URL\" data-id=\"http:\/\/thekfiles.pl\/?p=2962\">kotach<\/a>. By\u0142am wtedy w trakcie pewnego rodzaju \u017ca\u0142oby po Ry\u015bku i Lenie. Nadal oczy mi wilgotniej\u0105 na ich wspomnienie, ale poniewa\u017c jest to wpis do\u015b\u0107 &#8222;wysoko&#8221; na stronie w por\u00f3wnaniu z tym, co pisz\u0119 teraz, postanowi\u0142am nieco zaktualizowa\u0107 informacje.<\/p>\n\n\n\n<p>1 lipca 2020 roku, po szybkich poszukiwaniach na OLX i zakochaniu od pierwszego wejrzenia, wymianie sms\u00f3w z autork\u0105 og\u0142oszenia, szybkim telefonie, czekaniu na wie\u015b\u0107, czy kot jest jeszcze dost\u0119pny i jeszcze szybszej wieczornej je\u017adzie do Gdyni (to by\u0142a \u015broda, w \u015brody pracuj\u0119 do 18:30, wi\u0119c po robocie by\u0142 kurs do domu po transporter i zaraz potem jazda 25 kilometr\u00f3w w jedn\u0105 stron\u0119), do mojego mieszkanka do\u0142\u0105czy\u0142a Balbina.<\/p>\n\n\n\n<p>Balbina mia\u0142a wtedy ok. 2-3 lat, zosta\u0142a podobno od\u0142owiona z ulicy w Gdyni. W swoim gdy\u0144skim domu mia\u0142a cudownych karmicieli, ale te\u017c mniej cudown\u0105 koci\u0105 towarzyszk\u0119, kt\u00f3ra j\u0105 \u015bciga\u0142a po mieszkaniu.<\/p>\n\n\n\n<p>Z drugiej strony by\u0142am ja, na skraju za\u0142amania i z wyj\u0105c\u0105 po nocach od trzech miesi\u0119cy Mr\u00f3wk\u0105.<\/p>\n\n\n\n<p>Kot zosta\u0142 wzi\u0119ty dla kota. Ja nie musz\u0119 mie\u0107 dw\u00f3ch. Ale Mr\u00f3wka musi mie\u0107.<\/p>\n\n\n\n<p>Balbina przez pierwsze dwa dni wygl\u0105da\u0142a g\u0142\u00f3wnie tak:<\/p>\n\n\n\n<figure class=\"wp-block-image size-large\"><a href=\"http:\/\/thekfiles.pl\/wp-content\/uploads\/2021\/07\/balbina-1.jpg\"><img loading=\"lazy\" decoding=\"async\" width=\"712\" height=\"1024\" src=\"http:\/\/thekfiles.pl\/wp-content\/uploads\/2021\/07\/balbina-1-712x1024.jpg\" alt=\"\" class=\"wp-image-3019\" srcset=\"http:\/\/thekfiles.pl\/wp-content\/uploads\/2021\/07\/balbina-1-712x1024.jpg 712w, http:\/\/thekfiles.pl\/wp-content\/uploads\/2021\/07\/balbina-1-209x300.jpg 209w, http:\/\/thekfiles.pl\/wp-content\/uploads\/2021\/07\/balbina-1-768x1104.jpg 768w, http:\/\/thekfiles.pl\/wp-content\/uploads\/2021\/07\/balbina-1-1069x1536.jpg 1069w, http:\/\/thekfiles.pl\/wp-content\/uploads\/2021\/07\/balbina-1-1200x1725.jpg 1200w, http:\/\/thekfiles.pl\/wp-content\/uploads\/2021\/07\/balbina-1.jpg 1402w\" sizes=\"auto, (max-width: 712px) 100vw, 712px\" \/><\/a><\/figure>\n\n\n\n<p>Og\u00f3lnie wiedzia\u0142am, \u017ce jest p\u0142ochliwa, na r\u0119ce nie daje si\u0119 w og\u00f3le wzi\u0105\u0107, pr\u00f3by z\u0142apania ko\u0144cz\u0105 si\u0119 gonitw\u0105 po mieszkaniu, chyba \u017ce si\u0119 j\u0105 we\u017amie naprawd\u0119 z zaskoczenia, ale kot wykazuje poza tym w\u0142a\u015bciwie zero agresji, a o to mi w du\u017cej mierze chodzi\u0142o. Mr\u00f3wka jest koci\u0105 seniork\u0105, tu nie chodzi o przep\u0119dzenie jej po mieszkaniu, czego rado\u015bnie podejmowa\u0142 si\u0119 Rysiek, tylko o jej instynkt stadny.<\/p>\n\n\n\n<p>Trzeciego dnia by\u0142o troch\u0119 lepiej, bo tak:<\/p>\n\n\n\n<figure class=\"wp-block-image size-large\"><a href=\"http:\/\/thekfiles.pl\/wp-content\/uploads\/2021\/07\/balbina-2.jpg\"><img loading=\"lazy\" decoding=\"async\" width=\"1024\" height=\"965\" src=\"http:\/\/thekfiles.pl\/wp-content\/uploads\/2021\/07\/balbina-2-1024x965.jpg\" alt=\"\" class=\"wp-image-3021\" srcset=\"http:\/\/thekfiles.pl\/wp-content\/uploads\/2021\/07\/balbina-2-1024x965.jpg 1024w, http:\/\/thekfiles.pl\/wp-content\/uploads\/2021\/07\/balbina-2-300x283.jpg 300w, http:\/\/thekfiles.pl\/wp-content\/uploads\/2021\/07\/balbina-2-768x724.jpg 768w, http:\/\/thekfiles.pl\/wp-content\/uploads\/2021\/07\/balbina-2-1200x1131.jpg 1200w, http:\/\/thekfiles.pl\/wp-content\/uploads\/2021\/07\/balbina-2.jpg 1440w\" sizes=\"auto, (max-width: 1024px) 100vw, 1024px\" \/><\/a><\/figure>\n\n\n\n<p>Trwa\u0142o to dobre kilka dni, zanim Balbina zacz\u0119\u0142a w og\u00f3le je\u015b\u0107 i pokazywa\u0107 si\u0119 w otwartej przestrzeni. Zaanektowa\u0142a najwy\u017csze legowisko na drapaku &#8211; jako pierwszy z trzech kot\u00f3w, kt\u00f3re z tego wysokiego na 160 cm drzewka korzysta\u0142y.<\/p>\n\n\n\n<p>Zacz\u0119li\u015bmy si\u0119 oswaja\u0107 ze sob\u0105.<\/p>\n\n\n\n<p>Po kilku tygodniach dochodzi\u0142o i do takich sytuacji:<\/p>\n\n\n\n<figure class=\"wp-block-image size-large\"><a href=\"http:\/\/thekfiles.pl\/wp-content\/uploads\/2021\/07\/balbina-3.jpg\"><img loading=\"lazy\" decoding=\"async\" width=\"1024\" height=\"1024\" src=\"http:\/\/thekfiles.pl\/wp-content\/uploads\/2021\/07\/balbina-3-1024x1024.jpg\" alt=\"\" class=\"wp-image-3022\" srcset=\"http:\/\/thekfiles.pl\/wp-content\/uploads\/2021\/07\/balbina-3-1024x1024.jpg 1024w, http:\/\/thekfiles.pl\/wp-content\/uploads\/2021\/07\/balbina-3-300x300.jpg 300w, http:\/\/thekfiles.pl\/wp-content\/uploads\/2021\/07\/balbina-3-150x150.jpg 150w, http:\/\/thekfiles.pl\/wp-content\/uploads\/2021\/07\/balbina-3-768x768.jpg 768w, http:\/\/thekfiles.pl\/wp-content\/uploads\/2021\/07\/balbina-3.jpg 1080w\" sizes=\"auto, (max-width: 1024px) 100vw, 1024px\" \/><\/a><figcaption>Musz\u0119 nauczy\u0107 si\u0119 spa\u0107 na plecach&#8230;<\/figcaption><\/figure>\n\n\n\n<p>Z\u0142apa\u0107 si\u0119 nadal nie daje, ale trzyma si\u0119 obok, czasami w\u0142azi na mnie, jak le\u017c\u0119 w \u0142\u00f3\u017cku, i udeptuje.<\/p>\n\n\n\n<p>A to zdj\u0119cie z dzi\u015b:<\/p>\n\n\n\n<figure class=\"wp-block-image size-large\"><a href=\"http:\/\/thekfiles.pl\/wp-content\/uploads\/2021\/07\/balbina-4.jpg\"><img loading=\"lazy\" decoding=\"async\" width=\"1024\" height=\"955\" src=\"http:\/\/thekfiles.pl\/wp-content\/uploads\/2021\/07\/balbina-4-1024x955.jpg\" alt=\"\" class=\"wp-image-3020\" srcset=\"http:\/\/thekfiles.pl\/wp-content\/uploads\/2021\/07\/balbina-4-1024x955.jpg 1024w, http:\/\/thekfiles.pl\/wp-content\/uploads\/2021\/07\/balbina-4-300x280.jpg 300w, http:\/\/thekfiles.pl\/wp-content\/uploads\/2021\/07\/balbina-4-768x716.jpg 768w, http:\/\/thekfiles.pl\/wp-content\/uploads\/2021\/07\/balbina-4.jpg 1080w\" sizes=\"auto, (max-width: 1024px) 100vw, 1024px\" \/><\/a><\/figure>\n\n\n\n<p>Zatem tak, mam dwa czarne koty. Jeden troch\u0119 bardziej czarny od drugiego.<\/p>\n\n\n\n<p>Nie kochaj\u0105 si\u0119 specjalnie, Balbina z Mr\u00f3wk\u0105, ale Mr\u00f3wka nie wyje w nocy (przynajmniej nie tak, jak wiosn\u0105), Balbiny nikt nie goni po mieszkaniu, poprzedni w\u0142a\u015bciciele z zaskoczeniem przyj\u0119li wie\u015b\u0107, \u017ce Balbina daje si\u0119 wyczesa\u0107 i \u017ce le\u017cy czasami z ko\u0142ami do g\u00f3ry, bo u nich to si\u0119 podobno nigdy nie zdarza\u0142o.<\/p>\n\n\n\n<p>Oczywi\u015bcie do ko\u0144ca r\u00f3\u017cowo te\u017c nie by\u0142o, bo Balbiniarz ten, fujtro w\u0142ochate, ma\u0142a paskuda obsikiwa\u0142a nam meble (w tym NOWIUTK\u0104 kanap\u0119 kupion\u0105 na zam\u00f3wienie za kup\u0119 piniondz\u00f3w), wi\u0119c od sierpnia jest na lekach uspokajaj\u0105cych (amitryptylina, na recept\u0119), kt\u00f3re powoli odstawiam, ale nie jestem pewna, czy nie b\u0119d\u0119 musia\u0142a do nich wr\u00f3ci\u0107. Obserwuj\u0119.<\/p>\n\n\n\n<p>Wi\u0119c tak. Tyle w temacie kot\u00f3w \ud83d\ude42<\/p>\n","protected":false},"excerpt":{"rendered":"<p>W zesz\u0142ym roku napisa\u0142am posta o swoich kotach. By\u0142am wtedy w trakcie pewnego rodzaju \u017ca\u0142oby po Ry\u015bku i Lenie. Nadal oczy mi wilgotniej\u0105 na ich wspomnienie, ale poniewa\u017c jest to wpis do\u015b\u0107 &#8222;wysoko&#8221; na stronie w por\u00f3wnaniu z tym, co pisz\u0119 teraz, postanowi\u0142am nieco zaktualizowa\u0107 informacje. 1 lipca 2020 roku, po szybkich poszukiwaniach na OLX [&hellip;]<\/p>\n","protected":false},"author":2,"featured_media":0,"comment_status":"open","ping_status":"open","sticky":false,"template":"","format":"standard","meta":{"footnotes":""},"categories":[5],"tags":[72,107],"class_list":["post-3024","post","type-post","status-publish","format-standard","hentry","category-osobiste","tag-koty","tag-osobiste-2"],"_links":{"self":[{"href":"http:\/\/thekfiles.pl\/index.php?rest_route=\/wp\/v2\/posts\/3024","targetHints":{"allow":["GET"]}}],"collection":[{"href":"http:\/\/thekfiles.pl\/index.php?rest_route=\/wp\/v2\/posts"}],"about":[{"href":"http:\/\/thekfiles.pl\/index.php?rest_route=\/wp\/v2\/types\/post"}],"author":[{"embeddable":true,"href":"http:\/\/thekfiles.pl\/index.php?rest_route=\/wp\/v2\/users\/2"}],"replies":[{"embeddable":true,"href":"http:\/\/thekfiles.pl\/index.php?rest_route=%2Fwp%2Fv2%2Fcomments&post=3024"}],"version-history":[{"count":3,"href":"http:\/\/thekfiles.pl\/index.php?rest_route=\/wp\/v2\/posts\/3024\/revisions"}],"predecessor-version":[{"id":3027,"href":"http:\/\/thekfiles.pl\/index.php?rest_route=\/wp\/v2\/posts\/3024\/revisions\/3027"}],"wp:attachment":[{"href":"http:\/\/thekfiles.pl\/index.php?rest_route=%2Fwp%2Fv2%2Fmedia&parent=3024"}],"wp:term":[{"taxonomy":"category","embeddable":true,"href":"http:\/\/thekfiles.pl\/index.php?rest_route=%2Fwp%2Fv2%2Fcategories&post=3024"},{"taxonomy":"post_tag","embeddable":true,"href":"http:\/\/thekfiles.pl\/index.php?rest_route=%2Fwp%2Fv2%2Ftags&post=3024"}],"curies":[{"name":"wp","href":"https:\/\/api.w.org\/{rel}","templated":true}]}}