{"id":3004,"date":"2021-06-26T21:34:20","date_gmt":"2021-06-26T19:34:20","guid":{"rendered":"http:\/\/thekfiles.pl\/?p=3004"},"modified":"2021-07-05T20:53:41","modified_gmt":"2021-07-05T18:53:41","slug":"madera","status":"publish","type":"post","link":"http:\/\/thekfiles.pl\/?p=3004","title":{"rendered":"Madera"},"content":{"rendered":"\n<p>Madera, po\u0142o\u017cona u p\u00f3\u0142nocnych wybrze\u017cy Afryki, jest do\u015b\u0107 \u201cm\u0142od\u0105\u201d wysp\u0105 pochodzenia wulkanicznego, nazywana czasami Hawajami Europy. Jest bardzo g\u00f3rzysta, wyst\u0119puje tu kilkadziesi\u0105t mikroklimat\u00f3w. Woda pitna pochodzi z chmur, jest bardzo smaczna, bardzo mi\u0119kka i jest jej pod dostatkiem, co jest bardzo ciekawe na wyspie po\u0142o\u017conej na \u015brodku oceanu.<\/p>\n\n\n\n<figure class=\"wp-block-image size-large\"><a href=\"http:\/\/thekfiles.pl\/wp-content\/uploads\/2021\/06\/IMG_20210329_111803.jpg\"><img loading=\"lazy\" decoding=\"async\" width=\"1024\" height=\"766\" src=\"http:\/\/thekfiles.pl\/wp-content\/uploads\/2021\/06\/IMG_20210329_111803-1024x766.jpg\" alt=\"\" class=\"wp-image-3001\" srcset=\"http:\/\/thekfiles.pl\/wp-content\/uploads\/2021\/06\/IMG_20210329_111803-1024x766.jpg 1024w, http:\/\/thekfiles.pl\/wp-content\/uploads\/2021\/06\/IMG_20210329_111803-300x224.jpg 300w, http:\/\/thekfiles.pl\/wp-content\/uploads\/2021\/06\/IMG_20210329_111803-768x574.jpg 768w, http:\/\/thekfiles.pl\/wp-content\/uploads\/2021\/06\/IMG_20210329_111803-1536x1149.jpg 1536w, http:\/\/thekfiles.pl\/wp-content\/uploads\/2021\/06\/IMG_20210329_111803-2048x1532.jpg 2048w, http:\/\/thekfiles.pl\/wp-content\/uploads\/2021\/06\/IMG_20210329_111803-1200x898.jpg 1200w, http:\/\/thekfiles.pl\/wp-content\/uploads\/2021\/06\/IMG_20210329_111803-1980x1481.jpg 1980w\" sizes=\"auto, (max-width: 1024px) 100vw, 1024px\" \/><\/a><figcaption>Maderskie g\u00f3ry<\/figcaption><\/figure>\n\n\n\n<p>Znana ju\u017c Fenicjanom, zosta\u0142a oficjalnie odkryta na pocz\u0105tku XV wieku i bardzo szybko zasiedlona (nie by\u0142o tu ludno\u015bci pierwotnej).<\/p>\n\n\n\n<p>Obecnie stanowi region autonomiczny Portugalii i jest peryferyjnym obszarem Unii Europejskiej: ma w\u0142asny rz\u0105d i prezydenta, p\u0142aci si\u0119 w euro, wyspa nale\u017cy do strefy Schengen.<\/p>\n\n\n\n<p>G\u0142\u00f3wne lotnisko znajduje si\u0119 niedaleko stolicy wyspy, Funchal; nazwane imieniem Cristiano Ronaldo (najs\u0142ynniejszy Maderczyk) ma opini\u0119 niebezpiecznego. Ostatni bardzo powa\u017cny wypadek mia\u0142 miejsce w 1977 roku, kiedy to samolot linii TAP Portugal (jednej z najbezpieczniejszych na \u015bwiecie), usi\u0142uj\u0105cy wyl\u0105dowa\u0107 w trudnych warunkach pogodowych stoczy\u0142 si\u0119 z bardzo kr\u00f3tkiego pasa (wtedy ok. 1600 metr\u00f3w); zgin\u0119\u0142y wtedy 133 osoby. Obecnie lotnisko jest pe\u0142nowymiarowe, pas ma d\u0142ugo\u015b\u0107 ponad 2700 metr\u00f3w (cz\u0119\u015b\u0107 pasa jest podparta nad drog\u0105 na 180 filarach), ale ze wzgl\u0119du na boczne wiatry i zmienne warunki pogodowe nadal jest bardzo trudne technicznie. Piloci l\u0105duj\u0105cy tutaj musz\u0105 mie\u0107 specjaln\u0105 licencj\u0119. Na YT mo\u017cna bardzo \u0142atwo znale\u017a\u0107 filmiki ze spektakularnymi l\u0105dowaniami \ud83d\ude42<\/p>\n\n\n\n<figure class=\"wp-block-image size-large\"><a href=\"http:\/\/thekfiles.pl\/wp-content\/uploads\/2021\/06\/IMG_20210328_111344-1.jpg\"><img loading=\"lazy\" decoding=\"async\" width=\"766\" height=\"1024\" src=\"http:\/\/thekfiles.pl\/wp-content\/uploads\/2021\/06\/IMG_20210328_111344-1-766x1024.jpg\" alt=\"\" class=\"wp-image-3000\" srcset=\"http:\/\/thekfiles.pl\/wp-content\/uploads\/2021\/06\/IMG_20210328_111344-1-766x1024.jpg 766w, http:\/\/thekfiles.pl\/wp-content\/uploads\/2021\/06\/IMG_20210328_111344-1-224x300.jpg 224w, http:\/\/thekfiles.pl\/wp-content\/uploads\/2021\/06\/IMG_20210328_111344-1-768x1027.jpg 768w, http:\/\/thekfiles.pl\/wp-content\/uploads\/2021\/06\/IMG_20210328_111344-1-1149x1536.jpg 1149w, http:\/\/thekfiles.pl\/wp-content\/uploads\/2021\/06\/IMG_20210328_111344-1-1532x2048.jpg 1532w, http:\/\/thekfiles.pl\/wp-content\/uploads\/2021\/06\/IMG_20210328_111344-1-1200x1604.jpg 1200w, http:\/\/thekfiles.pl\/wp-content\/uploads\/2021\/06\/IMG_20210328_111344-1.jpg 1870w\" sizes=\"auto, (max-width: 766px) 100vw, 766px\" \/><\/a><figcaption>Funchal<\/figcaption><\/figure>\n\n\n\n<p>L\u0105dowanie samolotu lini Enter Air, kt\u00f3ry polecia\u0142 z Warszawy 27 marca 2021 m.in. ze mn\u0105 i moj\u0105 siostr\u0105 (pomys\u0142odawczyni\u0105 ca\u0142ego wyjazdu) na pok\u0142adzie nie by\u0142o spektakularne, chocia\u017c odby\u0142o si\u0119 podczas burzy. Odprawa by\u0142a w\u0142a\u015bciwie niezauwa\u017calna, obie pokaza\u0142y\u015bmy za\u015bwiadczenia pomocne podczas podr\u00f3\u017cowania w czasie epidemii (w moim przypadku potwierdzenie przyj\u0119cia obu dawek szczepionki przeciwko Covid-19) i szybko zosta\u0142y\u015bmy odwiezione do hotelu Florasol sieci Dorisol w Funchal.<\/p>\n\n\n\n<p>I tu zacz\u0119\u0142o si\u0119 robi\u0107 ciekawie \ud83d\ude42<\/p>\n\n\n\n<p>Poniewa\u017c nie zd\u0105\u017cy\u0142y\u015bmy zrobi\u0107 zakup\u00f3w na kolacj\u0119, wybra\u0142y\u015bmy si\u0119 do hotelowej restauracji. Kolacja by\u0142a pe\u0142na emocji &#8211; nie do\u015b\u0107, \u017ce zgodnie ubzdryngoli\u0142y\u015bmy si\u0119 sangri\u0105, to jeszcze z powodu nagromadzonej w suficie wody (ci\u0105gle pada\u0142o) spad\u0142 spory kawa\u0142 p\u0142yt gipsowo-kartonowych. Og\u00f3lnie zastanawia\u0142y\u015bmy si\u0119, czy nie pop\u0142yniemy. Gdzie\u015b na wzg\u00f3rzach trzasn\u0105\u0142 piorun i znikn\u0105\u0142 pr\u0105d na ca\u0142ej ulicy (dopiero nast\u0119pnego dnia przeczyta\u0142am, \u017ce w\u0142a\u015bciwie p\u00f3\u0142 wyspy nie mia\u0142o pr\u0105du, a lokalni mieszka\u0144cy zacz\u0119li si\u0119 obawia\u0107 powt\u00f3rki z 20 lutego 2010 roku, kiedy to w lawinach b\u0142otnych zgin\u0119\u0142o kilkadziesi\u0105t os\u00f3b). Og\u00f3lnie noc by\u0142a bardzo kiepsko przespana, sp\u0119dzona na ws\u0142uchiwaniu si\u0119 w plusk i szum wody za oknem.<\/p>\n\n\n\n<figure class=\"wp-block-image size-large\"><a href=\"http:\/\/thekfiles.pl\/wp-content\/uploads\/2021\/06\/IMG_20210328_111203.jpg\"><img loading=\"lazy\" decoding=\"async\" width=\"1024\" height=\"766\" src=\"http:\/\/thekfiles.pl\/wp-content\/uploads\/2021\/06\/IMG_20210328_111203-1024x766.jpg\" alt=\"\" class=\"wp-image-3010\" srcset=\"http:\/\/thekfiles.pl\/wp-content\/uploads\/2021\/06\/IMG_20210328_111203-1024x766.jpg 1024w, http:\/\/thekfiles.pl\/wp-content\/uploads\/2021\/06\/IMG_20210328_111203-300x224.jpg 300w, http:\/\/thekfiles.pl\/wp-content\/uploads\/2021\/06\/IMG_20210328_111203-768x574.jpg 768w, http:\/\/thekfiles.pl\/wp-content\/uploads\/2021\/06\/IMG_20210328_111203-1536x1149.jpg 1536w, http:\/\/thekfiles.pl\/wp-content\/uploads\/2021\/06\/IMG_20210328_111203-2048x1532.jpg 2048w, http:\/\/thekfiles.pl\/wp-content\/uploads\/2021\/06\/IMG_20210328_111203-1200x898.jpg 1200w, http:\/\/thekfiles.pl\/wp-content\/uploads\/2021\/06\/IMG_20210328_111203-1980x1481.jpg 1980w\" sizes=\"auto, (max-width: 1024px) 100vw, 1024px\" \/><\/a><figcaption>Park w Funchal<\/figcaption><\/figure>\n\n\n\n<p>Nast\u0119pnego dnia, po \u015bniadaniu zjedzonym w pokoju (do restauracji nie by\u0142o wst\u0119pu, dosta\u0142y\u015bmy kanapki, owoce, ciasto i sok &#8211; z racji braku pr\u0105du o kawie nie by\u0142o mowy) posz\u0142y\u015bmy na zakupy do lokalnej Biedronki (Pingo Doce) i potem na spacer po Funchal. Wysz\u0142o s\u0142oneczko, temperatura by\u0142a przyjemna (ok. 18 stopni), spokojnie przedrepta\u0142y\u015bmy ok. 16 kilometr\u00f3w, zjad\u0142y\u015bmy obiad na mie\u015bcie.<\/p>\n\n\n\n<figure class=\"wp-block-image size-large\"><a href=\"http:\/\/thekfiles.pl\/wp-content\/uploads\/2021\/06\/IMG_20210328_124921-scaled.jpg\"><img loading=\"lazy\" decoding=\"async\" width=\"766\" height=\"1024\" src=\"http:\/\/thekfiles.pl\/wp-content\/uploads\/2021\/06\/IMG_20210328_124921-766x1024.jpg\" alt=\"\" class=\"wp-image-2996\" srcset=\"http:\/\/thekfiles.pl\/wp-content\/uploads\/2021\/06\/IMG_20210328_124921-766x1024.jpg 766w, http:\/\/thekfiles.pl\/wp-content\/uploads\/2021\/06\/IMG_20210328_124921-224x300.jpg 224w, http:\/\/thekfiles.pl\/wp-content\/uploads\/2021\/06\/IMG_20210328_124921-768x1026.jpg 768w, http:\/\/thekfiles.pl\/wp-content\/uploads\/2021\/06\/IMG_20210328_124921-1149x1536.jpg 1149w, http:\/\/thekfiles.pl\/wp-content\/uploads\/2021\/06\/IMG_20210328_124921-1532x2048.jpg 1532w, http:\/\/thekfiles.pl\/wp-content\/uploads\/2021\/06\/IMG_20210328_124921-1200x1604.jpg 1200w, http:\/\/thekfiles.pl\/wp-content\/uploads\/2021\/06\/IMG_20210328_124921-1980x2646.jpg 1980w, http:\/\/thekfiles.pl\/wp-content\/uploads\/2021\/06\/IMG_20210328_124921-scaled.jpg 1916w\" sizes=\"auto, (max-width: 766px) 100vw, 766px\" \/><\/a><figcaption>Jedne z wielu malowanych drzwi na Rua de Santa Maria w Funchal<\/figcaption><\/figure>\n\n\n\n<p>W poniedzia\u0142ek odby\u0142a si\u0119 pierwsza zorganizowana wycieczka wraz z lokalnym biurem, Dragon Tree Travel, prowadzonym przez Polaka, Juliusza zwanego Julkiem. Wycieczki (by\u0142y w sumie trzy) odbywa\u0142y si\u0119 trzema samochodami terenowymi Land Rover; gadanin\u0119 Julka mo\u017cna by\u0142o s\u0142ycha\u0107 we wszystkich trzech za pomoc\u0105 specjalnego systemu nag\u0142a\u015bniaj\u0105cego.<\/p>\n\n\n\n<figure class=\"wp-block-image size-large\"><a href=\"http:\/\/thekfiles.pl\/wp-content\/uploads\/2021\/06\/IMG_20210401_163801-scaled.jpg\"><img loading=\"lazy\" decoding=\"async\" width=\"1024\" height=\"766\" src=\"http:\/\/thekfiles.pl\/wp-content\/uploads\/2021\/06\/IMG_20210401_163801-1024x766.jpg\" alt=\"\" class=\"wp-image-2993\" srcset=\"http:\/\/thekfiles.pl\/wp-content\/uploads\/2021\/06\/IMG_20210401_163801-1024x766.jpg 1024w, http:\/\/thekfiles.pl\/wp-content\/uploads\/2021\/06\/IMG_20210401_163801-300x224.jpg 300w, http:\/\/thekfiles.pl\/wp-content\/uploads\/2021\/06\/IMG_20210401_163801-768x575.jpg 768w, http:\/\/thekfiles.pl\/wp-content\/uploads\/2021\/06\/IMG_20210401_163801-1536x1149.jpg 1536w, http:\/\/thekfiles.pl\/wp-content\/uploads\/2021\/06\/IMG_20210401_163801-2048x1532.jpg 2048w, http:\/\/thekfiles.pl\/wp-content\/uploads\/2021\/06\/IMG_20210401_163801-1200x898.jpg 1200w, http:\/\/thekfiles.pl\/wp-content\/uploads\/2021\/06\/IMG_20210401_163801-1980x1482.jpg 1980w\" sizes=\"auto, (max-width: 1024px) 100vw, 1024px\" \/><\/a><figcaption>P\u00f3\u0142wysep \u015bw. Wawrzy\u0144ca<\/figcaption><\/figure>\n\n\n\n<p>Og\u00f3lnie z Julkiem przejecha\u0142y\u015bmy naprawd\u0119 spory kawa\u0142 wyspy: g\u00f3rzyste centrum, p\u00f3\u0142noc z basenami lawowymi w Porto Moniz, lasy wawrzynowe, stary las laurowy Fanal, P\u00f3\u0142wysep \u015bw. Wawrzy\u0144ca, przesz\u0142y\u015bmy si\u0119 wzd\u0142u\u017c lewady &#8211; jednego z kana\u0142\u00f3w, kt\u00f3re rozprowadzaj\u0105 wod\u0119 skraplaj\u0105c\u0105 si\u0119 na p\u00f3\u0142nocy po ca\u0142ej wyspie\u2026 Og\u00f3lnie wycieczki Julka to chyba punkt obowi\u0105zkowy dla pierwszorazowych turyst\u00f3w na Maderze \ud83d\ude42<\/p>\n\n\n\n<figure class=\"wp-block-image size-large\"><a href=\"http:\/\/thekfiles.pl\/wp-content\/uploads\/2021\/06\/IMG_20210330_142321.jpg\"><img loading=\"lazy\" decoding=\"async\" width=\"1024\" height=\"766\" src=\"http:\/\/thekfiles.pl\/wp-content\/uploads\/2021\/06\/IMG_20210330_142321-1024x766.jpg\" alt=\"\" class=\"wp-image-3002\" srcset=\"http:\/\/thekfiles.pl\/wp-content\/uploads\/2021\/06\/IMG_20210330_142321-1024x766.jpg 1024w, http:\/\/thekfiles.pl\/wp-content\/uploads\/2021\/06\/IMG_20210330_142321-300x224.jpg 300w, http:\/\/thekfiles.pl\/wp-content\/uploads\/2021\/06\/IMG_20210330_142321-768x574.jpg 768w, http:\/\/thekfiles.pl\/wp-content\/uploads\/2021\/06\/IMG_20210330_142321-1536x1149.jpg 1536w, http:\/\/thekfiles.pl\/wp-content\/uploads\/2021\/06\/IMG_20210330_142321-2048x1532.jpg 2048w, http:\/\/thekfiles.pl\/wp-content\/uploads\/2021\/06\/IMG_20210330_142321-1200x898.jpg 1200w, http:\/\/thekfiles.pl\/wp-content\/uploads\/2021\/06\/IMG_20210330_142321-1980x1481.jpg 1980w\" sizes=\"auto, (max-width: 1024px) 100vw, 1024px\" \/><\/a><figcaption>Baseny lawowe w Porto Moniz<\/figcaption><\/figure>\n\n\n\n<figure class=\"wp-block-image size-large\"><a href=\"http:\/\/thekfiles.pl\/wp-content\/uploads\/2021\/06\/IMG_20210330_113919.jpg\"><img loading=\"lazy\" decoding=\"async\" width=\"1024\" height=\"766\" src=\"http:\/\/thekfiles.pl\/wp-content\/uploads\/2021\/06\/IMG_20210330_113919-1024x766.jpg\" alt=\"\" class=\"wp-image-2999\" srcset=\"http:\/\/thekfiles.pl\/wp-content\/uploads\/2021\/06\/IMG_20210330_113919-1024x766.jpg 1024w, http:\/\/thekfiles.pl\/wp-content\/uploads\/2021\/06\/IMG_20210330_113919-300x224.jpg 300w, http:\/\/thekfiles.pl\/wp-content\/uploads\/2021\/06\/IMG_20210330_113919-768x574.jpg 768w, http:\/\/thekfiles.pl\/wp-content\/uploads\/2021\/06\/IMG_20210330_113919-1536x1149.jpg 1536w, http:\/\/thekfiles.pl\/wp-content\/uploads\/2021\/06\/IMG_20210330_113919-2048x1532.jpg 2048w, http:\/\/thekfiles.pl\/wp-content\/uploads\/2021\/06\/IMG_20210330_113919-1200x898.jpg 1200w, http:\/\/thekfiles.pl\/wp-content\/uploads\/2021\/06\/IMG_20210330_113919-1980x1481.jpg 1980w\" sizes=\"auto, (max-width: 1024px) 100vw, 1024px\" \/><\/a><figcaption>Las Fanal &#8211; akurat nie by\u0142o mg\u0142y, a szkoda&#8230;<\/figcaption><\/figure>\n\n\n\n<figure class=\"wp-block-image size-large\"><a href=\"http:\/\/thekfiles.pl\/wp-content\/uploads\/2021\/06\/IMG_20210329_124622.jpg\"><img loading=\"lazy\" decoding=\"async\" width=\"1024\" height=\"766\" src=\"http:\/\/thekfiles.pl\/wp-content\/uploads\/2021\/06\/IMG_20210329_124622-1024x766.jpg\" alt=\"\" class=\"wp-image-3003\" srcset=\"http:\/\/thekfiles.pl\/wp-content\/uploads\/2021\/06\/IMG_20210329_124622-1024x766.jpg 1024w, http:\/\/thekfiles.pl\/wp-content\/uploads\/2021\/06\/IMG_20210329_124622-300x224.jpg 300w, http:\/\/thekfiles.pl\/wp-content\/uploads\/2021\/06\/IMG_20210329_124622-768x574.jpg 768w, http:\/\/thekfiles.pl\/wp-content\/uploads\/2021\/06\/IMG_20210329_124622-1536x1149.jpg 1536w, http:\/\/thekfiles.pl\/wp-content\/uploads\/2021\/06\/IMG_20210329_124622-2048x1532.jpg 2048w, http:\/\/thekfiles.pl\/wp-content\/uploads\/2021\/06\/IMG_20210329_124622-1200x898.jpg 1200w, http:\/\/thekfiles.pl\/wp-content\/uploads\/2021\/06\/IMG_20210329_124622-1980x1481.jpg 1980w\" sizes=\"auto, (max-width: 1024px) 100vw, 1024px\" \/><\/a><figcaption>Lewada<\/figcaption><\/figure>\n\n\n\n<p>Same te\u017c troch\u0119 pozwiedza\u0142y\u015bmy; najwi\u0119ksze wra\u017cenie zrobi\u0142 na mnie ogr\u00f3d tropikalny na wzg\u00f3rzu Monte w Funchal &#8211; mo\u017cna tam sp\u0119dzi\u0107 ca\u0142y dzie\u0144.<\/p>\n\n\n\n<figure class=\"wp-block-image size-large\"><a href=\"http:\/\/thekfiles.pl\/wp-content\/uploads\/2021\/06\/IMG_20210402_175716-scaled.jpg\"><img loading=\"lazy\" decoding=\"async\" width=\"1024\" height=\"766\" src=\"http:\/\/thekfiles.pl\/wp-content\/uploads\/2021\/06\/IMG_20210402_175716-1024x766.jpg\" alt=\"\" class=\"wp-image-2992\" srcset=\"http:\/\/thekfiles.pl\/wp-content\/uploads\/2021\/06\/IMG_20210402_175716-1024x766.jpg 1024w, http:\/\/thekfiles.pl\/wp-content\/uploads\/2021\/06\/IMG_20210402_175716-300x224.jpg 300w, http:\/\/thekfiles.pl\/wp-content\/uploads\/2021\/06\/IMG_20210402_175716-768x575.jpg 768w, http:\/\/thekfiles.pl\/wp-content\/uploads\/2021\/06\/IMG_20210402_175716-1536x1149.jpg 1536w, http:\/\/thekfiles.pl\/wp-content\/uploads\/2021\/06\/IMG_20210402_175716-2048x1532.jpg 2048w, http:\/\/thekfiles.pl\/wp-content\/uploads\/2021\/06\/IMG_20210402_175716-1200x898.jpg 1200w, http:\/\/thekfiles.pl\/wp-content\/uploads\/2021\/06\/IMG_20210402_175716-1980x1482.jpg 1980w\" sizes=\"auto, (max-width: 1024px) 100vw, 1024px\" \/><\/a><figcaption>Monte<\/figcaption><\/figure>\n\n\n\n<p>Poniewa\u017c wtedy jeszcze nie zacz\u0105\u0142 si\u0119 sezon turystyczny, troch\u0119 atrakcji nas omin\u0119\u0142o, np. przejazd kolejk\u0105 linow\u0105 z Funchal na Monte i p\u00f3\u017aniej zjazd saniami. Obie atrakcje ruszy\u0142y w maju.<\/p>\n\n\n\n<p>Madera jest regionem og\u00f3lnie do\u015b\u0107 biednym &#8211; ze wzgl\u0119du na izolacj\u0119 du\u017co ludzi choruje na depresj\u0119 i alkoholizm (szpitale psychiatryczne i leczenia alkoholizmu razem wzi\u0119te maj\u0105 wi\u0119cej \u0142\u00f3\u017cek ni\u017c szpital og\u00f3lny), zarobki te\u017c nie s\u0105 wysokie. W Funchal, gdzie mieszka\u0142y\u015bmy, spokojnie mo\u017cna dosta\u0107 wszystko, co jest potrzebne, p\u0142atno\u015bci kart\u0105 to norma, bardzo \u0142atwo mo\u017cna si\u0119 dogada\u0107 po angielsku.<\/p>\n\n\n\n<figure class=\"wp-block-image size-large\"><a href=\"http:\/\/thekfiles.pl\/wp-content\/uploads\/2021\/06\/IMG_20210328_122704.jpg\"><img loading=\"lazy\" decoding=\"async\" width=\"766\" height=\"1024\" src=\"http:\/\/thekfiles.pl\/wp-content\/uploads\/2021\/06\/IMG_20210328_122704-766x1024.jpg\" alt=\"\" class=\"wp-image-3006\" srcset=\"http:\/\/thekfiles.pl\/wp-content\/uploads\/2021\/06\/IMG_20210328_122704-766x1024.jpg 766w, http:\/\/thekfiles.pl\/wp-content\/uploads\/2021\/06\/IMG_20210328_122704-224x300.jpg 224w, http:\/\/thekfiles.pl\/wp-content\/uploads\/2021\/06\/IMG_20210328_122704-768x1027.jpg 768w, http:\/\/thekfiles.pl\/wp-content\/uploads\/2021\/06\/IMG_20210328_122704-1149x1536.jpg 1149w, http:\/\/thekfiles.pl\/wp-content\/uploads\/2021\/06\/IMG_20210328_122704-1532x2048.jpg 1532w, http:\/\/thekfiles.pl\/wp-content\/uploads\/2021\/06\/IMG_20210328_122704-1200x1604.jpg 1200w, http:\/\/thekfiles.pl\/wp-content\/uploads\/2021\/06\/IMG_20210328_122704.jpg 1870w\" sizes=\"auto, (max-width: 766px) 100vw, 766px\" \/><\/a><figcaption>Ma\u0142y Ksi\u0105\u017c\u0119 z uliczki z malowanymi drzwiami w Funchal<\/figcaption><\/figure>\n\n\n\n<p>Wiele dr\u00f3g jest bardzo trudnych dla niewprawionych kierowc\u00f3w: drogi s\u0105 w\u0105skie, wyst\u0119puj\u0105 du\u017ce nachylenia terenu. Drogi szybkiego ruchu zacz\u0119\u0142y powstawa\u0107 dopiero w latach 90 XX wieku, zjazd z g\u0142\u00f3wnych trakt\u00f3w dostarcza sporo adrenaliny. W nagrod\u0119 kultura jazdy jest &#8211; na pierwszy rzut oka &#8211; bardzo wysoka. Pieszym ust\u0119puje si\u0119 pierwsze\u0144stwa na pasach, nikt nie tr\u0105bi po z\u0142o\u015bci ;).<\/p>\n\n\n\n<p>Nie jest to miejsce na pla\u017cowanie; pla\u017c piaszczystych jest bardzo ma\u0142o. Jest to natomiast raj dla os\u00f3b lubi\u0105cych w\u0119dr\u00f3wki po szlakach turystycznych, bo widoki naprawd\u0119 zapieraj\u0105 dech w piersiach.<\/p>\n\n\n\n<figure class=\"wp-block-image size-large\"><a href=\"http:\/\/thekfiles.pl\/wp-content\/uploads\/2021\/06\/IMG_20210330_125832.jpg\"><img loading=\"lazy\" decoding=\"async\" width=\"1024\" height=\"766\" src=\"http:\/\/thekfiles.pl\/wp-content\/uploads\/2021\/06\/IMG_20210330_125832-1024x766.jpg\" alt=\"\" class=\"wp-image-3009\" srcset=\"http:\/\/thekfiles.pl\/wp-content\/uploads\/2021\/06\/IMG_20210330_125832-1024x766.jpg 1024w, http:\/\/thekfiles.pl\/wp-content\/uploads\/2021\/06\/IMG_20210330_125832-300x224.jpg 300w, http:\/\/thekfiles.pl\/wp-content\/uploads\/2021\/06\/IMG_20210330_125832-768x574.jpg 768w, http:\/\/thekfiles.pl\/wp-content\/uploads\/2021\/06\/IMG_20210330_125832-1536x1149.jpg 1536w, http:\/\/thekfiles.pl\/wp-content\/uploads\/2021\/06\/IMG_20210330_125832-2048x1532.jpg 2048w, http:\/\/thekfiles.pl\/wp-content\/uploads\/2021\/06\/IMG_20210330_125832-1200x898.jpg 1200w, http:\/\/thekfiles.pl\/wp-content\/uploads\/2021\/06\/IMG_20210330_125832-1980x1481.jpg 1980w\" sizes=\"auto, (max-width: 1024px) 100vw, 1024px\" \/><\/a><figcaption>Wybrze\u017ce<\/figcaption><\/figure>\n\n\n\n<p>Co do lokalnej kuchni, warto spr\u00f3bowa\u0107 espady (lokalna rybka g\u0142\u0119binowa, podawana cz\u0119sto z bananem), estepady (kawa\u0142ki wo\u0142owiny pieczone na grillu; z powodu hodowli kr\u00f3w \u201cna wolnym wybiegu\u201d mi\u0119so jest bardzo delikatne) i bolo do caco (chlebek czosnkowy). Z lokalnych trunk\u00f3w alkoholowych mo\u017cna wymieni\u0107 ponch\u0119 (najlepsza robiona na \u015bwie\u017co: bia\u0142y rum z sokiem pomara\u0144czowym i cytrynowym w r\u00f3wnych proporcjach plus mi\u00f3d do smaku; w sklepach mo\u017cna dosta\u0107 gotow\u0105 ponch\u0119, ale to nie to samo, chocia\u017c kopie przyjemnie) i lokalne wino madera (wino wzmacniane).<\/p>\n\n\n\n<figure class=\"wp-block-image size-large\"><a href=\"http:\/\/thekfiles.pl\/wp-content\/uploads\/2021\/06\/IMG_20210330_133538.jpg\"><img loading=\"lazy\" decoding=\"async\" width=\"1024\" height=\"766\" src=\"http:\/\/thekfiles.pl\/wp-content\/uploads\/2021\/06\/IMG_20210330_133538-1024x766.jpg\" alt=\"\" class=\"wp-image-3011\" srcset=\"http:\/\/thekfiles.pl\/wp-content\/uploads\/2021\/06\/IMG_20210330_133538-1024x766.jpg 1024w, http:\/\/thekfiles.pl\/wp-content\/uploads\/2021\/06\/IMG_20210330_133538-300x224.jpg 300w, http:\/\/thekfiles.pl\/wp-content\/uploads\/2021\/06\/IMG_20210330_133538-768x574.jpg 768w, http:\/\/thekfiles.pl\/wp-content\/uploads\/2021\/06\/IMG_20210330_133538-1536x1149.jpg 1536w, http:\/\/thekfiles.pl\/wp-content\/uploads\/2021\/06\/IMG_20210330_133538-2048x1532.jpg 2048w, http:\/\/thekfiles.pl\/wp-content\/uploads\/2021\/06\/IMG_20210330_133538-1200x898.jpg 1200w, http:\/\/thekfiles.pl\/wp-content\/uploads\/2021\/06\/IMG_20210330_133538-1980x1481.jpg 1980w\" sizes=\"auto, (max-width: 1024px) 100vw, 1024px\" \/><\/a><figcaption>Espada<\/figcaption><\/figure>\n\n\n\n<figure class=\"wp-block-image size-large\"><a href=\"http:\/\/thekfiles.pl\/wp-content\/uploads\/2021\/06\/IMG_20210329_131950.jpg\"><img loading=\"lazy\" decoding=\"async\" width=\"1024\" height=\"642\" src=\"http:\/\/thekfiles.pl\/wp-content\/uploads\/2021\/06\/IMG_20210329_131950-1024x642.jpg\" alt=\"\" class=\"wp-image-3008\" srcset=\"http:\/\/thekfiles.pl\/wp-content\/uploads\/2021\/06\/IMG_20210329_131950-1024x642.jpg 1024w, http:\/\/thekfiles.pl\/wp-content\/uploads\/2021\/06\/IMG_20210329_131950-300x188.jpg 300w, http:\/\/thekfiles.pl\/wp-content\/uploads\/2021\/06\/IMG_20210329_131950-768x481.jpg 768w, http:\/\/thekfiles.pl\/wp-content\/uploads\/2021\/06\/IMG_20210329_131950-1536x963.jpg 1536w, http:\/\/thekfiles.pl\/wp-content\/uploads\/2021\/06\/IMG_20210329_131950-2048x1284.jpg 2048w, http:\/\/thekfiles.pl\/wp-content\/uploads\/2021\/06\/IMG_20210329_131950-1200x752.jpg 1200w, http:\/\/thekfiles.pl\/wp-content\/uploads\/2021\/06\/IMG_20210329_131950-1980x1241.jpg 1980w\" sizes=\"auto, (max-width: 1024px) 100vw, 1024px\" \/><\/a><figcaption>Kr\u00f3wka z wolnego wybiegu \ud83d\ude09 (&#8222;Nie m\u00f3wi\u0107 przy nich s\u0142owa estepada, bo zamieniaj\u0105 si\u0119 w kozice g\u00f3rskie&#8221; &#8211; Julek)<\/figcaption><\/figure>\n\n\n\n<p>Og\u00f3lnie by\u0142 to bardzo udany wyjazd w niekonwencjonalne miejsce \ud83d\ude42<\/p>\n\n\n\n<p>(PS.: Restauracja hotelowa zosta\u0142a ogarni\u0119ta w ci\u0105gu chyba 4 dni &#8211; pod koniec naszego pobytu nie by\u0142o \u015bladu po powodzi. Tamte opady nale\u017ca\u0142y zreszt\u0105 do rekordowych w historii wyspy. Nie sko\u0144czy\u0142y si\u0119 tragicznie g\u0142\u00f3wnie dzi\u0119ki temu, \u017ce pada\u0142o g\u0142\u00f3wnie na wybrze\u017cu, a nie wysoko w g\u00f3rach, ale i tak podtopionych zosta\u0142o kilka parking\u00f3w podziemnych.)<\/p>\n","protected":false},"excerpt":{"rendered":"<p>Madera, po\u0142o\u017cona u p\u00f3\u0142nocnych wybrze\u017cy Afryki, jest do\u015b\u0107 \u201cm\u0142od\u0105\u201d wysp\u0105 pochodzenia wulkanicznego, nazywana czasami Hawajami Europy. Jest bardzo g\u00f3rzysta, wyst\u0119puje tu kilkadziesi\u0105t mikroklimat\u00f3w. Woda pitna pochodzi z chmur, jest bardzo smaczna, bardzo mi\u0119kka i jest jej pod dostatkiem, co jest bardzo ciekawe na wyspie po\u0142o\u017conej na \u015brodku oceanu. Znana ju\u017c Fenicjanom, zosta\u0142a oficjalnie odkryta na [&hellip;]<\/p>\n","protected":false},"author":2,"featured_media":0,"comment_status":"open","ping_status":"open","sticky":false,"template":"","format":"standard","meta":{"footnotes":""},"categories":[5],"tags":[215,107,176],"class_list":["post-3004","post","type-post","status-publish","format-standard","hentry","category-osobiste","tag-madera","tag-osobiste-2","tag-wakacje"],"_links":{"self":[{"href":"http:\/\/thekfiles.pl\/index.php?rest_route=\/wp\/v2\/posts\/3004","targetHints":{"allow":["GET"]}}],"collection":[{"href":"http:\/\/thekfiles.pl\/index.php?rest_route=\/wp\/v2\/posts"}],"about":[{"href":"http:\/\/thekfiles.pl\/index.php?rest_route=\/wp\/v2\/types\/post"}],"author":[{"embeddable":true,"href":"http:\/\/thekfiles.pl\/index.php?rest_route=\/wp\/v2\/users\/2"}],"replies":[{"embeddable":true,"href":"http:\/\/thekfiles.pl\/index.php?rest_route=%2Fwp%2Fv2%2Fcomments&post=3004"}],"version-history":[{"count":4,"href":"http:\/\/thekfiles.pl\/index.php?rest_route=\/wp\/v2\/posts\/3004\/revisions"}],"predecessor-version":[{"id":3023,"href":"http:\/\/thekfiles.pl\/index.php?rest_route=\/wp\/v2\/posts\/3004\/revisions\/3023"}],"wp:attachment":[{"href":"http:\/\/thekfiles.pl\/index.php?rest_route=%2Fwp%2Fv2%2Fmedia&parent=3004"}],"wp:term":[{"taxonomy":"category","embeddable":true,"href":"http:\/\/thekfiles.pl\/index.php?rest_route=%2Fwp%2Fv2%2Fcategories&post=3004"},{"taxonomy":"post_tag","embeddable":true,"href":"http:\/\/thekfiles.pl\/index.php?rest_route=%2Fwp%2Fv2%2Ftags&post=3004"}],"curies":[{"name":"wp","href":"https:\/\/api.w.org\/{rel}","templated":true}]}}