{"id":300,"date":"2014-07-04T11:59:50","date_gmt":"2014-07-04T09:59:50","guid":{"rendered":"http:\/\/thekfiles.pl\/?p=300"},"modified":"2014-07-04T11:59:50","modified_gmt":"2014-07-04T09:59:50","slug":"przedurlopowy-zapitolnik","status":"publish","type":"post","link":"http:\/\/thekfiles.pl\/?p=300","title":{"rendered":"Przedurlopowy zapitolnik"},"content":{"rendered":"<p>Jeszcze 8 dni roboczych do urlopu. Og\u00f3lnie 11 dni do wyjazdu do Pragi. A b\u0119d\u0105 to dni bardzo pracowite.<\/p>\n<p>Wczoraj mia\u0142am ochot\u0119 nie p\u00f3j\u015b\u0107 spa\u0107. Pewnie bym to zrobi\u0142a, gdyby nie to, \u017ce dzisiaj i jutro do pracy id\u0119, wi\u0119c nie mia\u0142abym kiedy odespa\u0107. I wczoraj ko\u0142o 22 jeszcze zaliczy\u0142am\u00a0ma\u0142y spacerek na pogotowie (gdzie mi nie pomogli) i do apteki ca\u0142odobowej (gdzie si\u0119 okaza\u0142o, \u017ce noc\u0105 \u0142atwiej si\u0119 nawi\u0105zuje kontakty mi\u0119dzyludzkie, nawet na trze\u017awo), bo podczas zabawy \u015bwieczkami poparzy\u0142am sobie przegub kciuka prawej r\u0119ki. Teraz mam \u0142adne zaczerwienienie i ma\u0142e p\u0119cherze. Jestem ciekawa, jak dzisiaj w pracy b\u0119d\u0119 sobie r\u0119ce dezynfekowa\u0107.<\/p>\n<p>Ponadto w og\u00f3le nienajlepiej si\u0119 czuj\u0119&#8230;<\/p>\n<p>Jutro te\u017c do pracy, 9-14.<\/p>\n<p>W niedziel\u0119 przed po\u0142udniem przyje\u017cd\u017ca \u0141., potem jad\u0119 do rodzic\u00f3w, bo Rodziciel wczoraj sko\u0144czy\u0142 59 lat.<\/p>\n<p>W poniedzia\u0142ek praca 8-18:30. Wtorek to samo. W \u015brod\u0119 8-13, prywatnie, wi\u0119c spokojnie, na 16 jad\u0119 do kosmetyczki zrobi\u0107 sobie pazurki hybrydowe. R\u00f3wnie\u017c\u00a0w \u015brod\u0119 albo w czwartek rano musz\u0119 zrobi\u0107 te\u017c przegl\u0105d techniczny i wymian\u0119 oleju w samochodzie, z czego pewnie ucieszy si\u0119 \u0141., kt\u00f3rego wyci\u0105gam do Poznania pod koniec lipca.<\/p>\n<p>W pi\u0105tek praca 9-21.<\/p>\n<p>W sobot\u0119 8:30-13. I urlop.<\/p>\n<p>W niedziel\u0119 prawdopodobnie\u00a0zamkn\u0119 si\u0119 w mieszkaniu na 4 spusty, chyba, \u017ce przyjedzie moja znajoma, to b\u0119dziemy biega\u0107 po jakim\u015b kurorcie. Albo w poniedzia\u0142ek. Na pewno przed wyjazdem musz\u0119 zaliczy\u0107 fryzjera i fotografa, bo ko\u0144czy mi si\u0119 wa\u017cno\u015b\u0107 dowodu osobistego (ale\u00a0mog\u0119 na nim jeszcze pojecha\u0107 do Pragi). Jakie\u015b zakupy gdzie\u015b kiedy\u015b&#8230; I 15 lipca o 23:45 ruszam na Po\u0142udnie.<\/p>\n<p>Do\u017cyj\u0119 do tego momentu?<\/p>\n","protected":false},"excerpt":{"rendered":"<p>Jeszcze 8 dni roboczych do urlopu. Og\u00f3lnie 11 dni do wyjazdu do Pragi. A b\u0119d\u0105 to dni bardzo pracowite. Wczoraj mia\u0142am ochot\u0119 nie p\u00f3j\u015b\u0107 spa\u0107. Pewnie bym to zrobi\u0142a, gdyby nie to, \u017ce dzisiaj i jutro do pracy id\u0119, wi\u0119c nie mia\u0142abym kiedy odespa\u0107. I wczoraj ko\u0142o 22 jeszcze zaliczy\u0142am\u00a0ma\u0142y spacerek na pogotowie (gdzie mi [&hellip;]<\/p>\n","protected":false},"author":2,"featured_media":0,"comment_status":"open","ping_status":"open","sticky":false,"template":"","format":"standard","meta":{"footnotes":""},"categories":[5],"tags":[107,173],"class_list":["post-300","post","type-post","status-publish","format-standard","hentry","category-osobiste","tag-osobiste-2","tag-urlop"],"_links":{"self":[{"href":"http:\/\/thekfiles.pl\/index.php?rest_route=\/wp\/v2\/posts\/300","targetHints":{"allow":["GET"]}}],"collection":[{"href":"http:\/\/thekfiles.pl\/index.php?rest_route=\/wp\/v2\/posts"}],"about":[{"href":"http:\/\/thekfiles.pl\/index.php?rest_route=\/wp\/v2\/types\/post"}],"author":[{"embeddable":true,"href":"http:\/\/thekfiles.pl\/index.php?rest_route=\/wp\/v2\/users\/2"}],"replies":[{"embeddable":true,"href":"http:\/\/thekfiles.pl\/index.php?rest_route=%2Fwp%2Fv2%2Fcomments&post=300"}],"version-history":[{"count":0,"href":"http:\/\/thekfiles.pl\/index.php?rest_route=\/wp\/v2\/posts\/300\/revisions"}],"wp:attachment":[{"href":"http:\/\/thekfiles.pl\/index.php?rest_route=%2Fwp%2Fv2%2Fmedia&parent=300"}],"wp:term":[{"taxonomy":"category","embeddable":true,"href":"http:\/\/thekfiles.pl\/index.php?rest_route=%2Fwp%2Fv2%2Fcategories&post=300"},{"taxonomy":"post_tag","embeddable":true,"href":"http:\/\/thekfiles.pl\/index.php?rest_route=%2Fwp%2Fv2%2Ftags&post=300"}],"curies":[{"name":"wp","href":"https:\/\/api.w.org\/{rel}","templated":true}]}}