{"id":2920,"date":"2019-05-10T16:26:06","date_gmt":"2019-05-10T14:26:06","guid":{"rendered":"http:\/\/thekfiles.pl\/?p=2920"},"modified":"2019-05-10T16:26:06","modified_gmt":"2019-05-10T14:26:06","slug":"sprawy-wazne","status":"publish","type":"post","link":"http:\/\/thekfiles.pl\/?p=2920","title":{"rendered":"Sprawy wa\u017cne"},"content":{"rendered":"<p>Opis sytuacyjny:<br \/>\nW pracy troch\u0119 nam si\u0119 posypa\u0142a obsada.\u00a0Z pi\u0119ciu lekarzy zosta\u0142o trzech, w tym codziennie pracuj\u0119 ja i szef.<br \/>\nSzef mieszka nad przychodni\u0105.<\/p>\n<p>Wychodz\u0105c kt\u00f3rego\u015b razu z pracy widzia\u0142am, \u017ce szef wyje\u017cd\u017ca\u0142 ty\u0142em autem z podjazdu do gara\u017cu. Musia\u0142abym przej\u015b\u0107 za jego autem, \u017ceby doj\u015b\u0107 do swojego wozide\u0142ka.<\/p>\n<p>Stan\u0119\u0142am wi\u0119c, \u017ceby m\u00f3g\u0142 wyjecha\u0107. Szef si\u0119 te\u017c zatrzyma\u0142. Oboje si\u0119 zawahali\u015bmy. W ko\u0144cu szef wyjecha\u0142, opu\u015bci\u0142 szyb\u0119 i rzuci\u0142:<\/p>\n<p>&#8222;Musz\u0119 uwa\u017ca\u0107, bo jak potr\u0105c\u0119, b\u0119d\u0119 musia\u0142 zupe\u0142nie sam pracowa\u0107&#8230;&#8221;<\/p>\n<p>No tak. Priorytety jasno ustalone \ud83d\ude09<\/p>\n<p>(za kar\u0119 zgas\u0142 mu silnik przy wykr\u0119caniu.)<\/p>\n","protected":false},"excerpt":{"rendered":"<p>Opis sytuacyjny: W pracy troch\u0119 nam si\u0119 posypa\u0142a obsada.\u00a0Z pi\u0119ciu lekarzy zosta\u0142o trzech, w tym codziennie pracuj\u0119 ja i szef. Szef mieszka nad przychodni\u0105. Wychodz\u0105c kt\u00f3rego\u015b razu z pracy widzia\u0142am, \u017ce szef wyje\u017cd\u017ca\u0142 ty\u0142em autem z podjazdu do gara\u017cu. Musia\u0142abym przej\u015b\u0107 za jego autem, \u017ceby doj\u015b\u0107 do swojego wozide\u0142ka. Stan\u0119\u0142am wi\u0119c, \u017ceby m\u00f3g\u0142 wyjecha\u0107. Szef [&hellip;]<\/p>\n","protected":false},"author":2,"featured_media":0,"comment_status":"open","ping_status":"closed","sticky":false,"template":"","format":"standard","meta":{"footnotes":""},"categories":[6],"tags":[39,127],"class_list":["post-2920","post","type-post","status-publish","format-standard","hentry","category-praca","tag-dialogi-z-szefem","tag-praca-2"],"_links":{"self":[{"href":"http:\/\/thekfiles.pl\/index.php?rest_route=\/wp\/v2\/posts\/2920","targetHints":{"allow":["GET"]}}],"collection":[{"href":"http:\/\/thekfiles.pl\/index.php?rest_route=\/wp\/v2\/posts"}],"about":[{"href":"http:\/\/thekfiles.pl\/index.php?rest_route=\/wp\/v2\/types\/post"}],"author":[{"embeddable":true,"href":"http:\/\/thekfiles.pl\/index.php?rest_route=\/wp\/v2\/users\/2"}],"replies":[{"embeddable":true,"href":"http:\/\/thekfiles.pl\/index.php?rest_route=%2Fwp%2Fv2%2Fcomments&post=2920"}],"version-history":[{"count":0,"href":"http:\/\/thekfiles.pl\/index.php?rest_route=\/wp\/v2\/posts\/2920\/revisions"}],"wp:attachment":[{"href":"http:\/\/thekfiles.pl\/index.php?rest_route=%2Fwp%2Fv2%2Fmedia&parent=2920"}],"wp:term":[{"taxonomy":"category","embeddable":true,"href":"http:\/\/thekfiles.pl\/index.php?rest_route=%2Fwp%2Fv2%2Fcategories&post=2920"},{"taxonomy":"post_tag","embeddable":true,"href":"http:\/\/thekfiles.pl\/index.php?rest_route=%2Fwp%2Fv2%2Ftags&post=2920"}],"curies":[{"name":"wp","href":"https:\/\/api.w.org\/{rel}","templated":true}]}}