{"id":2904,"date":"2019-02-21T19:04:52","date_gmt":"2019-02-21T18:04:52","guid":{"rendered":"http:\/\/thekfiles.pl\/?p=2904"},"modified":"2019-02-21T19:04:52","modified_gmt":"2019-02-21T18:04:52","slug":"nie-chce-isc","status":"publish","type":"post","link":"http:\/\/thekfiles.pl\/?p=2904","title":{"rendered":"&#8222;Nie chce i\u015b\u0107&#8221;"},"content":{"rendered":"\n<p>Dziecko lat 12. Z\u0105b boli od miesi\u0105ca. Ostatnio dokuczy\u0142 mocniej, wi\u0119c dziecko da\u0142o si\u0119 zaci\u0105gn\u0105\u0107 na fotel dentystyczny.<\/p>\n\n\n\n<p>Oczywi\u015bcie dolna sz\u00f3stka do kana\u0142\u00f3wki. Dziura jak studnia, jak to m\u00f3j dentysta lubi\u0142 mawia\u0107 (na temat moich w\u0142asnych z\u0119b\u00f3w, fakt).<\/p>\n\n\n\n<p>&#8222;Nie chce chodzi\u0107 do dentysty, tym razem te\u017c go ledwo zaci\u0105gn\u0119\u0142am.&#8221;<\/p>\n\n\n\n<p>Przepraszam bardzo, dziecko lat 12 decyduje o tym, czy idzie lub nie do dentysty?<\/p>\n\n\n\n<p>Chyba rzeczywi\u015bcie nie mog\u0119 mie\u0107 dzieci, bo mam pod tym wzgl\u0119dem charakter w\u0142a\u015bciwie despotyczny. Ja tej sytuacji nie rozumiem. Jak dziecko lat 12 mo\u017ce decydowa\u0107 o w\u0142asnym zdrowiu? Pije s\u0142odkie, gazowane napoje i nie lubi my\u0107 z\u0119b\u00f3w. Od dw\u00f3ch lat ma w przegl\u0105dzie zaznaczone dziury w z\u0119bach sta\u0142ych. Jedna sz\u00f3stka nadaje si\u0119 do usuni\u0119cia.<\/p>\n\n\n\n<p>Dziecko. LAT DWANA\u015aCIE.<\/p>\n\n\n\n<p>OK, w tym wieku nie by\u0142am lepsza, z myciem i s\u0142odyczami mia\u0142am ten sam problem. Ale nie przypominam sobie, \u017cebym nie dawa\u0142a si\u0119 zawie\u017a\u0107 kilkadziesi\u0105t kilometr\u00f3w do dentysty celem leczenia. Pami\u0119tam regularne jazdy, pami\u0119tam leczenie, przez d\u0142u\u017cszy czas bez znieczulenia, p\u00f3\u017aniej z. Nie by\u0142o, \u017ce nie chc\u0119, po co, skoro nie boli. Siada\u0142am na fotelu, otwiera\u0142am paszcz\u0119, s\u0142ucha\u0142am gadania pana doktora i odk\u0142ada\u0142am odpowiedzi na jego liczne pytania na p\u00f3\u017aniej (a potem i tak nie udawa\u0142o si\u0119 ich udzieli\u0107).<\/p>\n\n\n\n<p>Mo\u017ce i by\u0142am dziwna. Mo\u017ce nadal jestem. Jestem spaczona jako dentysta. Dodatkowo profilaktyka w naszym kraju le\u017cy i kwiczy (chocia\u017c NFZ zaczyna inwestowa\u0107 w zabiegi profilaktyczne wi\u0119cej kasy), w rezultacie z\u0119by s\u0105 chyba traktowane jako k\u0142opotliwy dodatek do reszty cia\u0142a, a studenci z Norwegii ucz\u0105 si\u0119 o pr\u00f3chnicy butelkowej na polskich z\u0119bach.<\/p>\n\n\n\n<p>Nie chce i\u015b\u0107. A co mnie to obchodzi? Z\u0142apa\u0107 za ko\u0142nierz i ruszy\u0107 dup\u0119, skoro boli od miesi\u0105ca, a ostatnia wizyta by\u0142a dwa lata temu. Na przegl\u0105d. Z zaznaczeniem sze\u015bciu z\u0119b\u00f3w do leczenia.<\/p>\n","protected":false},"excerpt":{"rendered":"<p>Dziecko lat 12. Z\u0105b boli od miesi\u0105ca. Ostatnio dokuczy\u0142 mocniej, wi\u0119c dziecko da\u0142o si\u0119 zaci\u0105gn\u0105\u0107 na fotel dentystyczny. Oczywi\u015bcie dolna sz\u00f3stka do kana\u0142\u00f3wki. Dziura jak studnia, jak to m\u00f3j dentysta lubi\u0142 mawia\u0107 (na temat moich w\u0142asnych z\u0119b\u00f3w, fakt). &#8222;Nie chce chodzi\u0107 do dentysty, tym razem te\u017c go ledwo zaci\u0105gn\u0119\u0142am.&#8221; Przepraszam bardzo, dziecko lat 12 decyduje [&hellip;]<\/p>\n","protected":false},"author":2,"featured_media":0,"comment_status":"open","ping_status":"closed","sticky":false,"template":"","format":"standard","meta":{"footnotes":""},"categories":[6],"tags":[47,127],"class_list":["post-2904","post","type-post","status-publish","format-standard","hentry","category-praca","tag-dziecko-jako-pacjent","tag-praca-2"],"_links":{"self":[{"href":"http:\/\/thekfiles.pl\/index.php?rest_route=\/wp\/v2\/posts\/2904","targetHints":{"allow":["GET"]}}],"collection":[{"href":"http:\/\/thekfiles.pl\/index.php?rest_route=\/wp\/v2\/posts"}],"about":[{"href":"http:\/\/thekfiles.pl\/index.php?rest_route=\/wp\/v2\/types\/post"}],"author":[{"embeddable":true,"href":"http:\/\/thekfiles.pl\/index.php?rest_route=\/wp\/v2\/users\/2"}],"replies":[{"embeddable":true,"href":"http:\/\/thekfiles.pl\/index.php?rest_route=%2Fwp%2Fv2%2Fcomments&post=2904"}],"version-history":[{"count":0,"href":"http:\/\/thekfiles.pl\/index.php?rest_route=\/wp\/v2\/posts\/2904\/revisions"}],"wp:attachment":[{"href":"http:\/\/thekfiles.pl\/index.php?rest_route=%2Fwp%2Fv2%2Fmedia&parent=2904"}],"wp:term":[{"taxonomy":"category","embeddable":true,"href":"http:\/\/thekfiles.pl\/index.php?rest_route=%2Fwp%2Fv2%2Fcategories&post=2904"},{"taxonomy":"post_tag","embeddable":true,"href":"http:\/\/thekfiles.pl\/index.php?rest_route=%2Fwp%2Fv2%2Ftags&post=2904"}],"curies":[{"name":"wp","href":"https:\/\/api.w.org\/{rel}","templated":true}]}}