{"id":2883,"date":"2018-11-19T19:22:02","date_gmt":"2018-11-19T18:22:02","guid":{"rendered":"http:\/\/thekfiles.pl\/?p=2883"},"modified":"2018-11-19T19:22:02","modified_gmt":"2018-11-19T18:22:02","slug":"damska-torebka","status":"publish","type":"post","link":"http:\/\/thekfiles.pl\/?p=2883","title":{"rendered":"Damska torebka"},"content":{"rendered":"<p>Na mojej trasie do pracy jest kawa\u0142ek zwany podjazdem na G\u00f3rk\u0119. W tym miejscu droga rozszerza si\u0119 na dwa pasy dla os\u00f3b jad\u0105cych w g\u00f3r\u0119, w d\u00f3\u0142 jest jeden pas (do pracy korzystam z dwupasm\u00f3wki). Na g\u00f3rnym ko\u0144cu owego podjazdu, kt\u00f3ry jest d\u0142ugo\u015bci oko\u0142o kilometra, droga si\u0119 zw\u0119\u017ca do jednego pasa, jest skrzy\u017cowanie i przej\u015bcie dla pieszych. Nie ma tam \u015bwiate\u0142, jest zebra, niedaleko jest przystanek autobusowy. Og\u00f3lnie skrzy\u017cowanie do\u015b\u0107 paskudne, bo ze wzgl\u0119du na du\u017cy ruch bardzo trudny jest tam skr\u0119t w lewo, ograniczenie pr\u0119dko\u015bci jest do 90 km\/h, przej\u015bcie dla pieszych nie jest jako\u015b szczeg\u00f3lnie o\u015bwietlone i z do\u0142u jest kiepska widoczno\u015b\u0107. Og\u00f3lnie koszmar.<\/p>\n<p>Jecha\u0142am dzisiaj rano do pracy. Ze wzgl\u0119du na do\u015b\u0107 meandruj\u0105cy charakter drogi, jak zbli\u017ca\u0142am si\u0119 do pocz\u0105tku podjazdu, widzia\u0142am na szczycie migaj\u0105ce, policyjne \u015bwiat\u0142a. I jako\u017c na dolnym pocz\u0105tku zacz\u0105\u0142 si\u0119 korek. Domy\u015bli\u0142am si\u0119, \u017ce wypadek. Wyjecha\u0142am na lewy pas, do czego zreszt\u0105 mam chyba pe\u0142ne prawo?<\/p>\n<p>Na owym kilometrowym odcinku widzia\u0142am pi\u0119\u0107 przyk\u0142ad\u00f3w drogowego buractwa.<\/p>\n<p>Trzech szeryfowa\u0142o. Szkoda, \u017ce nie jecha\u0142am bezpo\u015brednio za jednym z nich, zrobi\u0142abym zdj\u0105tko i wys\u0142a\u0142a gdzie trzeba. Szeryfowanie, czyli blokowanie lewego pasa, \u017ceby nie jecha\u0142 szybciej ni\u017c prawy, jest nielegalne, z tego, co wiem.<\/p>\n<p>Jeden si\u0119 wkurzy\u0142 na to szeryfowanie i pojecha\u0142 po podw\u00f3jnej ci\u0105g\u0142ej, wyprzedzi\u0142 szeryf\u00f3w i pogna\u0142 dalej. Dobrze, \u017ce s\u0142u\u017cby na szczycie robi\u0142y chyba ruch wahad\u0142owy, bo w d\u00f3\u0142 o tej porze jest masakryczny korek. By\u0142yby dwa wypadki.<\/p>\n<p>W ko\u0144cu przed przew\u0119\u017ceniem chcia\u0142am zjecha\u0107 na prawy pas. Po mojej prawej by\u0142o teoretycznie pusto, bo samoch\u00f3d na prawym, za mn\u0105, nieco zwolni\u0142. Zawsze patrz\u0119 przez rami\u0119, nie polegam tylko na lusterkach. W\u0142\u0105czy\u0142am kierunkowskaz. Zaczynam zmian\u0119 pasa. Za mn\u0105 auto daje po garach i prawie we mnie wje\u017cd\u017ca, nie wpuszcza na pas. Zje\u017cd\u017cam za nim, patrz\u0119 na mark\u0119 wozu.<\/p>\n<p>BMW. Wcale mnie to nie zdziwi\u0142o. Z ca\u0142ym szacunkiem.<\/p>\n<p>Na tym trudnym skrzy\u017cowaniu na szczycie podjazdu, z boku stoi osob\u00f3wka. Z drugiej strony karetka, stra\u017c po\u017carna i policja. A na \u015brodku le\u017cy damska torebka i br\u0105zowa peruka.<\/p>\n<p>To drugi wypadek ze skutkiem \u015bmiertelnym, kt\u00f3ry widzia\u0142am na tamtym przej\u015bciu.<\/p>\n<p>Podobno maj\u0105 tam zrobi\u0107 \u015bwiat\u0142a.<\/p>\n","protected":false},"excerpt":{"rendered":"<p>Na mojej trasie do pracy jest kawa\u0142ek zwany podjazdem na G\u00f3rk\u0119. W tym miejscu droga rozszerza si\u0119 na dwa pasy dla os\u00f3b jad\u0105cych w g\u00f3r\u0119, w d\u00f3\u0142 jest jeden pas (do pracy korzystam z dwupasm\u00f3wki). Na g\u00f3rnym ko\u0144cu owego podjazdu, kt\u00f3ry jest d\u0142ugo\u015bci oko\u0142o kilometra, droga si\u0119 zw\u0119\u017ca do jednego pasa, jest skrzy\u017cowanie i przej\u015bcie [&hellip;]<\/p>\n","protected":false},"author":2,"featured_media":0,"comment_status":"open","ping_status":"closed","sticky":false,"template":"","format":"standard","meta":{"footnotes":""},"categories":[5],"tags":[107,190],"class_list":["post-2883","post","type-post","status-publish","format-standard","hentry","category-osobiste","tag-osobiste-2","tag-wypadek-drogowy"],"_links":{"self":[{"href":"http:\/\/thekfiles.pl\/index.php?rest_route=\/wp\/v2\/posts\/2883","targetHints":{"allow":["GET"]}}],"collection":[{"href":"http:\/\/thekfiles.pl\/index.php?rest_route=\/wp\/v2\/posts"}],"about":[{"href":"http:\/\/thekfiles.pl\/index.php?rest_route=\/wp\/v2\/types\/post"}],"author":[{"embeddable":true,"href":"http:\/\/thekfiles.pl\/index.php?rest_route=\/wp\/v2\/users\/2"}],"replies":[{"embeddable":true,"href":"http:\/\/thekfiles.pl\/index.php?rest_route=%2Fwp%2Fv2%2Fcomments&post=2883"}],"version-history":[{"count":0,"href":"http:\/\/thekfiles.pl\/index.php?rest_route=\/wp\/v2\/posts\/2883\/revisions"}],"wp:attachment":[{"href":"http:\/\/thekfiles.pl\/index.php?rest_route=%2Fwp%2Fv2%2Fmedia&parent=2883"}],"wp:term":[{"taxonomy":"category","embeddable":true,"href":"http:\/\/thekfiles.pl\/index.php?rest_route=%2Fwp%2Fv2%2Fcategories&post=2883"},{"taxonomy":"post_tag","embeddable":true,"href":"http:\/\/thekfiles.pl\/index.php?rest_route=%2Fwp%2Fv2%2Ftags&post=2883"}],"curies":[{"name":"wp","href":"https:\/\/api.w.org\/{rel}","templated":true}]}}