{"id":2832,"date":"2018-05-08T20:34:32","date_gmt":"2018-05-08T18:34:32","guid":{"rendered":"http:\/\/thekfiles.pl\/?p=2832"},"modified":"2018-05-08T20:34:32","modified_gmt":"2018-05-08T18:34:32","slug":"nie-przeszkadza","status":"publish","type":"post","link":"http:\/\/thekfiles.pl\/?p=2832","title":{"rendered":"Nie przeszkadza?"},"content":{"rendered":"<p>Czasem mam ochot\u0119 zapyta\u0107 niekt\u00f3rych moich pacjent\u00f3w, czy im naprawd\u0119 nie przeszkadza ta wielka czarna dziura, jak\u0105 sobie wyhodowali w przednich z\u0119bach. Zw\u0142aszcza nastolatk\u00f3w przed studni\u00f3wkami\/balami gimnazjalist\u00f3w itp. Strach przed dentyst\u0105 czy nie, ale naprawd\u0119 lepiej narazi\u0107 si\u0119 na drwiny koleg\u00f3w (chyba najlepszy argument) ni\u017c pozby\u0107 si\u0119 tego w\u0105tpliwego ozdobnika? W XXI wieku, dobie znieczule\u0144 i \u015bwietnych materia\u0142\u00f3w do wype\u0142nie\u0144 estetycznych?<\/p>\n<p>Najlepsze s\u0105 takie dziury u wypacykowanych na paszczy dziu\u0144. Te\u017c si\u0119 zdarza.<\/p>\n<p>Albo czy nie czuj\u0105, \u017ce od wczorajszego obiadu maj\u0105 strz\u0119pki kurczaka mi\u0119dzy z\u0119bami. Wygrzebuj\u0119 to potem zg\u0142\u0119bnikiem i \u017cartuj\u0119 o zapasach na zim\u0119.<\/p>\n<p>Mnie osobi\u015bcie \u017carcie mi\u0119dzy z\u0119bami wkurza niemo\u017cebnie, a mam ze dwie przestrzenie mi\u0119dzyz\u0119bowe, kt\u00f3re gromadz\u0105 mi\u0119sko na pot\u0119g\u0119. Znaczy gromadzi\u0142yby, gdyby nie nitka dentystyczna. Przy jednej przestrzeni jest wype\u0142nienie do wymiany, przy drugiej te\u017c, ale z\u0105b do zrobienia jest jakie\u015b 21 lat po leczeniu kana\u0142owym (w\u0142a\u015bnie poczu\u0142am si\u0119 staro) i troch\u0119 strach go rusza\u0107. Nastawiam si\u0119 na wk\u0142ad k-k i koron\u0119.<\/p>\n<p>A co do przednich z\u0119b\u00f3w, fiksacja na temat moich sporawych g\u00f3rnych siekaczy kaza\u0142aby mi biega\u0107 do dentysty na pierwsze podejrzenie, \u017ce co\u015b si\u0119 z nimi dzieje. W rezultacie u mnie jedyne z\u0119by nietkni\u0119te do tej pory pr\u00f3chnic\u0105 to w\u0142a\u015bnie fronty, od tr\u00f3jki do tr\u00f3jki (jaka\u015b czw\u00f3rka te\u017c si\u0119 znajdzie). Pozosta\u0142e po\u0142atane, ale trzymaj\u0105 si\u0119 kupy.<\/p>\n<p>Czasem mam wra\u017cenie, \u017ce z\u0119by s\u0105 traktowane jako nie do ko\u0144ca udany dodatek do reszty cia\u0142a. Si\u0119 wyrwie i zrobi protez\u0119. Mleczaki nie maj\u0105 korzeni i i tak wypadn\u0105, a synek lat 6 nie chce my\u0107 z\u0119b\u00f3w, no co mamusia zrobi? Kr\u00f3wa, zmusi. R\u0119ce myje, buzi\u0119 myje, ty\u0142ek po siku i kupie wyciera, to niech myje te\u017c z\u0119by, to podstawowy element codziennej higieny. Mamusia na bilanse dziecko zaci\u0105gnie, czasem nawet zaszczepi, to niech zaprowadzi raz na p\u00f3\u0142 roku do dentysty. Mamy wolny rynek i internet, jeden dentysta nie b\u0119dzie odpowiada\u0142, to si\u0119 znajdzie innego.<\/p>\n<p>* * *<\/p>\n<p>Z innych wie\u015bci, Mr\u00f3wka nadal jest jedynaczk\u0105. My\u015bl\u0119 o wzi\u0119ciu drugiego kota, ale a) zabieram si\u0119 za to jak pies do je\u017ca, b) dobrze by by\u0142o, \u017cebym wzi\u0119\u0142a drugiego sier\u015bciucha w momencie, w kt\u00f3rym sp\u0119dz\u0119 chocia\u017c kilka dni w domu, a tego si\u0119 chyba do listopada nie u\u015bwiadczy, bo wszelkie moje d\u0142ugie weekendy i urlopy s\u0105 zwi\u0105zane z wyjazdami, c) zacz\u0119\u0142am si\u0119 zastanawia\u0107, czy w og\u00f3le jaka\u015b certyfikowana w mi\u0119dzynarodowych stowarzyszeniach hodowla sprzeda mi kota syberyjskiego do mojego 43-metrowego mieszkania bez mo\u017cliwo\u015bci wybiegu. Dlaczego syberyjskiego? Bo s\u0105 puchate i nie uczulaj\u0105, ale podobno bywaj\u0105 wysokog\u00f3rskie, a ja wola\u0142abym kota przypod\u0142ogowego. Zacz\u0119\u0142am my\u015ble\u0107, \u017ce mo\u017ce pal licho alergi\u0119, pom\u0119cz\u0119 si\u0119 kolejne kilkana\u015bcie lat, a mo\u017ce wzi\u0105\u0107 w takim razie wymarzonego ragdolla? Z drugiej strony, kot\u00f3w normalnie uczulaj\u0105cych jest na p\u0119czki w schroniskach i to za darmo, nie za 1500-2000 z\u0142.<\/p>\n<p>Excuses, excuses.<\/p>\n<p>Tak\u017ce ten. Do drugiego kota jeszcze daleko.<\/p>\n","protected":false},"excerpt":{"rendered":"<p>Czasem mam ochot\u0119 zapyta\u0107 niekt\u00f3rych moich pacjent\u00f3w, czy im naprawd\u0119 nie przeszkadza ta wielka czarna dziura, jak\u0105 sobie wyhodowali w przednich z\u0119bach. Zw\u0142aszcza nastolatk\u00f3w przed studni\u00f3wkami\/balami gimnazjalist\u00f3w itp. Strach przed dentyst\u0105 czy nie, ale naprawd\u0119 lepiej narazi\u0107 si\u0119 na drwiny koleg\u00f3w (chyba najlepszy argument) ni\u017c pozby\u0107 si\u0119 tego w\u0105tpliwego ozdobnika? W XXI wieku, dobie znieczule\u0144 [&hellip;]<\/p>\n","protected":false},"author":2,"featured_media":0,"comment_status":"open","ping_status":"closed","sticky":false,"template":"","format":"standard","meta":{"footnotes":""},"categories":[5,6],"tags":[72,107,127],"class_list":["post-2832","post","type-post","status-publish","format-standard","hentry","category-osobiste","category-praca","tag-koty","tag-osobiste-2","tag-praca-2"],"_links":{"self":[{"href":"http:\/\/thekfiles.pl\/index.php?rest_route=\/wp\/v2\/posts\/2832","targetHints":{"allow":["GET"]}}],"collection":[{"href":"http:\/\/thekfiles.pl\/index.php?rest_route=\/wp\/v2\/posts"}],"about":[{"href":"http:\/\/thekfiles.pl\/index.php?rest_route=\/wp\/v2\/types\/post"}],"author":[{"embeddable":true,"href":"http:\/\/thekfiles.pl\/index.php?rest_route=\/wp\/v2\/users\/2"}],"replies":[{"embeddable":true,"href":"http:\/\/thekfiles.pl\/index.php?rest_route=%2Fwp%2Fv2%2Fcomments&post=2832"}],"version-history":[{"count":0,"href":"http:\/\/thekfiles.pl\/index.php?rest_route=\/wp\/v2\/posts\/2832\/revisions"}],"wp:attachment":[{"href":"http:\/\/thekfiles.pl\/index.php?rest_route=%2Fwp%2Fv2%2Fmedia&parent=2832"}],"wp:term":[{"taxonomy":"category","embeddable":true,"href":"http:\/\/thekfiles.pl\/index.php?rest_route=%2Fwp%2Fv2%2Fcategories&post=2832"},{"taxonomy":"post_tag","embeddable":true,"href":"http:\/\/thekfiles.pl\/index.php?rest_route=%2Fwp%2Fv2%2Ftags&post=2832"}],"curies":[{"name":"wp","href":"https:\/\/api.w.org\/{rel}","templated":true}]}}