{"id":2830,"date":"2018-05-01T14:21:01","date_gmt":"2018-05-01T12:21:01","guid":{"rendered":"http:\/\/thekfiles.pl\/?p=2830"},"modified":"2018-05-01T14:21:01","modified_gmt":"2018-05-01T12:21:01","slug":"smutny-element-posiadania-zwierzaka","status":"publish","type":"post","link":"http:\/\/thekfiles.pl\/?p=2830","title":{"rendered":"Smutny element posiadania zwierzaka"},"content":{"rendered":"<p>Mam dwa koty, oba w wieku ok. 14 lat.<\/p>\n<p>Czarn\u0105 Mr\u00f3wk\u0119, kt\u00f3ra swoim gadulstwem, zw\u0142aszcza w nocy, doprowadza nas czasem do sza\u0142u, ale nadrabia tym, \u017ce w\u0142azi na kolana i ma spory rozumek, oraz rudego pr\u0119gowanego kocura Kisiela, kt\u00f3ry wprawdzie \u017cyje raczej obok nas, ale jest mniej upierdliwy.<\/p>\n<p>Kisiel od kilku lat chorowa\u0142 na przewlek\u0142\u0105 niewydolno\u015b\u0107 nerek. Dostawa\u0142 specjalistyczn\u0105 karm\u0119, odpowiednie suplementy i sobie \u017cy\u0142 po staremu.<\/p>\n<p>Jaki\u015b miesi\u0105c temu zauwa\u017cy\u0142am, \u017ce schud\u0142. Zwr\u00f3ci\u0142am uwag\u0119, \u017ce jad\u0142 du\u017co mniej, niech\u0119tnie pi\u0142, ale poza tym zachowywa\u0142 si\u0119 normalnie. Podczas wizyty u weta okaza\u0142o si\u0119, \u017ce zjecha\u0142 z prawie 7 kg wagi na 5,5. Podejrzewano zapalenie gard\u0142a, bo wyniki bada\u0144 krwi wysz\u0142y po staremu, nerki w miar\u0119 dzia\u0142a\u0142y, nie by\u0142o gorzej. Dosta\u0142 antybiotyki, zosta\u0142 odrobaczony, zmieni\u0142am karm\u0119, zacz\u0105\u0142 je\u015b\u0107 troch\u0119 wi\u0119cej. Kontrola mia\u0142a by\u0107 po dw\u00f3ch tygodniach, z zastrze\u017ceniem, \u017ce mo\u017ce na czczo, to si\u0119 zrobi USG.<\/p>\n<p>Pojecha\u0142am wczoraj. Waga zjecha\u0142a do 5 kg. Na wst\u0119pnym USG wyszed\u0142 guz w brzuchu, niedaleko \u015bciany jelita, rozmiar 4&#215;3 cm. Kot zosta\u0142 w przychodni na ca\u0142y dzie\u0144 &#8211; dosta\u0142 &#8222;G\u0142upiego Jasia&#8221;, zosta\u0142 przebadany dok\u0142adniej, od razu zrobiono biopsj\u0119 i podano kropl\u00f3wk\u0119 do\u017cylnie.<\/p>\n<p>Szczerze powiedziawszy, diagnoza mnie nie zdziwi\u0142a, bior\u0105c pod uwag\u0119 wyniki krwi. Zasmuci\u0142a, ale bra\u0142am j\u0105 pod uwag\u0119.<\/p>\n<p>Podano mi opcje. Mo\u017cna by\u0142o zostawi\u0107 go w spokoju i czeka\u0107, a\u017c mu si\u0119 pogorszy. Tego robi\u0107 niespecjalnie chcia\u0142am, bo \u017cal by\u0142o na niego patrze\u0107, jak chud\u0142. Mo\u017cna by\u0142o zrobi\u0107 operacj\u0119, otworzy\u0107 go, zobaczy\u0107, czy da\u0142oby si\u0119 toto wyci\u0105\u0107, a je\u015bli nie, to po prostu go nie wybudza\u0107. Mia\u0142am czeka\u0107 na wyniki biopsji, chcia\u0142am si\u0119 skonsultowa\u0107 te\u017c z innym wetem.<\/p>\n<p>Niestety, wieczorem decyzja sama si\u0119 podj\u0119\u0142a. Kisiel le\u017ca\u0142 pod moim \u0142\u00f3\u017ckiem, docz\u0142apawszy si\u0119 tam na chwiejnych nogach kilka godzin wcze\u015bniej, i nie oddycha\u0142.<\/p>\n<p>Mog\u0119 si\u0119 tylko pociesza\u0107, \u017ce nie zd\u0105\u017cy\u0142 si\u0119 nacierpie\u0107.<\/p>\n<p><a href=\"http:\/\/thekfiles.pl\/wp-content\/uploads\/2018\/01\/10572020_10152612938967258_1374936995243280774_o.jpg\"><img loading=\"lazy\" decoding=\"async\" class=\"alignnone size-medium wp-image-2807\" src=\"http:\/\/thekfiles.pl\/wp-content\/uploads\/2018\/01\/10572020_10152612938967258_1374936995243280774_o-300x132.jpg\" alt=\"\" width=\"300\" height=\"132\" \/><\/a><\/p>\n","protected":false},"excerpt":{"rendered":"<p>Mam dwa koty, oba w wieku ok. 14 lat. Czarn\u0105 Mr\u00f3wk\u0119, kt\u00f3ra swoim gadulstwem, zw\u0142aszcza w nocy, doprowadza nas czasem do sza\u0142u, ale nadrabia tym, \u017ce w\u0142azi na kolana i ma spory rozumek, oraz rudego pr\u0119gowanego kocura Kisiela, kt\u00f3ry wprawdzie \u017cyje raczej obok nas, ale jest mniej upierdliwy. Kisiel od kilku lat chorowa\u0142 na przewlek\u0142\u0105 [&hellip;]<\/p>\n","protected":false},"author":2,"featured_media":0,"comment_status":"open","ping_status":"closed","sticky":false,"template":"","format":"standard","meta":{"footnotes":""},"categories":[5],"tags":[67,72,107],"class_list":["post-2830","post","type-post","status-publish","format-standard","hentry","category-osobiste","tag-kisiel","tag-koty","tag-osobiste-2"],"_links":{"self":[{"href":"http:\/\/thekfiles.pl\/index.php?rest_route=\/wp\/v2\/posts\/2830","targetHints":{"allow":["GET"]}}],"collection":[{"href":"http:\/\/thekfiles.pl\/index.php?rest_route=\/wp\/v2\/posts"}],"about":[{"href":"http:\/\/thekfiles.pl\/index.php?rest_route=\/wp\/v2\/types\/post"}],"author":[{"embeddable":true,"href":"http:\/\/thekfiles.pl\/index.php?rest_route=\/wp\/v2\/users\/2"}],"replies":[{"embeddable":true,"href":"http:\/\/thekfiles.pl\/index.php?rest_route=%2Fwp%2Fv2%2Fcomments&post=2830"}],"version-history":[{"count":0,"href":"http:\/\/thekfiles.pl\/index.php?rest_route=\/wp\/v2\/posts\/2830\/revisions"}],"wp:attachment":[{"href":"http:\/\/thekfiles.pl\/index.php?rest_route=%2Fwp%2Fv2%2Fmedia&parent=2830"}],"wp:term":[{"taxonomy":"category","embeddable":true,"href":"http:\/\/thekfiles.pl\/index.php?rest_route=%2Fwp%2Fv2%2Fcategories&post=2830"},{"taxonomy":"post_tag","embeddable":true,"href":"http:\/\/thekfiles.pl\/index.php?rest_route=%2Fwp%2Fv2%2Ftags&post=2830"}],"curies":[{"name":"wp","href":"https:\/\/api.w.org\/{rel}","templated":true}]}}