{"id":2821,"date":"2018-03-29T19:31:04","date_gmt":"2018-03-29T17:31:04","guid":{"rendered":"http:\/\/thekfiles.pl\/?p=2821"},"modified":"2018-03-29T19:31:04","modified_gmt":"2018-03-29T17:31:04","slug":"news-dnia","status":"publish","type":"post","link":"http:\/\/thekfiles.pl\/?p=2821","title":{"rendered":"News dnia"},"content":{"rendered":"<p>\u015aci\u0105gn\u0119li mi aparat!<\/p>\n<p>Podobno pierwsze, co ludzie zazwyczaj m\u00f3wi\u0105, widz\u0105c swoje z\u0119by, to &#8222;jakie one s\u0105 du\u017ce!&#8221;. Ja ucieszy\u0142am si\u0119 tylko, \u017ce znowu wida\u0107, \u017ce je wybiela\u0142am przed zak\u0142adaniem zamk\u00f3w. Bo \u017ce mam du\u017ce z\u0119by, to wiem.<\/p>\n<p>Oby\u0142o si\u0119 przez ten czas bez odwapnie\u0144, znaczy higiena chyba by\u0142a nienajgorsza ;).<\/p>\n<p>A\u017c g\u0142upio mi by\u0142o dzisiaj si\u0119 u\u015bmiecha\u0107 w pracy, chocia\u017c wyszczerzy\u0142am si\u0119 do wszystkich wsp\u00f3\u0142pracownik\u00f3w ;). I zanaby\u0142am okazyjne ciacho.<\/p>\n<p>Zauwa\u017cy\u0142am, \u017ce przez te p\u00f3\u0142tora roku wytworzy\u0142 mi si\u0119 odruch czyszczenia z\u0119b\u00f3w j\u0119zykiem z lekkim zasysaniem po ka\u017cdym posi\u0142ku: wyci\u0105ganie jedzenia spod \u0142uku ;). Pewnie chwil\u0119 potrwa, zanim si\u0119 z tego wylecz\u0119.<\/p>\n<p>Og\u00f3lnie te\u017c ciesz\u0119 si\u0119, \u017ce jutro mam wolne. \u015alepia mnie ju\u017c bol\u0105, \u0142eb troch\u0119 te\u017c. Film\u00f3w nie chce si\u0119 ogl\u0105da\u0107, w Wie\u015bka gra\u0107 te\u017c nie&#8230; (dodatek &#8222;Krew i wino&#8221;: wielkie propsy dla Tw\u00f3rc\u00f3w za trzymanie si\u0119 materia\u0142u \u017ar\u00f3d\u0142owego; a Jan Frycz jako Regis brzmi ca\u0142kiem nie\u017ale. No i jest Wojciech Mann. I Krystyna Czub\u00f3wna&#8230;) Nie wiem, kiedy si\u0119 wy\u015bpi\u0119. Mo\u017ce w poniedzia\u0142ek.<\/p>\n<p>Padam na nos.<\/p>\n","protected":false},"excerpt":{"rendered":"<p>\u015aci\u0105gn\u0119li mi aparat! Podobno pierwsze, co ludzie zazwyczaj m\u00f3wi\u0105, widz\u0105c swoje z\u0119by, to &#8222;jakie one s\u0105 du\u017ce!&#8221;. Ja ucieszy\u0142am si\u0119 tylko, \u017ce znowu wida\u0107, \u017ce je wybiela\u0142am przed zak\u0142adaniem zamk\u00f3w. Bo \u017ce mam du\u017ce z\u0119by, to wiem. Oby\u0142o si\u0119 przez ten czas bez odwapnie\u0144, znaczy higiena chyba by\u0142a nienajgorsza ;). A\u017c g\u0142upio mi by\u0142o dzisiaj [&hellip;]<\/p>\n","protected":false},"author":2,"featured_media":0,"comment_status":"open","ping_status":"closed","sticky":false,"template":"","format":"standard","meta":{"footnotes":""},"categories":[5],"tags":[15,107],"class_list":["post-2821","post","type-post","status-publish","format-standard","hentry","category-osobiste","tag-aparat-ortodontyczny","tag-osobiste-2"],"_links":{"self":[{"href":"http:\/\/thekfiles.pl\/index.php?rest_route=\/wp\/v2\/posts\/2821","targetHints":{"allow":["GET"]}}],"collection":[{"href":"http:\/\/thekfiles.pl\/index.php?rest_route=\/wp\/v2\/posts"}],"about":[{"href":"http:\/\/thekfiles.pl\/index.php?rest_route=\/wp\/v2\/types\/post"}],"author":[{"embeddable":true,"href":"http:\/\/thekfiles.pl\/index.php?rest_route=\/wp\/v2\/users\/2"}],"replies":[{"embeddable":true,"href":"http:\/\/thekfiles.pl\/index.php?rest_route=%2Fwp%2Fv2%2Fcomments&post=2821"}],"version-history":[{"count":0,"href":"http:\/\/thekfiles.pl\/index.php?rest_route=\/wp\/v2\/posts\/2821\/revisions"}],"wp:attachment":[{"href":"http:\/\/thekfiles.pl\/index.php?rest_route=%2Fwp%2Fv2%2Fmedia&parent=2821"}],"wp:term":[{"taxonomy":"category","embeddable":true,"href":"http:\/\/thekfiles.pl\/index.php?rest_route=%2Fwp%2Fv2%2Fcategories&post=2821"},{"taxonomy":"post_tag","embeddable":true,"href":"http:\/\/thekfiles.pl\/index.php?rest_route=%2Fwp%2Fv2%2Ftags&post=2821"}],"curies":[{"name":"wp","href":"https:\/\/api.w.org\/{rel}","templated":true}]}}