{"id":2817,"date":"2018-02-23T20:25:38","date_gmt":"2018-02-23T19:25:38","guid":{"rendered":"http:\/\/thekfiles.pl\/?p=2817"},"modified":"2018-02-23T20:25:38","modified_gmt":"2018-02-23T19:25:38","slug":"to-zem-zalatwila-zime","status":"publish","type":"post","link":"http:\/\/thekfiles.pl\/?p=2817","title":{"rendered":"To \u017cem za\u0142atwi\u0142a zim\u0119"},"content":{"rendered":"<p>Kiedy kupowa\u0142am Aurisk\u0119 (u blacharza stoi do niedzieli i t\u0119skni\u0119 za ni\u0105 strasznie, bo chocia\u017c autko mojej mamy te\u017c si\u0119 dobrze sprawuje, to jednak przy je\u017adzie do pracy w siedmiostopniowym mrozie podgrzewane siedzenia to skarb; poza tym, co swoje cztery k\u00f3\u0142ka, to swoje), musia\u0142am do niej dokupi\u0107 zimowe opony. Szuka\u0142am ich na portalu por\u00f3wnawczym. Wybra\u0142am jakie\u015b ta\u0144sze, z ca\u0142kiem niez\u0142ymi parametrami, tylko w komentarzach powtarzano, \u017ce kiepsko radz\u0105 sobie na \u015bniegu.<\/p>\n<p>Pomy\u015bla\u0142am wtedy, \u017ce u nas i tak od lat nie by\u0142o porz\u0105dnie \u015bnie\u017cnej zimy, poza tym nie mieszkam w g\u00f3rach, tylko na Pomorzu, w mie\u015bcie, wi\u0119c \u015bniegu na drogach i tak nie ma du\u017co.<\/p>\n<p>Wi\u0119c teraz wszystkich tych, kt\u00f3rzy nie lubi\u0105 \u015bniegu, bardzo serdecznie przepraszam. To chyba zadzia\u0142a\u0142o jak mycie okien w s\u0142oneczny dzie\u0144 (znaczy gwarancja, \u017ce dzie\u0144 p\u00f3\u017aniej b\u0119dzie pada\u0107)&#8230;<\/p>\n","protected":false},"excerpt":{"rendered":"<p>Kiedy kupowa\u0142am Aurisk\u0119 (u blacharza stoi do niedzieli i t\u0119skni\u0119 za ni\u0105 strasznie, bo chocia\u017c autko mojej mamy te\u017c si\u0119 dobrze sprawuje, to jednak przy je\u017adzie do pracy w siedmiostopniowym mrozie podgrzewane siedzenia to skarb; poza tym, co swoje cztery k\u00f3\u0142ka, to swoje), musia\u0142am do niej dokupi\u0107 zimowe opony. Szuka\u0142am ich na portalu por\u00f3wnawczym. Wybra\u0142am [&hellip;]<\/p>\n","protected":false},"author":2,"featured_media":0,"comment_status":"open","ping_status":"closed","sticky":false,"template":"","format":"standard","meta":{"footnotes":""},"categories":[5],"tags":[107,147,202],"class_list":["post-2817","post","type-post","status-publish","format-standard","hentry","category-osobiste","tag-osobiste-2","tag-samochod","tag-zima"],"_links":{"self":[{"href":"http:\/\/thekfiles.pl\/index.php?rest_route=\/wp\/v2\/posts\/2817","targetHints":{"allow":["GET"]}}],"collection":[{"href":"http:\/\/thekfiles.pl\/index.php?rest_route=\/wp\/v2\/posts"}],"about":[{"href":"http:\/\/thekfiles.pl\/index.php?rest_route=\/wp\/v2\/types\/post"}],"author":[{"embeddable":true,"href":"http:\/\/thekfiles.pl\/index.php?rest_route=\/wp\/v2\/users\/2"}],"replies":[{"embeddable":true,"href":"http:\/\/thekfiles.pl\/index.php?rest_route=%2Fwp%2Fv2%2Fcomments&post=2817"}],"version-history":[{"count":0,"href":"http:\/\/thekfiles.pl\/index.php?rest_route=\/wp\/v2\/posts\/2817\/revisions"}],"wp:attachment":[{"href":"http:\/\/thekfiles.pl\/index.php?rest_route=%2Fwp%2Fv2%2Fmedia&parent=2817"}],"wp:term":[{"taxonomy":"category","embeddable":true,"href":"http:\/\/thekfiles.pl\/index.php?rest_route=%2Fwp%2Fv2%2Fcategories&post=2817"},{"taxonomy":"post_tag","embeddable":true,"href":"http:\/\/thekfiles.pl\/index.php?rest_route=%2Fwp%2Fv2%2Ftags&post=2817"}],"curies":[{"name":"wp","href":"https:\/\/api.w.org\/{rel}","templated":true}]}}