{"id":2699,"date":"2017-08-25T22:31:31","date_gmt":"2017-08-25T20:31:31","guid":{"rendered":"http:\/\/thekfiles.pl\/?p=2699"},"modified":"2017-08-25T22:31:31","modified_gmt":"2017-08-25T20:31:31","slug":"urlop-letni-2017","status":"publish","type":"post","link":"http:\/\/thekfiles.pl\/?p=2699","title":{"rendered":"Urlop letni 2017"},"content":{"rendered":"<p>Urlop zacz\u0119\u0142am obmy\u015bliwa\u0107 ju\u017c w styczniu-lutym. Pad\u0142 pomys\u0142 na Bieszczady. Wst\u0119pny termin: prze\u0142om lipca i sierpnia.<\/p>\n<p>Potem przysz\u0142o zaproszenie na \u015blub znajomych, kt\u00f3ry mia\u0142 si\u0119 odby\u0107 1 lipca. Para m\u0142oda mieszka w Warszawie, wi\u0119c po otrzymaniu wst\u0119pnego zawiadomienia my\u015bla\u0142am, \u017ce \u015blub b\u0119dzie tam. Kiedy zaproszenie w\u0142a\u015bciwe przysz\u0142o poczt\u0105, okaza\u0142o si\u0119, \u017ce ca\u0142o\u015b\u0107 b\u0119dzie w og\u00f3lnie poj\u0119tych okolicach Zawiercia, znaczy w Jurze Krakowsko-Cz\u0119stochowskiej. Poniewa\u017c stwierdzi\u0142am, \u017ce dwa razy w ci\u0105gu miesi\u0105ca na po\u0142udnie Polski t\u0142uc si\u0119 nie b\u0119d\u0119, po\u0142\u0105czyli\u015bmy jedno z drugim &#8211; przyspieszy\u0142am urlop. Ca\u0142e szcz\u0119\u015bcie nie mia\u0142am jeszcze zarezerwowanego noclegu.<\/p>\n<p>Ruszyli\u015bmy moim autem w pi\u0105tek, 30 czerwca. Ja wyjecha\u0142am ko\u0142o 14, \u0141. do\u0142\u0105czy\u0142 do mnie w Gda\u0144sku ok. 15:20. Pokonuj\u0105c korki na obwodnicy 3miasta i jedno \u015blimaczenie si\u0119 autostrad\u0105 (na kt\u00f3rej po drodze sko\u0144czy\u0142 mi si\u0119 LPG, ale przecie\u017c mam jeszcze ca\u0142y bak benzyny, prawda?), ok. 23 nieomal widzieli\u015bmy szyld hotelu, gdzie mieli\u015bmy sp\u0119dzi\u0107 weselny weekend.<\/p>\n<p>No c\u00f3\u017c. Auto w pewnym momencie po prostu straci\u0142o moc i zgas\u0142o. Po odpaleniu ujecha\u0142o kilka kilometr\u00f3w (ca\u0142e szcz\u0119\u015bcie wjechali\u015bmy w o\u015bwietlony teren zabudowany), po czym umar\u0142o i nie chcia\u0142o o\u017cy\u0107.<\/p>\n<p>O tym, gdzie dok\u0142adnie byli\u015bmy, wiedzia\u0142am z ekranu nawigacji GPS.<\/p>\n<p>Oczywi\u015bcie musia\u0142am si\u0119 po\u017cali\u0107 na Fejsie (uczyni\u0142am to jako\u015b w trakcie szukania pomocy, kiedy czekali\u015bmy na czyj\u015b telefon).<\/p>\n<p><a href=\"http:\/\/thekfiles.pl\/wp-content\/uploads\/2017\/07\/1.jpg\"><img loading=\"lazy\" decoding=\"async\" class=\"alignnone size-full wp-image-2700\" src=\"http:\/\/thekfiles.pl\/wp-content\/uploads\/2017\/07\/1.jpg\" alt=\"\" width=\"623\" height=\"115\" \/><\/a><\/p>\n<p>Mam ubezpieczenie z Assistance. Pr\u00f3bowa\u0142am si\u0119 dodzwoni\u0107 do okolicznych pomocy drogowych (wszyscy zaj\u0119ci) i ubezpieczyciela. Do tego drugiego uda\u0142o mi si\u0119 za trzecim razem i po kilkunastu minutach czekania na po\u0142\u0105czenie. Przyj\u0119to zg\u0142oszenie, przy czym nasze perspektywy nie wygl\u0105da\u0142y dobrze: mogli nas zawie\u017a\u0107 w tylko jedno miejsce (np. na parking warsztatu albo do hotelu: w drugie musieliby\u015bmy sobie sami organizowa\u0107 dojazd).\u00a0Po kilku minutach oddzwoni\u0142 pan z pomocy drogowej ze Szczekocin, bo to on mia\u0142 umow\u0119 z moim ubezpieczycielem na pomoc w ramach Assistance.<\/p>\n<p>I w tym momencie bardzo panu dzi\u0119kuj\u0119, bo zostali\u015bmy potraktowani naprawd\u0119 po ludzku i profesjonalnie. Przyjecha\u0142 z lawet\u0105 jaki\u015b jego znajomy, zaufany mechanik. Zaci\u0105gn\u0105\u0142 moje autko na lawet\u0119. ODWI\u00d3Z\u0141 NAS I NASZE RZECZY DO HOTELU. Po czym zabra\u0142 samoch\u00f3d do warsztatu z zapowiedzi\u0105, \u017ce b\u0119dzie o \u00f3smej rano dzwoni\u0142 z wynikami diagnostyki.<\/p>\n<p>W \u0142\u00f3\u017ckach znale\u017ali\u015bmy si\u0119 ok. 1 w nocy.<\/p>\n<p>Pan mechanik zadzwoni\u0142, zgodnie z obietnic\u0105:<\/p>\n<p><a href=\"http:\/\/thekfiles.pl\/wp-content\/uploads\/2017\/08\/3.jpg\"><img loading=\"lazy\" decoding=\"async\" class=\"alignnone size-full wp-image-2723\" src=\"http:\/\/thekfiles.pl\/wp-content\/uploads\/2017\/08\/3.jpg\" alt=\"\" width=\"638\" height=\"391\" \/><\/a><\/p>\n<p>Kilka godzin p\u00f3\u017aniej odezwa\u0142 si\u0119 r\u00f3wnie\u017c pan ze Szczekocin. Oczywi\u015bcie trzeba by\u0142o o tym napisa\u0107 na fejsiku \ud83d\ude09<\/p>\n<p><a href=\"http:\/\/thekfiles.pl\/wp-content\/uploads\/2017\/07\/4.jpg\"><img loading=\"lazy\" decoding=\"async\" class=\"alignnone size-full wp-image-2702\" src=\"http:\/\/thekfiles.pl\/wp-content\/uploads\/2017\/07\/4.jpg\" alt=\"\" width=\"629\" height=\"152\" \/><\/a><\/p>\n<p>Po dalszej weryfikacji wysz\u0142o, \u017ce posz\u0142y prawdopodobnie wtryskiwacze. Pan ze Szczekocin przywi\u00f3z\u0142 moje auto na lawecie, poinstruowa\u0142 mnie, jak je odpali\u0107 od razu na LPG w trybie awaryjnym (zazwyczaj po uruchomieniu silnika samoch\u00f3d chwil\u0119 chodzi na benzynie, po czym prze\u0142\u0105cza si\u0119 na gaz), stwierdzi\u0142, \u017ce dop\u00f3ki jest ciep\u0142o, to mo\u017cna tak je\u017adzi\u0107, trzeba tylko pilnowa\u0107, \u017ceby nie zabrak\u0142o LPG. Bardzo pom\u00f3g\u0142 nam fakt, \u017ce nocleg mieli\u015bmy w hotelu nad stacj\u0105 benzynow\u0105, wi\u0119c auto jeszcze na lawecie zosta\u0142o zatankowane prawie pod korek.<\/p>\n<p>Lokalsi nas nie oskubali.<\/p>\n<p>1 lipca o 14 wyruszyli\u015bmy na wesele wraz z niewielk\u0105 grup\u0105 cz\u0142onk\u00f3w tzw. Bocznicy, czyli dzi\u015b ju\u017c niestety nieistniej\u0105cej grupy dyskusyjnej, kt\u00f3rej cz\u0142onkami by\u0142am m.in. ja, \u0141. (dzi\u0119ki tej grupie si\u0119 poznali\u015bmy) i Pan M\u0142ody.<\/p>\n<p>Sam \u015blub i wesele&#8230; Pogoda \u015brednio dopisa\u0142a. Co mia\u0142o znaczenie, jako \u017ce ceremonia \u015blubna mia\u0142a miejsce na \u015bwie\u017cym powietrzu, ale chowali\u015bmy si\u0119 pod parasolami i drzewami i nikt chyba specjalnie nie zm\u00f3k\u0142.<\/p>\n<figure id=\"attachment_2750\" aria-describedby=\"caption-attachment-2750\" style=\"width: 150px\" class=\"wp-caption alignnone\"><a href=\"http:\/\/thekfiles.pl\/wp-content\/uploads\/2017\/08\/IMG_20170701_155713.jpg\"><img loading=\"lazy\" decoding=\"async\" class=\"size-thumbnail wp-image-2750\" src=\"http:\/\/thekfiles.pl\/wp-content\/uploads\/2017\/08\/IMG_20170701_155713-150x150.jpg\" alt=\"\" width=\"150\" height=\"150\" \/><\/a><figcaption id=\"caption-attachment-2750\" class=\"wp-caption-text\">Sanktuarium Matki Bo\u017cej Ska\u0142kowej<\/figcaption><\/figure>\n<p>Potem zawieziono nas do innego hotelu, a tam&#8230; by\u0142y ta\u0144ce i hulanki, i g\u00f3ra pysznego jedzenia, i przeja\u017cd\u017cka wozem drabiniastym (dla wielu traumatyczne prze\u017cycie, wsiada\u0142o si\u0119 trze\u017awym, wysiada\u0142o zachrypni\u0119tym i pijanym \ud83d\ude09 ), moje prawie-szpilki okaza\u0142y si\u0119 ca\u0142kiem wygodne i nie zdzier\u017cy\u0142am dopiero wchodzenia po schodach w naszym miejscu noclegowym, kiedy ok. 3 w nocy tam zl\u0105dowali\u015bmy.<\/p>\n<p>W niedziel\u0119 2 lipca ruszyli\u015bmy w Bieszczady. Dojechali\u015bmy ko\u0142o 17. By\u0142o deszczowo i mgli\u015bcie. Zameldowali\u015bmy si\u0119 w naszej bazie (Go\u015bciniec Horb w Strzebowiskach).<\/p>\n<p>3 lipca ruszyli\u015bmy zwiedza\u0107. Na pierwszy ogie\u0144 posz\u0142a Solina (Zalew Soli\u0144ski; chcieli\u015bmy zwiedzi\u0107 elektrowni\u0119, ale w poniedzia\u0142ki nie ma zwiedzania i bosko, \u017ce jest o tym gdziekolwiek napisane) i Lesko (miasteczko i kirkut).<\/p>\n<figure id=\"attachment_2735\" aria-describedby=\"caption-attachment-2735\" style=\"width: 150px\" class=\"wp-caption alignnone\"><a href=\"http:\/\/thekfiles.pl\/wp-content\/uploads\/2017\/08\/DSCN0012.jpg\"><img loading=\"lazy\" decoding=\"async\" class=\"size-thumbnail wp-image-2735\" src=\"http:\/\/thekfiles.pl\/wp-content\/uploads\/2017\/08\/DSCN0012-150x150.jpg\" alt=\"\" width=\"150\" height=\"150\" \/><\/a><figcaption id=\"caption-attachment-2735\" class=\"wp-caption-text\">Zalew Soli\u0144ski<\/figcaption><\/figure>\n<figure id=\"attachment_2736\" aria-describedby=\"caption-attachment-2736\" style=\"width: 150px\" class=\"wp-caption alignnone\"><a href=\"http:\/\/thekfiles.pl\/wp-content\/uploads\/2017\/08\/DSCN0020.jpg\"><img loading=\"lazy\" decoding=\"async\" class=\"size-thumbnail wp-image-2736\" src=\"http:\/\/thekfiles.pl\/wp-content\/uploads\/2017\/08\/DSCN0020-150x150.jpg\" alt=\"\" width=\"150\" height=\"150\" \/><\/a><figcaption id=\"caption-attachment-2736\" class=\"wp-caption-text\">Kirkut w Lesku<\/figcaption><\/figure>\n<p>4 lipca kopsn\u0119li\u015bmy si\u0119 nieco dalej, bo do Sanoka. W Sanoku znajduje si\u0119 najwi\u0119kszy skansen w Europie.<\/p>\n<figure id=\"attachment_2739\" aria-describedby=\"caption-attachment-2739\" style=\"width: 150px\" class=\"wp-caption alignnone\"><a href=\"http:\/\/thekfiles.pl\/wp-content\/uploads\/2017\/08\/DSCN0036.jpg\"><img loading=\"lazy\" decoding=\"async\" class=\"size-thumbnail wp-image-2739\" src=\"http:\/\/thekfiles.pl\/wp-content\/uploads\/2017\/08\/DSCN0036-150x150.jpg\" alt=\"\" width=\"150\" height=\"150\" \/><\/a><figcaption id=\"caption-attachment-2739\" class=\"wp-caption-text\">Rynek galicyjski w skansenie<\/figcaption><\/figure>\n<p>Stworzyli\u015bmy grup\u0119 wycieczkow\u0105 z przypadkowo poznanymi przy kasie lud\u017ami i ruszyli\u015bmy na ponad 2 godziny w\u0119dr\u00f3wki z fajn\u0105 przewodniczk\u0105. Og\u00f3lnie w tym skansenie mo\u017cna sp\u0119dzi\u0107 ca\u0142y dzie\u0144, od przysz\u0142ego roku u\u0142atwi to karczma, kt\u00f3ra si\u0119 otworzy na terenie, a nie przed bram\u0105. Polecam serdecznie. Ze skansenu ruszyli\u015bmy do zamku, gdzie obejrzeli\u015bmy m.in. najwi\u0119ksze zbiory tw\u00f3rczo\u015bci Beksi\u0144skiego. Nie da\u0142o si\u0119 wszystkiego obejrze\u0107 (zabrak\u0142o si\u0142 i czasu), ale og\u00f3lnie z jego dzie\u0142: fotografii, grafik czy najlepiej znanych obraz\u00f3w wyziera niepok\u00f3j i depresja, kt\u00f3rej podobno nie mia\u0142, ale &#8222;zaprzeczenie to silny mechanizm obronny&#8221;.<\/p>\n<figure id=\"attachment_2746\" aria-describedby=\"caption-attachment-2746\" style=\"width: 150px\" class=\"wp-caption alignnone\"><a href=\"http:\/\/thekfiles.pl\/wp-content\/uploads\/2017\/08\/DSCN0074.jpg\"><img loading=\"lazy\" decoding=\"async\" class=\"size-thumbnail wp-image-2746\" src=\"http:\/\/thekfiles.pl\/wp-content\/uploads\/2017\/08\/DSCN0074-150x150.jpg\" alt=\"\" width=\"150\" height=\"150\" \/><\/a><figcaption id=\"caption-attachment-2746\" class=\"wp-caption-text\">Ostatni obraz Beksi\u0144skiego<\/figcaption><\/figure>\n<p>5 lipca to by\u0142a trasa objazdowa. Zaliczyli\u015bmy Wodospad Ostrowskich, Chmielowe Kaskady, pr\u00f3bowali\u015bmy zobaczy\u0107 \u017cubry (ale si\u0119 schowa\u0142y), zrobili\u015bmy piwne zakupy w browarze Ursa Maior i serowe u Greka mieszkaj\u0105cego w Wa\u0144kowej, i w ko\u0144cu uda\u0142o si\u0119 wej\u015b\u0107 do wn\u0119trza Zapory Soli\u0144skiej.<\/p>\n<figure id=\"attachment_2741\" aria-describedby=\"caption-attachment-2741\" style=\"width: 150px\" class=\"wp-caption alignnone\"><a href=\"http:\/\/thekfiles.pl\/wp-content\/uploads\/2017\/08\/DSCN0094.jpg\"><img loading=\"lazy\" decoding=\"async\" class=\"size-thumbnail wp-image-2741\" src=\"http:\/\/thekfiles.pl\/wp-content\/uploads\/2017\/08\/DSCN0094-150x150.jpg\" alt=\"\" width=\"150\" height=\"150\" \/><\/a><figcaption id=\"caption-attachment-2741\" class=\"wp-caption-text\">Wodospad Ostrowskich<\/figcaption><\/figure>\n<figure id=\"attachment_2742\" aria-describedby=\"caption-attachment-2742\" style=\"width: 150px\" class=\"wp-caption alignnone\"><a href=\"http:\/\/thekfiles.pl\/wp-content\/uploads\/2017\/08\/DSCN0099.jpg\"><img loading=\"lazy\" decoding=\"async\" class=\"size-thumbnail wp-image-2742\" src=\"http:\/\/thekfiles.pl\/wp-content\/uploads\/2017\/08\/DSCN0099-150x150.jpg\" alt=\"\" width=\"150\" height=\"150\" \/><\/a><figcaption id=\"caption-attachment-2742\" class=\"wp-caption-text\">Chmielowe Kaskady<\/figcaption><\/figure>\n<figure id=\"attachment_2743\" aria-describedby=\"caption-attachment-2743\" style=\"width: 150px\" class=\"wp-caption alignnone\"><a href=\"http:\/\/thekfiles.pl\/wp-content\/uploads\/2017\/08\/DSCN0103.jpg\"><img loading=\"lazy\" decoding=\"async\" class=\"size-thumbnail wp-image-2743\" src=\"http:\/\/thekfiles.pl\/wp-content\/uploads\/2017\/08\/DSCN0103-150x150.jpg\" alt=\"\" width=\"150\" height=\"150\" \/><\/a><figcaption id=\"caption-attachment-2743\" class=\"wp-caption-text\">Odwrotne graffiti na \u015bcianie zapory w Solinie<\/figcaption><\/figure>\n<figure id=\"attachment_2737\" aria-describedby=\"caption-attachment-2737\" style=\"width: 150px\" class=\"wp-caption alignnone\"><a href=\"http:\/\/thekfiles.pl\/wp-content\/uploads\/2017\/08\/DSCN0026.jpg\"><img loading=\"lazy\" decoding=\"async\" class=\"size-thumbnail wp-image-2737\" src=\"http:\/\/thekfiles.pl\/wp-content\/uploads\/2017\/08\/DSCN0026-150x150.jpg\" alt=\"\" width=\"150\" height=\"150\" \/><\/a><figcaption id=\"caption-attachment-2737\" class=\"wp-caption-text\">Widoczek z trasy<\/figcaption><\/figure>\n<p>(Odwrotne graffiti to takie wymyte z brudu na \u015bcianie myjk\u0105 ci\u015bnieniow\u0105)<\/p>\n<p>Do domu wr\u00f3cili\u015bmy z lekka wypruci. Wieczorem zacz\u0119\u0142am si\u0119 nudzi\u0107 i uruchomi\u0142am niedawno sko\u0144czonego pierwszego &#8222;Wied\u017amina&#8221; (gr\u0119). Pierwsze przej\u015bcie trwa\u0142o u mnie p\u00f3\u0142 roku. Drugie, zacz\u0119te na tych wakacjach, sko\u0144czy\u0142am ju\u017c w domu, po 3,5 tygodnia. Drugiego &#8222;Wied\u017amina&#8221; m\u00f3j laptop nie jest w stanie normalnie poci\u0105gn\u0105\u0107 (bo zamieni\u0142am dwa rdzenie procesora i kart\u0119 graficzn\u0105 na 12 GB RAM i 250 GB dysku SSD), co mnie zasmuci\u0142o jeszcze przed urlopem.<\/p>\n<p>6 lipca postanowili\u015bmy odpocz\u0105\u0107 i nic nie robi\u0107, ale ok. 13 w pensjonacie wy\u0142\u0105czyli nam internet, wi\u0119c trzeba by\u0142o wyj\u015b\u0107 z domu ;). Poszli\u015bmy na n\u00f3\u017ckach na obiad do pobliskiej knajpy, po drodze zadzwoni\u0142am do kuzyna mojej mamy, kt\u00f3ry wedle wszelkich danych posiada w okolicy pensjonat. Okaza\u0142o si\u0119, \u017ce \u00f3w pensjonat znajduje si\u0119 w s\u0105siedniej wsi. Um\u00f3wili\u015bmy si\u0119 na wiecz\u00f3r. Tam sprowokowano nasz\u0105 ambicj\u0119: jak to tak, jeste\u015bmy w g\u00f3rach, a na \u017caden szczyt nie chcemy wej\u015b\u0107? Na Po\u0142onin\u0119 Wetli\u0144sk\u0105 ludzie wchodz\u0105 w klapkach! No to si\u0119 wyklarowa\u0142y plany na ostatni dzie\u0144 naszego pobytu.<\/p>\n<p>7 lipca, pi\u0105tek. Planowana wyprawa wysokog\u00f3rska (ca\u0142e 1223 m n.p.m., podej\u015bcie od 872 m). Na wyposa\u017ceniu aparat fotograficzny, kilka ma\u0142ych butelek wody i kije do nordic walkingu. Weszli\u015bmy.<\/p>\n<figure id=\"attachment_2744\" aria-describedby=\"caption-attachment-2744\" style=\"width: 150px\" class=\"wp-caption alignnone\"><a href=\"http:\/\/thekfiles.pl\/wp-content\/uploads\/2017\/08\/DSCN0114.jpg\"><img loading=\"lazy\" decoding=\"async\" class=\"size-thumbnail wp-image-2744\" src=\"http:\/\/thekfiles.pl\/wp-content\/uploads\/2017\/08\/DSCN0114-150x150.jpg\" alt=\"\" width=\"150\" height=\"150\" \/><\/a><figcaption id=\"caption-attachment-2744\" class=\"wp-caption-text\">Widok ze szczytu Po\u0142oniny Wetli\u0144skiej<\/figcaption><\/figure>\n<p>By\u0142o ci\u0119\u017cko. Mo\u017ce to nie by\u0142o zimowe wej\u015bcie na K2, ale a) bez kij\u00f3w ani rusz. Dzie\u0144 wcze\u015bniej wywali\u0142am si\u0119 id\u0105c po asfalcie, na kijach przynajmniej moja zaburzona r\u00f3wnowaga dawa\u0142a sobie rad\u0119; b) na szlaku spod Prze\u0142\u0119czy Wy\u017cnej nie radz\u0119 i\u015b\u0107 w klapkach, bo jest kamieni\u015bcie na sporym odcinku; c) moja czasem ujawniaj\u0105ca si\u0119 sk\u0142onno\u015b\u0107 do spadk\u00f3w glukozy nakazuje bra\u0107 co\u015b s\u0142odkiego ze sob\u0105 na szlak. W drodze w d\u00f3\u0142 poczu\u0142am si\u0119 dziwnie, wed\u0142ug \u0141. zblad\u0142am. Uratowa\u0142a mnie Pepsi kupiona na szczycie, w schronisku. Poza tym d) czasy podane na oznakowaniu szlak\u00f3w s\u0105 mniej-wi\u0119cej zgodne z tempem chodu os\u00f3b bez kondycji (czyli naszym); e) widoczki s\u0105 bombowe; f) mia\u0142am na sobie m.in. koszulk\u0119 z d\u0142ugimi r\u0119kawami, kt\u00f3re w drodze podwin\u0119\u0142am. Ani si\u0119 obejrza\u0142am, a zrobi\u0142a mi si\u0119 opalenizna do po\u0142owy przedramienia.<\/p>\n<p>Do lokum dotarli\u015bmy \u017cywi i raczej usatysfakcjonowani. Od morderczych zakwas\u00f3w uratowa\u0142y nas tabletki Asparginu, wzi\u0119te przed i po wyprawie. W rezultacie nast\u0119pnego dnia oboje byli\u015bmy sztywnawi, ale byli\u015bmy w stanie normalnie si\u0119 porusza\u0107 (w sensie bez b\u00f3lu).<\/p>\n<p>8 lipca ok. 10 opu\u015bcili\u015bmy nasze \u015bliczne, przyjazne lokum. Do Piotrkowa Trybunalskiego jechali\u015bmy drogami gminnymi i powiatowymi, pod Piotrkowem (dok\u0142adnie w po\u0142owie drogi) mieli\u015bmy wjecha\u0107 na autostrad\u0119. Zrobili\u015bmy chwil\u0119 przerwy na stacji benzynowej. Po wyje\u017adzie ze stacji, na nieco dziurawym odcinku, co\u015b mi zacz\u0119\u0142o niepokoj\u0105co stuka\u0107 w jednym kole. Zjechali\u015bmy. Obejrzeli\u015bmy wszystkie ko\u0142a dooko\u0142a, my\u015bl\u0105c, \u017ce z\u0142apa\u0142am kapcia. Ostro\u017cnie ruszyli\u015bmy dalej, by\u0142o cicho. Ju\u017c na autostradzie sytuacja si\u0119 powt\u00f3rzy\u0142a. Znowu zjazd. Jedno ko\u0142o gor\u0105ce. Szukam w sieci informacji, co to mo\u017ce by\u0107. Pierwsza diagnoza: posz\u0142o \u0142o\u017cysko. Ale co zrobimy 400 km od domu? Nic. Ruszyli\u015bmy powolutku i ostro\u017cnie, mimo ch\u0119ci znalezienia si\u0119 w domu jecha\u0142am spokojne 100 km\/h. By\u0142a cisza. Na nast\u0119pnym postoju na stacji stwierdzili\u015bmy, \u017ce owo ko\u0142o jest nieco cieplejsze od pozosta\u0142ych, ale chyba mo\u017cemy si\u0119 bardziej rozp\u0119dzi\u0107. Ruszyli\u015bmy dalej. Znowu stuka. Nici z rozp\u0119dzania, dalej suniemy 100 km\/h (najbardziej wali\u0142o w przedziale 60-80 km\/h, potem cich\u0142o, ale generalnie ca\u0142y czas by\u0142 s\u0142yszalny szum). W domu znale\u017ali\u015bmy si\u0119 o 23. \u0141. po przej\u015bciu przez pr\u00f3g mieszkania uca\u0142owa\u0142 pod\u0142og\u0119.<\/p>\n<p>W niedziel\u0119 jechali\u015bmy do moich rodzic\u00f3w, wi\u0119c po drodze zostawi\u0142am auto u mechanika. Dnia nast\u0119pnego dowiedzia\u0142am si\u0119, \u017ce poza pomp\u0105 paliwow\u0105 posz\u0142y klocki hamulcowe i jakie\u015b prowadnice w owym rozgrzewaj\u0105cym si\u0119 kole. Og\u00f3lnie mieli\u015bmy szcz\u0119\u015bcie, \u017ce si\u0119 w og\u00f3le doturlali\u015bmy do domu.<\/p>\n<p>Wypr\u00f3bowane miejsca, gdzie daj\u0105 je\u015b\u0107 za op\u0142at\u0105:<\/p>\n<p>Restauracja &#8222;Nied\u017awiadek&#8221;, Ustrzyki Dolne, Dworcowa 5. Miejsc\u00f3wka polecona przez Krytyk\u0119 Kulinarn\u0105 (specjalnie tam jechali\u015bmy przez t\u0119 rekomendacj\u0119). Jedzenie (ro\u017cki baranie dla \u0141., go\u0142\u0105bki po bieszczadzku z kasz\u0105 i sosem borowikowym dla mnie) bardzo smaczne, tylko moje, no c\u00f3\u017c, ch\u0142odnawe. Ale w sosie rzeczywi\u015bcie by\u0142y grzyby, na\u017carli\u015bmy si\u0119 pod korek.<\/p>\n<p>Restauracja &#8222;Stary Kredens&#8221;, Sanok, pl. \u015bw. Micha\u0142a 4. Tu, jak dla mnie, du\u017co wi\u0119ksze wow. Dania bardziej wymy\u015blne i skromniejsze ilo\u015bciowo, ale wystarczaj\u0105ce, \u017ceby si\u0119 naje\u015b\u0107.<\/p>\n<p>Bar &#8222;Na tarasie&#8221;, Solina. Ot, bar w drodze na koron\u0119 zapory od strony miejscowo\u015bci Solina. Karta da\u0144 wybitnie uniwersalna i barowa, ale \u017carcie by\u0142o zjadliwe, ciep\u0142e i w du\u017cych ilo\u015bciach.<\/p>\n<p>Karczma &#8222;Brzeziniak&#8221;, Przys\u0142up. Restauracja najbli\u017cej naszego pensjonatu (15 minut piechotk\u0105 po nieczynnych torach kolejki w\u0105skotorowej &#8211; w\u0142a\u015bnie wracaj\u0105c z niej inn\u0105 tras\u0105 wywali\u0142am si\u0119 na asfalcie, ale c\u00f3\u017c, ta zupa grzybowa by\u0142a naprawd\u0119 dobra \ud83d\ude09 ), porcje wielkie, w &#8222;normalnych&#8221; cenach (20-35 z\u0142 za danie g\u0142\u00f3wne), pyszne.<\/p>\n<p>Przy okazji bardzo, bardzo polecam Pensjonat Horb i dzi\u0119kuj\u0119 Czytelniczce za polecenie :). Po\u0142o\u017cony na ko\u0144cu wsi, w nocy tylko \u017caby gra\u0142y, widoki z tarasu przepi\u0119kne, \u015bniadania super (opr\u00f3cz pieczywa, w\u0119dliny, sera i warzywnych dodatk\u00f3w zawsze dostawali\u015bmy co\u015b ciep\u0142ego, do tego mo\u017cna sobie wzi\u0105\u0107 p\u0142atki czy jogurt, plus oczywi\u015bcie kawa i herbata), pokoje wygodne i wyposa\u017cone we wszystko, co jest potrzebne (r\u0119czniki w \u0142azience, suszarka do w\u0142os\u00f3w, lod\u00f3wka, telewizor \ud83d\ude09 ).<\/p>\n<figure id=\"attachment_2738\" aria-describedby=\"caption-attachment-2738\" style=\"width: 150px\" class=\"wp-caption alignnone\"><a href=\"http:\/\/thekfiles.pl\/wp-content\/uploads\/2017\/08\/DSCN0030.jpg\"><img loading=\"lazy\" decoding=\"async\" class=\"size-thumbnail wp-image-2738\" src=\"http:\/\/thekfiles.pl\/wp-content\/uploads\/2017\/08\/DSCN0030-150x150.jpg\" alt=\"\" width=\"150\" height=\"150\" \/><\/a><figcaption id=\"caption-attachment-2738\" class=\"wp-caption-text\">Widok z tarasu Horba<\/figcaption><\/figure>\n<figure id=\"attachment_2748\" aria-describedby=\"caption-attachment-2748\" style=\"width: 150px\" class=\"wp-caption alignnone\"><a href=\"http:\/\/thekfiles.pl\/wp-content\/uploads\/2017\/08\/DSCN0104.jpg\"><img loading=\"lazy\" decoding=\"async\" class=\"size-thumbnail wp-image-2748\" src=\"http:\/\/thekfiles.pl\/wp-content\/uploads\/2017\/08\/DSCN0104-150x150.jpg\" alt=\"\" width=\"150\" height=\"150\" \/><\/a><figcaption id=\"caption-attachment-2748\" class=\"wp-caption-text\">Widok na pensjonat (to bia\u0142e)<\/figcaption><\/figure>\n<p>Mo\u017ce kiedy\u015b tam wr\u00f3cimy, bo jeszcze kolejk\u0119 w\u0105skotorow\u0105 trzeba zaliczy\u0107, do Przemy\u015bla pojecha\u0107, Pola\u0144czyk zwiedzi\u0107 albo na jakow\u0105\u015b wycieczk\u0119 stamt\u0105d wyruszy\u0107&#8230;<\/p>\n","protected":false},"excerpt":{"rendered":"<p>Urlop zacz\u0119\u0142am obmy\u015bliwa\u0107 ju\u017c w styczniu-lutym. Pad\u0142 pomys\u0142 na Bieszczady. Wst\u0119pny termin: prze\u0142om lipca i sierpnia. Potem przysz\u0142o zaproszenie na \u015blub znajomych, kt\u00f3ry mia\u0142 si\u0119 odby\u0107 1 lipca. Para m\u0142oda mieszka w Warszawie, wi\u0119c po otrzymaniu wst\u0119pnego zawiadomienia my\u015bla\u0142am, \u017ce \u015blub b\u0119dzie tam. Kiedy zaproszenie w\u0142a\u015bciwe przysz\u0142o poczt\u0105, okaza\u0142o si\u0119, \u017ce ca\u0142o\u015b\u0107 b\u0119dzie w og\u00f3lnie [&hellip;]<\/p>\n","protected":false},"author":2,"featured_media":0,"comment_status":"open","ping_status":"closed","sticky":false,"template":"","format":"standard","meta":{"footnotes":""},"categories":[5],"tags":[27,107,173,176],"class_list":["post-2699","post","type-post","status-publish","format-standard","hentry","category-osobiste","tag-bieszczady","tag-osobiste-2","tag-urlop","tag-wakacje"],"_links":{"self":[{"href":"http:\/\/thekfiles.pl\/index.php?rest_route=\/wp\/v2\/posts\/2699","targetHints":{"allow":["GET"]}}],"collection":[{"href":"http:\/\/thekfiles.pl\/index.php?rest_route=\/wp\/v2\/posts"}],"about":[{"href":"http:\/\/thekfiles.pl\/index.php?rest_route=\/wp\/v2\/types\/post"}],"author":[{"embeddable":true,"href":"http:\/\/thekfiles.pl\/index.php?rest_route=\/wp\/v2\/users\/2"}],"replies":[{"embeddable":true,"href":"http:\/\/thekfiles.pl\/index.php?rest_route=%2Fwp%2Fv2%2Fcomments&post=2699"}],"version-history":[{"count":0,"href":"http:\/\/thekfiles.pl\/index.php?rest_route=\/wp\/v2\/posts\/2699\/revisions"}],"wp:attachment":[{"href":"http:\/\/thekfiles.pl\/index.php?rest_route=%2Fwp%2Fv2%2Fmedia&parent=2699"}],"wp:term":[{"taxonomy":"category","embeddable":true,"href":"http:\/\/thekfiles.pl\/index.php?rest_route=%2Fwp%2Fv2%2Fcategories&post=2699"},{"taxonomy":"post_tag","embeddable":true,"href":"http:\/\/thekfiles.pl\/index.php?rest_route=%2Fwp%2Fv2%2Ftags&post=2699"}],"curies":[{"name":"wp","href":"https:\/\/api.w.org\/{rel}","templated":true}]}}