{"id":2435,"date":"2015-08-21T22:40:04","date_gmt":"2015-08-21T20:40:04","guid":{"rendered":"http:\/\/thekfiles.pl\/?p=2435"},"modified":"2015-08-21T22:40:04","modified_gmt":"2015-08-21T20:40:04","slug":"wakacje-w-krajach-beneluksu-bez-luks","status":"publish","type":"post","link":"http:\/\/thekfiles.pl\/?p=2435","title":{"rendered":"Wakacje w krajach Beneluksu-bez-Luks."},"content":{"rendered":"<p>31.07.2015 &#8211; oko\u0142o 20:30 weso\u0142y, niewidzialny Nissan z czterema kobietami (w tym dwiema wybitnie niepe\u0142noletnimi, w tym jedna z chorob\u0105 lokomocyjn\u0105) na pok\u0142adzie, ca\u0142kiem lu\u017ano zapakowanym baga\u017cnikiem (mo\u017cna by\u0142o spokojnie patrze\u0107 przez lusterko wsteczne) i pe\u0142nymi oboma bakami rusza w 1100-kilometrow\u0105 podr\u00f3\u017c na Zach\u00f3d. Prowadzi k.<\/p>\n<p>1.08.2015 &#8211; oko\u0142o 1 w nocy weso\u0142y Nissan, z bakiem na LPG \u015bwie\u017co uzupe\u0142nionym polsk\u0105 straw\u0105, przekracza granic\u0119 polsko-niemieck\u0105.<br \/>\nP\u00f3\u017aniej &#8211; ka\u017cde tankowanie LPG przy niemieckiej autostradzie wi\u0105\u017ce si\u0119 z depozytem w wysoko\u015bci 50 euro za przej\u015bci\u00f3wk\u0119 mi\u0119dzy polskim wlewem a niemieckim pistoletem, i ryzykiem konfrontacji z nieprzyjemn\u0105 obs\u0142ug\u0105, kt\u00f3ra na pytania zadane po angielsku odpowiada po niemiecku i nie chce pom\u00f3c, jak dystrybutor nie dzia\u0142a.<br \/>\nNo dobra, to by\u0142a tylko jedna taka stacja.<br \/>\nOko\u0142o 2 w nocy niepe\u0142noletnie wybudzaj\u0105 si\u0119 ze snu. Matka niepe\u0142noletnich dostaje sza\u0142u, kiedy chce si\u0119 wyspa\u0107 przed przej\u0119ciem kierownicy (ca\u0142y czas prowadzi k. i zachwyca si\u0119 \u0142atwo\u015bci\u0105 jazdy po niemieckiej autostradzie mimo okazjonalnych rob\u00f3t drogowych), a m\u0142odsza niepe\u0142noletnia ze s\u0142uchawkami na uszach g\u0142o\u015bno komentuje ogl\u0105dan\u0105 na tablecie bajk\u0119.<br \/>\nOko\u0142o 10 &#8211; weso\u0142y Nissan przybywa na przedmie\u015bcia holenderskiego Eindhoven. OB obu niepe\u0142noletnich kobiet raczy wszystkie przyby\u0142e kaw\u0105, ciastkami i \u0142\u00f3\u017ckiem na godzin\u0119. Kto chce, ten korzysta ;).<br \/>\nOko\u0142o 13 &#8211; obie pe\u0142noletnie opuszczaj\u0105 Eindhoven, kieruj\u0105c si\u0119 w stron\u0119 Utrechtu, kt\u00f3ry jak\u0105\u015b godzin\u0119 p\u00f3\u017aniej zaczynaj\u0105 zwiedza\u0107, pozostawiwszy samoch\u00f3d na Park+Ride (jedno z fajniejszych rozwi\u0105za\u0144, a w ka\u017cdym mie\u015bcie by\u0142o inne &#8211; tutaj p\u0142aci\u0142o si\u0119 5-6 euro i si\u0119 mia\u0142o bilet na komunikacj\u0119 miejsk\u0105 dla wszystkich pasa\u017cer\u00f3w samochodu. Za bilet s\u0142u\u017cy\u0142 bilecik parkingowy). Obiad w greckiej knajpie niedaleko coffeeshopu. \ud83d\ude09<\/p>\n<blockquote class=\"instagram-media\" style=\"background: #FFF; border: 0; border-radius: 3px; box-shadow: 0 0 1px 0 rgba(0,0,0,0.5),0 1px 10px 0 rgba(0,0,0,0.15); margin: 1px; max-width: 658px; padding: 0; width: calc(100% - 2px);\" data-instgrm-version=\"4\">\n<div style=\"padding: 8px;\">\n<div style=\"background: #F8F8F8; line-height: 0; margin-top: 40px; padding: 50% 0; text-align: center; width: 100%;\"><\/div>\n<p style=\"color: #c9c8cd; font-family: Arial,sans-serif; font-size: 14px; line-height: 17px; margin-bottom: 0; margin-top: 8px; overflow: hidden; padding: 8px 0 7px; text-align: center; text-overflow: ellipsis; white-space: nowrap;\"><a style=\"color: #c9c8cd; font-family: Arial,sans-serif; font-size: 14px; font-style: normal; font-weight: normal; line-height: 17px; text-decoration: none;\" href=\"https:\/\/instagram.com\/p\/52SJNHtnLv\/\" target=\"_top\" rel=\"noopener noreferrer\">Zdj\u0119cie zamieszczone przez u\u017cytkownika @thekfile<\/a> <time style=\"font-family: Arial,sans-serif; font-size: 14px; line-height: 17px;\" datetime=\"2015-08-01T16:54:01+00:00\">1 Sie, 2015 o 9:54 PDT<\/time><\/p>\n<\/div>\n<\/blockquote>\n<p><script src=\"\/\/platform.instagram.com\/en_US\/embeds.js\" async=\"\" defer=\"defer\"><\/script>Oko\u0142o 18 &#8211; MS i k. przybywaj\u0105 do pierwszego lokum ich wycieczki. Spotykaj\u0105 tam w\u0142a\u015bnie wyprowadzaj\u0105c\u0105 si\u0119 polsk\u0105 lokatork\u0119 i przemi\u0142ych gospodarzy.<\/p>\n<p>2.08.2015 &#8211; po s\u0142abo przespanej nocy k. i MS ruszaj\u0105 na wycieczk\u0119. Na pierwszy ogie\u0144 Kinderdijk, czyli symboliczny dla Holandii skansen z wiatrakami, kt\u00f3re wcale nie s\u0142u\u017cy\u0142y do mielenia m\u0105ki, tylko do odwadniania gruntu. <\/p>\n<blockquote class=\"instagram-media\" style=\"background: #FFF; border: 0; border-radius: 3px; box-shadow: 0 0 1px 0 rgba(0,0,0,0.5),0 1px 10px 0 rgba(0,0,0,0.15); margin: 1px; max-width: 658px; padding: 0; width: calc(100% - 2px);\" data-instgrm-version=\"4\">\n<div style=\"padding: 8px;\">\n<div style=\"background: #F8F8F8; line-height: 0; margin-top: 40px; padding: 50% 0; text-align: center; width: 100%;\"><\/div>\n<p><a style=\"color: #c9c8cd; font-family: Arial,sans-serif; font-size: 14px; font-style: normal; font-weight: normal; line-height: 17px; text-decoration: none;\" href=\"https:\/\/instagram.com\/p\/547nQ5NnGL\/\" target=\"_top\" rel=\"noopener noreferrer\">Zdj\u0119cie zamieszczone przez u\u017cytkownika @thekfile<\/a> <time style=\"font-family: Arial,sans-serif; font-size: 14px; line-height: 17px;\" datetime=\"2015-08-02T17:34:52+00:00\">2 Sie, 2015 o 10:34 PDT<\/time>\n<\/div>\n<\/blockquote>\n<p><script src=\"\/\/platform.instagram.com\/en_US\/embeds.js\" async=\"\" defer=\"defer\"><\/script><br \/>\nP\u00f3\u017aniej ruszaj\u0105 do Delft. k. si\u0119 zachwyca. Kupuj\u0105 porcelanowe pami\u0105tki i spo\u017cywaj\u0105 obiad w\u00a0sieci\u00f3wce z bajglami.<\/p>\n<blockquote class=\"instagram-media\" style=\"background: #FFF; border: 0; border-radius: 3px; box-shadow: 0 0 1px 0 rgba(0,0,0,0.5),0 1px 10px 0 rgba(0,0,0,0.15); margin: 1px; max-width: 658px; padding: 0; width: calc(100% - 2px);\" data-instgrm-captioned=\"\" data-instgrm-version=\"4\">\n<div style=\"padding: 8px;\">\n<div style=\"background: #F8F8F8; line-height: 0; margin-top: 40px; padding: 50% 0; text-align: center; width: 100%;\"><\/div>\n<p style=\"margin: 8px 0 0 0; padding: 0 4px;\"><a style=\"color: #000; font-family: Arial,sans-serif; font-size: 14px; font-style: normal; font-weight: normal; line-height: 17px; text-decoration: none; word-wrap: break-word;\" href=\"https:\/\/instagram.com\/p\/547wNDNnGl\/\" target=\"_top\" rel=\"noopener noreferrer\">Delft<\/a><\/p>\n<p style=\"color: #c9c8cd; font-family: Arial,sans-serif; font-size: 14px; line-height: 17px; margin-bottom: 0; margin-top: 8px; overflow: hidden; padding: 8px 0 7px; text-align: center; text-overflow: ellipsis; white-space: nowrap;\">Zdj\u0119cie zamieszczone przez u\u017cytkownika @thekfile <time style=\"font-family: Arial,sans-serif; font-size: 14px; line-height: 17px;\" datetime=\"2015-08-02T17:36:05+00:00\">2 Sie, 2015 o 10:36 PDT<\/time><\/p>\n<\/div>\n<\/blockquote>\n<p><script src=\"\/\/platform.instagram.com\/en_US\/embeds.js\" async=\"\" defer=\"defer\"><\/script>Oko\u0142o 17 l\u0105duj\u0105 w Goudzie. Wszystkie sklepy z serami s\u0105 pozamykane, wi\u0119c tylko szybko robi\u0105 zakupy w Albercie, cykaj\u0105 kilka zdj\u0119\u0107 i wracaj\u0105 do lokum. <\/p>\n<blockquote class=\"instagram-media\" style=\"background: #FFF; border: 0; border-radius: 3px; box-shadow: 0 0 1px 0 rgba(0,0,0,0.5),0 1px 10px 0 rgba(0,0,0,0.15); margin: 1px; max-width: 658px; padding: 0; width: calc(100% - 2px);\" data-instgrm-captioned=\"\" data-instgrm-version=\"4\">\n<div style=\"padding: 8px;\">\n<div style=\"background: #F8F8F8; line-height: 0; margin-top: 40px; padding: 50% 0; text-align: center; width: 100%;\"><\/div>\n<p><a style=\"color: #000; font-family: Arial,sans-serif; font-size: 14px; font-style: normal; font-weight: normal; line-height: 17px; text-decoration: none; word-wrap: break-word;\" href=\"https:\/\/instagram.com\/p\/5476KdNnG3\/\" target=\"_top\" rel=\"noopener noreferrer\">Gouda #nocheese<\/a> Zdj\u0119cie zamieszczone przez u\u017cytkownika @thekfile <time style=\"font-family: Arial,sans-serif; font-size: 14px; line-height: 17px;\" datetime=\"2015-08-02T17:37:27+00:00\">2 Sie, 2015 o 10:37 PDT<\/time>\n<\/div>\n<\/blockquote>\n<p><script src=\"\/\/platform.instagram.com\/en_US\/embeds.js\" async=\"\" defer=\"defer\"><\/script><\/p>\n<p>3.08.2015 &#8211; po kolejnej, \u017ale przespanej nocy (kury w ogr\u00f3dku dr\u0105ce dzioby o sz\u00f3stej rano) siostry ruszaj\u0105 do Amsterdamu. Tam system Park+Ride by\u0142 du\u017co bardziej skomplikowany, ale po kilkukrotnym\u00a0powt\u00f3rzeniu zasad uda\u0142o si\u0119 to ogarn\u0105\u0107. Ujawnia swoj\u0105 warto\u015b\u0107 posiadanie dw\u00f3ch nawigacji GPS ;). Siostry najpierw korzystaj\u0105 z wycieczki po kana\u0142ach, podczas kt\u00f3rej mi\u0142a pani kapitan pokazuje obklejonym plastrem palcem punkty w\u0142a\u015bnie omawiane z nagrania w trzech j\u0119zykach. Po wycieczce snuj\u0105 si\u0119 po mie\u015bcie, spo\u017cywaj\u0105c mi\u0119dzy innymi frytki z sosem z orzeszk\u00f3w ziemnych (najwyra\u017aniej bardziej przypadaj\u0105 do gustu k. ni\u017c MS)\u00a0i frykadele w wersji Special (z cebul\u0105, zgodnie z rekomendacj\u0105 gospodyni lokum, kt\u00f3ra dodatkowo stwierdzi\u0142a, \u017ce nie chcemy wiedzie\u0107, z czego to jest zrobione. Taka polska par\u00f3wka).<\/p>\n<blockquote class=\"instagram-media\" style=\"background: #FFF; border: 0; border-radius: 3px; box-shadow: 0 0 1px 0 rgba(0,0,0,0.5),0 1px 10px 0 rgba(0,0,0,0.15); margin: 1px; max-width: 658px; padding: 0; width: calc(100% - 2px);\" data-instgrm-version=\"4\">\n<div style=\"padding: 8px;\">\n<div style=\"background: #F8F8F8; line-height: 0; margin-top: 40px; padding: 50% 0; text-align: center; width: 100%;\"><\/div>\n<p style=\"color: #c9c8cd; font-family: Arial,sans-serif; font-size: 14px; line-height: 17px; margin-bottom: 0; margin-top: 8px; overflow: hidden; padding: 8px 0 7px; text-align: center; text-overflow: ellipsis; white-space: nowrap;\"><a style=\"color: #c9c8cd; font-family: Arial,sans-serif; font-size: 14px; font-style: normal; font-weight: normal; line-height: 17px; text-decoration: none;\" href=\"https:\/\/instagram.com\/p\/57oegBtnH2\/\" target=\"_top\" rel=\"noopener noreferrer\">Zdj\u0119cie zamieszczone przez u\u017cytkownika @thekfile<\/a> <time style=\"font-family: Arial,sans-serif; font-size: 14px; line-height: 17px;\" datetime=\"2015-08-03T18:45:22+00:00\">3 Sie, 2015 o 11:45 PDT<\/time><\/p>\n<\/div>\n<\/blockquote>\n<p><script src=\"\/\/platform.instagram.com\/en_US\/embeds.js\" async=\"\" defer=\"defer\"><\/script>k. psuje si\u0119 komputer.<\/p>\n<p>4.08.2015 &#8211; siostry maj\u0105 zamiar wyjecha\u0107 ko\u0142o 10, ale los p\u0142ata im ma\u0142ego figla i budz\u0105 si\u0119 dopiero o 9:30 (MS my\u015bla\u0142a, \u017ce budzik by\u0142 nastawiony, k. my\u015bla\u0142a, \u017ce MS nastawi\u0142a budzik&#8230;). Tym samym ruszaj\u0105 dopiero ko\u0142o 11, po po\u017cegnaniu z gospodyni\u0105. Celuj\u0105 w Antwerpi\u0119. Przy pr\u00f3bie znalezienia parkingu w Antwerpii okazuje si\u0119, \u017ce Belgowie to chamscy kierowcy. Siostrom jako\u015b udaje si\u0119 wyl\u0105dowa\u0107 na tanim parkingu po niew\u0142a\u015bciwej stronie rzeki. Wysiadaj\u0105 z samochodu. Kieruj\u0105 si\u0119 w stron\u0119 dobrze widocznej wie\u017cy katedry. Dochodz\u0105 do rzeki. Rozgl\u0105daj\u0105 si\u0119. Most\u00f3w niet, a nawigacja pokazuje, \u017ce maj\u0105 si\u0119 przedosta\u0107 przez rzek\u0119. MS dostrzega budynek, do kt\u00f3rego co chwil\u0119 kto\u015b wchodzi. Okazuje si\u0119, \u017ce to wej\u015bcie do tunelu. Wchodz\u0105 do windy. Za nimi na rowerze wje\u017cd\u017ca sympatyczny ch\u0142opaczek i \u0142adnie wyja\u015bnia, \u017ce to nie jest straszne (jak stwierdzi\u0142a MS), tylko jest troch\u0119 ch\u0142odno. T\u0142umaczy, jak dosta\u0107 si\u0119 na star\u00f3wk\u0119. Siostry pokonuj\u0105 prawie 600-metrowy tunel, zachwycone starymi schodami ruchomymi. W drodze na star\u00f3wk\u0119 racz\u0105 si\u0119 frytkami &#8211; k. wzi\u0119\u0142a z klasycznym majonezem (taki sobie), MS zaryzykowa\u0142a sos og\u00f3rkowy (OBRZYDLIWY). Zwiedzaj\u0105 star\u00f3wk\u0119, katedr\u0119, dochodz\u0105 do pi\u0119knego dworca g\u0142\u00f3wnego. k. intryguje wszechobecny motyw d\u0142oni na czekoladkach. Dopiero p\u00f3\u017aniej doczytuje \u017ar\u00f3d\u0142ow\u0105 legend\u0119 (z motywami odcinania d\u0142oni jakiemu\u015b potworowi). Co jest niepokoj\u0105ce, mimo licznych pr\u00f3b nie udaje im si\u0119 zalogowa\u0107 do \u017cadnej sieci WiFi. Mimo zm\u0119czenia decyduj\u0105 si\u0119 na dotarcie piechot\u0105 na parking &#8211; celem ponownego przej\u015bcia tunelu :). <\/p>\n<blockquote class=\"instagram-media\" style=\"background: #FFF; border: 0; border-radius: 3px; box-shadow: 0 0 1px 0 rgba(0,0,0,0.5),0 1px 10px 0 rgba(0,0,0,0.15); margin: 1px; max-width: 658px; padding: 0; width: calc(100% - 2px);\" data-instgrm-captioned=\"\" data-instgrm-version=\"4\">\n<div style=\"padding: 8px;\">\n<div style=\"background: #F8F8F8; line-height: 0; margin-top: 40px; padding: 50% 0; text-align: center; width: 100%;\"><\/div>\n<p>\u00a0 <a style=\"color: #000; font-family: Arial,sans-serif; font-size: 14px; font-style: normal; font-weight: normal; line-height: 17px; text-decoration: none; word-wrap: break-word;\" href=\"https:\/\/instagram.com\/p\/5-MeWhtnND\/\" target=\"_top\" rel=\"noopener noreferrer\">Antwerpia #belgia<\/a> \u00a0 Zdj\u0119cie zamieszczone przez u\u017cytkownika @thekfile <time style=\"font-family: Arial,sans-serif; font-size: 14px; line-height: 17px;\" datetime=\"2015-08-04T18:38:24+00:00\">4 Sie, 2015 o 11:38 PDT<\/time>\n<\/div>\n<\/blockquote>\n<p><script src=\"\/\/platform.instagram.com\/en_US\/embeds.js\" async=\"\" defer=\"defer\"><\/script>W ich belgijskim lokum, niedaleko Brukseli, stawiaj\u0105 si\u0119 po 19. Poznaj\u0105 swojego do\u015b\u0107 specyficznego, ale pomocnego i \u017cyczliwego gospodarza. Tam do WiFi ju\u017c udaje si\u0119 zalogowa\u0107.<\/p>\n<p>5.08.2015 &#8211; plan dnia &#8211; Bruksela! Tam ruszaj\u0105 poci\u0105giem, bo maj\u0105 zamiar si\u0119 upi\u0107 ;). W planie wycieczki kilka ko\u015bcio\u0142\u00f3w, Parlament Europejski, obiad na star\u00f3wce i piwo w barze Delirium Tremens (rekordzista Guinnessa w zakresie ilo\u015bci oferowanych rodzaj\u00f3w piw &#8211; ponad 2000!). k. jeszcze na trze\u017awo \u00a0zakochuje si\u0119 w Brukseli. Mimo spo\u017cycia czterech piw na \u0142eb udaje im si\u0119 dotrze\u0107 do mieszkania.<\/p>\n<blockquote class=\"instagram-media\" style=\"background: #FFF; border: 0; border-radius: 3px; box-shadow: 0 0 1px 0 rgba(0,0,0,0.5),0 1px 10px 0 rgba(0,0,0,0.15); margin: 1px; max-width: 658px; padding: 0; width: calc(100% - 2px);\" data-instgrm-captioned=\"\" data-instgrm-version=\"4\">\n<div style=\"padding: 8px;\">\n<div style=\"background: #F8F8F8; line-height: 0; margin-top: 40px; padding: 50% 0; text-align: center; width: 100%;\"><\/div>\n<p><a style=\"color: #000; font-family: Arial,sans-serif; font-size: 14px; font-style: normal; font-weight: normal; line-height: 17px; text-decoration: none; word-wrap: break-word;\" href=\"https:\/\/instagram.com\/p\/5_yZFeNnNR\/\" target=\"_top\" rel=\"noopener noreferrer\">Du\u017co z\u0142ota na rynku w #bruksela<\/a> \u00a0 Zdj\u0119cie zamieszczone przez u\u017cytkownika @thekfile <time style=\"font-family: Arial,sans-serif; font-size: 14px; line-height: 17px;\" datetime=\"2015-08-05T09:28:58+00:00\">5 Sie, 2015 o 2:28 PDT<\/time><\/p>\n<\/div>\n<\/blockquote>\n<p><script src=\"\/\/platform.instagram.com\/en_US\/embeds.js\" async=\"\" defer=\"defer\"><\/script><\/p>\n<blockquote class=\"instagram-media\" style=\"background: #FFF; border: 0; border-radius: 3px; box-shadow: 0 0 1px 0 rgba(0,0,0,0.5),0 1px 10px 0 rgba(0,0,0,0.15); margin: 1px; max-width: 658px; padding: 0; width: calc(100% - 2px);\" data-instgrm-version=\"4\">\n<div style=\"padding: 8px;\">\n<div style=\"background: #F8F8F8; line-height: 0; margin-top: 40px; padding: 50% 0; text-align: center; width: 100%;\"><\/div>\n<p><a style=\"color: #c9c8cd; font-family: Arial,sans-serif; font-size: 14px; font-style: normal; font-weight: normal; line-height: 17px; text-decoration: none;\" href=\"https:\/\/instagram.com\/p\/6Af7nbNnFt\/\" target=\"_top\" rel=\"noopener noreferrer\">Zdj\u0119cie zamieszczone przez u\u017cytkownika @thekfile<\/a> <time style=\"font-family: Arial,sans-serif; font-size: 14px; line-height: 17px;\" datetime=\"2015-08-05T16:06:54+00:00\">5 Sie, 2015 o 9:06 PDT<\/time>\n<\/div>\n<\/blockquote>\n<p><script src=\"\/\/platform.instagram.com\/en_US\/embeds.js\" async=\"\" defer=\"defer\"><\/script><br \/>\n6.08.2015 &#8211; trze\u017awe ju\u017c siostry ruszaj\u0105 na p\u00f3\u0142nocny zach\u00f3d Belgii. Najpierw l\u0105duj\u0105 w Brugii. Kr\u0119c\u0105 si\u0119 po uroczym, starym mie\u015bcie z kana\u0142ami i zacisznymi parkami, k. stwierdza, \u017ce mog\u0142aby tu mieszka\u0107.<\/p>\n<blockquote class=\"instagram-media\" style=\"background: #FFF; border: 0; border-radius: 3px; box-shadow: 0 0 1px 0 rgba(0,0,0,0.5),0 1px 10px 0 rgba(0,0,0,0.15); margin: 1px; max-width: 658px; padding: 0; width: calc(100% - 2px);\" data-instgrm-captioned=\"\" data-instgrm-version=\"4\">\n<div style=\"padding: 8px;\">\n<div style=\"background: #F8F8F8; line-height: 0; margin-top: 40px; padding: 50% 0; text-align: center; width: 100%;\"><\/div>\n<p><a style=\"color: #000; font-family: Arial,sans-serif; font-size: 14px; font-style: normal; font-weight: normal; line-height: 17px; text-decoration: none; word-wrap: break-word;\" href=\"https:\/\/instagram.com\/p\/6DS8Q2NnHB\/\" target=\"_top\" rel=\"noopener noreferrer\">Brugia #brugge #belgium #hellopretty #moglabymtammieszkac #icouldlivethere<\/a> \u00a0 Zdj\u0119cie zamieszczone przez u\u017cytkownika @thekfile <time style=\"font-family: Arial,sans-serif; font-size: 14px; line-height: 17px;\" datetime=\"2015-08-06T18:11:07+00:00\">6 Sie, 2015 o 11:11 PDT<\/time><\/p>\n<\/div>\n<\/blockquote>\n<p><script src=\"\/\/platform.instagram.com\/en_US\/embeds.js\" async=\"\" defer=\"defer\"><\/script>Z Brugii ruszaj\u0105 do Gandawy (czyli Gent, czyta si\u0119 tak, jakby kto\u015b chcia\u0142 sobie odchrz\u0105kn\u0105\u0107: HHent), gdzie trafiaj\u0105 do najwolniejszego McDonald&#8217;s ever, przez co p\u00f3\u017aniej biegiem musz\u0105 obskakiwa\u0107 atrakcje turystyczne, m.in. wie\u017c\u0119 widokow\u0105. Kupuj\u0105 pami\u0105tki &#8211; piwa i czekoladki. MS woli Gandaw\u0119, k. nie zmienia zdania co do Brugii (chocia\u017c emigrowa\u0107 nie ma zamiaru). <\/p>\n<blockquote class=\"instagram-media\" style=\"background: #FFF; border: 0; border-radius: 3px; box-shadow: 0 0 1px 0 rgba(0,0,0,0.5),0 1px 10px 0 rgba(0,0,0,0.15); margin: 1px; max-width: 658px; padding: 0; width: calc(100% - 2px);\" data-instgrm-captioned=\"\" data-instgrm-version=\"4\">\n<div style=\"padding: 8px;\">\n<div style=\"background: #F8F8F8; line-height: 0; margin-top: 40px; padding: 50% 0; text-align: center; width: 100%;\"><\/div>\n<p><a style=\"color: #000; font-family: Arial,sans-serif; font-size: 14px; font-style: normal; font-weight: normal; line-height: 17px; text-decoration: none; word-wrap: break-word;\" href=\"https:\/\/instagram.com\/p\/6DSvaLNnGX\/\" target=\"_top\" rel=\"noopener noreferrer\">Gandawa #gent #belgium #hellopretty<\/a> Zdj\u0119cie zamieszczone przez u\u017cytkownika @thekfile <time style=\"font-family: Arial,sans-serif; font-size: 14px; line-height: 17px;\" datetime=\"2015-08-06T18:09:22+00:00\">6 Sie, 2015 o 11:09 PDT<\/time>\n<\/div>\n<\/blockquote>\n<p><script src=\"\/\/platform.instagram.com\/en_US\/embeds.js\" async=\"\" defer=\"defer\"><\/script><\/p>\n<p>7.08.2015 &#8211; oko\u0142o 9 wyprowadzka z lokum. Oko\u0142o 9:30 siostry l\u0105duj\u0105 pod Atomium, a raczej pod kompleksem rozrywkowym, kt\u00f3rego Atomium jest cz\u0119\u015bci\u0105. Model powi\u0119kszonego 165 mld razy kryszta\u0142u \u017celaza robi wra\u017cenie, tak samo panorama w najwy\u017cej kuli konstrukcji. Wystawa wewn\u0105trz ju\u017c mniej. Z Atomium przechodz\u0105 do Mini Europy, gdzie nie udaje im si\u0119 znale\u017a\u0107 Polski.<br \/>\nStamt\u0105d jad\u0105 znowu do Eindhoven. OB podrzuca siostry pod Primarka. k. wychodzi z akcesoriami, MS odbija sobie za zostawion\u0105 w Holandii pi\u017cam\u0119.<br \/>\nOko\u0142o 19 &#8211; spakowane cztery baby ruszaj\u0105 w stron\u0119 Polski. Prowadzi MS.<\/p>\n<p>8.08.2015 &#8211; k. w drodze si\u0119 nie wysypia, wi\u0119c po czterech godzinach za kierownic\u0105 ponownie zmienia j\u0105 MS. W domu l\u0105duj\u0105 ko\u0142o \u00f3smej rano.<\/p>\n<p>W rozmowach zgodnie stwierdzaj\u0105, \u017ce Belgia podoba im si\u0119 bardziej od Holandii.<\/p>\n<p>Og\u00f3lnie pierwotny plan wycieczki zosta\u0142 nieco zmodyfikowany (mia\u0142o by\u0107 10 miejsc, by\u0142o 11, w tym jedno zmienione &#8211; zamiast do Dordrechtu pojecha\u0142y\u015bmy do Kinderdijk, nadprogramowe by\u0142o Atomium).<\/p>\n<p>k. najch\u0119tniej do Polski przywioz\u0142aby holendersk\u0105 sie\u0107 autostrad &#8211; szerokich, \u015bwietnie utrzymanych, darmowych i zapewniaj\u0105cych szybki i bezpieczny dojazd do w\u0142a\u015bciwie ka\u017cdej miejscowo\u015bci.<\/p>\n<p>Z tankowaniem gazu wi\u0119kszych problem\u00f3w nie by\u0142o, na wi\u0119kszo\u015bci stacji mieli przej\u015bci\u00f3wki. W Holandii i Belgii nie trzeba by\u0142o dawa\u0107 depozytu (z czego zapewne wynik\u0142 fakt, \u017ce jedna stacja zosta\u0142a z owej przej\u015bci\u00f3wki po chamsku okradziona). Ceny LPG mniej-wi\u0119cej takie, jak w Polsce. W Niemczech dro\u017cszy.<\/p>\n<p>Obie bazy wypadowe (noclegi) zosta\u0142y wynaj\u0119te przez airbnb, kt\u00f3ry to portal serdecznie polecam.<\/p>\n","protected":false},"excerpt":{"rendered":"<p>31.07.2015 &#8211; oko\u0142o 20:30 weso\u0142y, niewidzialny Nissan z czterema kobietami (w tym dwiema wybitnie niepe\u0142noletnimi, w tym jedna z chorob\u0105 lokomocyjn\u0105) na pok\u0142adzie, ca\u0142kiem lu\u017ano zapakowanym baga\u017cnikiem (mo\u017cna by\u0142o spokojnie patrze\u0107 przez lusterko wsteczne) i pe\u0142nymi oboma bakami rusza w 1100-kilometrow\u0105 podr\u00f3\u017c na Zach\u00f3d. Prowadzi k. 1.08.2015 &#8211; oko\u0142o 1 w nocy weso\u0142y Nissan, z [&hellip;]<\/p>\n","protected":false},"author":2,"featured_media":0,"comment_status":"open","ping_status":"closed","sticky":false,"template":"","format":"standard","meta":{"footnotes":""},"categories":[5],"tags":[22,59,107,173],"class_list":["post-2435","post","type-post","status-publish","format-standard","hentry","category-osobiste","tag-belgia","tag-holandia","tag-osobiste-2","tag-urlop"],"_links":{"self":[{"href":"http:\/\/thekfiles.pl\/index.php?rest_route=\/wp\/v2\/posts\/2435","targetHints":{"allow":["GET"]}}],"collection":[{"href":"http:\/\/thekfiles.pl\/index.php?rest_route=\/wp\/v2\/posts"}],"about":[{"href":"http:\/\/thekfiles.pl\/index.php?rest_route=\/wp\/v2\/types\/post"}],"author":[{"embeddable":true,"href":"http:\/\/thekfiles.pl\/index.php?rest_route=\/wp\/v2\/users\/2"}],"replies":[{"embeddable":true,"href":"http:\/\/thekfiles.pl\/index.php?rest_route=%2Fwp%2Fv2%2Fcomments&post=2435"}],"version-history":[{"count":0,"href":"http:\/\/thekfiles.pl\/index.php?rest_route=\/wp\/v2\/posts\/2435\/revisions"}],"wp:attachment":[{"href":"http:\/\/thekfiles.pl\/index.php?rest_route=%2Fwp%2Fv2%2Fmedia&parent=2435"}],"wp:term":[{"taxonomy":"category","embeddable":true,"href":"http:\/\/thekfiles.pl\/index.php?rest_route=%2Fwp%2Fv2%2Fcategories&post=2435"},{"taxonomy":"post_tag","embeddable":true,"href":"http:\/\/thekfiles.pl\/index.php?rest_route=%2Fwp%2Fv2%2Ftags&post=2435"}],"curies":[{"name":"wp","href":"https:\/\/api.w.org\/{rel}","templated":true}]}}