{"id":2426,"date":"2015-07-31T10:08:36","date_gmt":"2015-07-31T08:08:36","guid":{"rendered":"http:\/\/thekfiles.pl\/?p=2426"},"modified":"2015-07-31T10:08:36","modified_gmt":"2015-07-31T08:08:36","slug":"matka-dentystka","status":"publish","type":"post","link":"http:\/\/thekfiles.pl\/?p=2426","title":{"rendered":"Matka dentystka"},"content":{"rendered":"<p>Jaki\u015b czas temu wpad\u0142am w sza\u0142 wyrabiania sobie nowych okular\u00f3w. Przez kilka lat nosi\u0142am jedn\u0105 par\u0119 i postanowi\u0142am zaopatrzy\u0107 si\u0119 w trzy\u00a0kolejne, ka\u017cda w innym kolorze oprawek, w tym jedna przeznaczona wy\u0142\u0105cznie do noszenia w pracy. Stare okulary nadal nadawa\u0142y si\u0119 do noszenia, moja wada wzroku od kilku dobrych lat utrzymuje si\u0119 na tym samym poziomie. Chcia\u0142am po prostu mie\u0107 bryle na zmian\u0119 :).<\/p>\n<p>Dwie pary, w tym wspomnian\u0105 &#8222;robocz\u0105&#8221;, zrobi\u0142am u optyka w mie\u015bcie. Badanie wzroku u okulisty potwierdzi\u0142o stopie\u0144 wady. Ci\u0105gle jednak brakowa\u0142o mi do szcz\u0119\u015bcia tej trzeciej pary, w innym kolorze. Przegl\u0105da\u0142am wi\u0119ksze salony optyczne, ale albo nic mi si\u0119 nie podoba\u0142o, albo by\u0142o strasznie drogie.<\/p>\n<p>W ko\u0144cu przypomnia\u0142am sobie, \u017ce optyk znajduje si\u0119 te\u017c w o\u015brodku zdrowia, bardzo blisko mojej pierwszej pracy.<\/p>\n<p>Wybra\u0142am si\u0119 tam podczas jakiej\u015b przerwy. Razem z pani\u0105 wybra\u0142y\u015bmy oprawki. Dosz\u0142o do wypisywania papierka zam\u00f3wienia. Poda\u0142am swoje nazwisko.<\/p>\n<p>&#8211; Czy pani mama nie jest przypadkiem dentystk\u0105? &#8211; spyta\u0142a pani.<br \/>\n&#8211; Nie, jest terapeutk\u0105 &#8211; odpar\u0142am zgodnie z prawd\u0105.<br \/>\n&#8211; Bo tu w okolicy jest dentystka o podobnym nazwisku.<\/p>\n<p>Wzruszy\u0142am ramionami. Moje nazwisko jest do\u015b\u0107 specyficzne; sprawdza\u0142am na jakiej\u015b &#8211; nie wiem, na ile wiarygodnej &#8211; stronie, \u017ce dziel\u0119 je i jego nieco zruszczony wariant z oko\u0142o\u00a0550 osobami w kraju. Mo\u017ce w gabinecie we wsi obok pracuje kt\u00f3ra\u015b z tych 550 os\u00f3b? Tak czy siak, kilka dni p\u00f3\u017aniej odebra\u0142am swoje nowe bryle.<\/p>\n<p>Bryle po kilku dniach musia\u0142y jednak pow\u0119drowa\u0107 do reklamacji. Nie mia\u0142am przy sobie papier\u00f3w do reklamacji, wi\u0119c um\u00f3wi\u0142y\u015bmy si\u0119, \u017ce przynios\u0119 je nast\u0119pnego dnia. P\u00f3\u017aniej posz\u0142am na zakupy, wracaj\u0105c do pracy zobaczy\u0142am pani\u0105 z optyka, rozmawiaj\u0105c\u0105 z jednym z moich pacjent\u00f3w. Skin\u0119li\u015bmy sobie z nim g\u0142owami.<\/p>\n<p>Nast\u0119pnego dnia, zgodnie z umow\u0105, dostarczy\u0142am okulary i dokumenty. Pani widz\u0105c mnie, zacz\u0119\u0142a si\u0119 \u015bmia\u0107.<\/p>\n<p>&#8211; Wie pani, ja wczoraj p\u00f3\u0142 dnia si\u0119 z siebie \u015bmia\u0142am. Jak przysz\u0142a pani tutaj pierwszy raz, pyta\u0142am, czy pani mama jest dentystk\u0105. &#8222;Nieee, terapeutk\u0105&#8221;. Ludzie m\u00f3wi\u0105, \u017ce tutaj taka pracuje. Wczoraj rozmawiam z koleg\u0105, on nagle m\u00f3wi, \u017ce o, idzie jego dentystka. &#8222;Kt\u00f3ra?&#8221; &#8222;No ta&#8221;. Jak si\u0119 cz\u0142owieka na oczy nie widzia\u0142o&#8230; Dam zna\u0107, jak co\u015b b\u0119dzie wiadomo z tymi okularami. <em>Daleko przecie\u017c nie mam.<\/em><\/p>\n<p>PS.: W okularach musia\u0142y zosta\u0107 wymienione szk\u0142a. W owej feralnej parze mia\u0142am ustalony za ma\u0142y rozstaw \u017arenic, co powodowa\u0142o, \u017ce oczy bardzo szybko si\u0119 m\u0119czy\u0142y (5 mm w por\u00f3wnaniu z innymi szk\u0142ami ma znaczenie!).<br \/>\nPPS.: Swoj\u0105 drog\u0105, wysz\u0142o na to, \u017ce optyka to bardzo &#8222;subiektywna&#8221; dziedzina. Wszystko zale\u017cy od pomiaru.<br \/>\nPPPS.: A pewien sieciowy\u00a0optyk\u00a0w mojej najstarszej parze bryli podobno doda\u0142 mi \u0107wier\u0107 dioptrii w jednym szkle. Tak m\u00f3wi\u0142 pan, kt\u00f3ry si\u0119 zajmowa\u0142 moj\u0105 reklamacj\u0105. Co ciekawe, jak wyrabia\u0142am dwie pierwsze zapasowe pary, pani doktor potwierdzi\u0142a te dioptrie, kt\u00f3re pami\u0119ta\u0142am (bez \u0107wierci dodatku). M\u00f3wi\u0142am, \u017ce subiektywne?<br \/>\nPPPPS.: Zdj\u0119\u0107 okular\u00f3w i swojego nazwiska nie ujawni\u0119. Szkie\u0142ek widocznych w moim avatarze przy komentarzach nie nosz\u0119 od kilku lat, zosta\u0142y podeptane (psipadkiem) \ud83d\ude09<\/p>\n","protected":false},"excerpt":{"rendered":"<p>Jaki\u015b czas temu wpad\u0142am w sza\u0142 wyrabiania sobie nowych okular\u00f3w. Przez kilka lat nosi\u0142am jedn\u0105 par\u0119 i postanowi\u0142am zaopatrzy\u0107 si\u0119 w trzy\u00a0kolejne, ka\u017cda w innym kolorze oprawek, w tym jedna przeznaczona wy\u0142\u0105cznie do noszenia w pracy. Stare okulary nadal nadawa\u0142y si\u0119 do noszenia, moja wada wzroku od kilku dobrych lat utrzymuje si\u0119 na tym samym [&hellip;]<\/p>\n","protected":false},"author":2,"featured_media":0,"comment_status":"open","ping_status":"closed","sticky":false,"template":"","format":"standard","meta":{"footnotes":""},"categories":[5],"tags":[99,107,136],"class_list":["post-2426","post","type-post","status-publish","format-standard","hentry","category-osobiste","tag-okulary","tag-osobiste-2","tag-przydluga-opowiesc-z-zycia"],"_links":{"self":[{"href":"http:\/\/thekfiles.pl\/index.php?rest_route=\/wp\/v2\/posts\/2426","targetHints":{"allow":["GET"]}}],"collection":[{"href":"http:\/\/thekfiles.pl\/index.php?rest_route=\/wp\/v2\/posts"}],"about":[{"href":"http:\/\/thekfiles.pl\/index.php?rest_route=\/wp\/v2\/types\/post"}],"author":[{"embeddable":true,"href":"http:\/\/thekfiles.pl\/index.php?rest_route=\/wp\/v2\/users\/2"}],"replies":[{"embeddable":true,"href":"http:\/\/thekfiles.pl\/index.php?rest_route=%2Fwp%2Fv2%2Fcomments&post=2426"}],"version-history":[{"count":0,"href":"http:\/\/thekfiles.pl\/index.php?rest_route=\/wp\/v2\/posts\/2426\/revisions"}],"wp:attachment":[{"href":"http:\/\/thekfiles.pl\/index.php?rest_route=%2Fwp%2Fv2%2Fmedia&parent=2426"}],"wp:term":[{"taxonomy":"category","embeddable":true,"href":"http:\/\/thekfiles.pl\/index.php?rest_route=%2Fwp%2Fv2%2Fcategories&post=2426"},{"taxonomy":"post_tag","embeddable":true,"href":"http:\/\/thekfiles.pl\/index.php?rest_route=%2Fwp%2Fv2%2Ftags&post=2426"}],"curies":[{"name":"wp","href":"https:\/\/api.w.org\/{rel}","templated":true}]}}