{"id":2244,"date":"2011-04-13T00:00:00","date_gmt":"2011-04-13T00:00:00","guid":{"rendered":"http:\/\/mimastech.pl\/wordpress2\/?p=2244"},"modified":"2011-04-13T00:00:00","modified_gmt":"2011-04-13T00:00:00","slug":"zapalenie-dziasel","status":"publish","type":"post","link":"http:\/\/thekfiles.pl\/?p=2244","title":{"rendered":"Zapalenie dzi\u0105se\u0142"},"content":{"rendered":"<p>Jest to do\u015b\u0107 cz\u0119ste schorzenie. Objawia si\u0119 zaczerwienieniem, bolesno\u015bci\u0105, obrz\u0119kiem i krwawieniem dzi\u0105se\u0142 &#8211; samoistnym b\u0105d\u017a przy niewielkich urazach, jak szczotkowanie z\u0119b\u00f3w.<\/p>\n<p>Najcz\u0119stsz\u0105 przyczyn\u0105 jest nieprawid\u0142owa higiena jamy ustnej, czyli gromadzenie si\u0119 p\u0142ytki naz\u0119bnej. Zdarza si\u0119 jednak, \u017ce powy\u017csze objawy mog\u0105 do\u0142\u0105czy\u0107 si\u0119 do przebiegu chor\u00f3b og\u00f3lnych, takich, jak cukrzyca i bia\u0142aczka (uwaga, jednym z pierwszych objaw\u00f3w tej ci\u0119\u017ckiej choroby jest w\u0142a\u015bnie zaczerwienienie, obrz\u0119k i krwawienie dzi\u0105se\u0142!). Og\u00f3lnie podzia\u0142 chor\u00f3b dzi\u0105se\u0142 (oficjalny, wymy\u015blony przez wielu m\u0105drych ludzi na specjalnej konferencji w 1999 roku) mo\u017cna sobie przeczyta\u0107 <a href=\"http:\/\/thekfiles.blox.pl\/resource\/periodon.rtf\">tu<\/a> (plik .rtf). <span style=\"color: #808080\"><span style=\"font-size: x-small\">[Je\u015bli moim kolegom po fachu czego\u015b w tym podziale brakuje: tak, wywali\u0142am z niego podzia\u0142 chor\u00f3b przyz\u0119bia.]<\/span><\/span><\/p>\n<p>Jak leczymy? Je\u015bli mamy zapalenie dzi\u0105se\u0142 zwi\u0105zane wy\u0142\u0105cznie z p\u0142ytk\u0105 (wspomniane w podziale czynniki miejscowe to np. wady zgryzu czy nawisaj\u0105ce wype\u0142nienia, utrudniaj\u0105ce prowadzenie prawid\u0142owej higieny), to najzwyczajniej w \u015bwiecie ow\u0105 p\u0142ytk\u0119 usuwamy. Dentysta powinien przeprowadzi\u0107 solidny instrukta\u017c higieny jamy ustnej, proponuj\u0105c do\u0142\u0105czenie stosowania nitek dentystycznych i leczniczych p\u0142ukanek, w razie potrzeby skorygowa\u0107 wype\u0142nienia itp.<\/p>\n<p>PODSTAWOWYM B\u0141\u0118DEM pacjent\u00f3w w sytuacji krwawienia dzi\u0105se\u0142 jest zaprzestanie szczotkowania z\u0119b\u00f3w (osobnik, kt\u00f3ry mi si\u0119 do tego przyzna\u0142 ostatnio na fotelu, jest inspiracj\u0105 dla tej notki). Wierzcie mi, zapuszczenie stanu dzi\u0105se\u0142 jest znacznie gorsze od pokrwawienia sobie od czasu do czasu. Przy zapaleniu dzi\u0105se\u0142 z\u0119by nie wypadn\u0105, naprawd\u0119.<\/p>\n<p>Je\u015bli mamy choroby dzi\u0105se\u0142, kt\u00f3re s\u0105 wywo\u0142ane p\u0142ytk\u0105, ale do\u0142\u0105czaj\u0105 si\u0119 do chor\u00f3b czy stan\u00f3w og\u00f3lnych (ci\u0105\u017c\u0119 raczej ci\u0119\u017cko nazwa\u0107 chorob\u0105), to te\u017c poprawiamy higien\u0119 &#8211; brak p\u0142ytki sprzyja z\u0142agodzeniu zmian. Ich ca\u0142kowite lub znaczne cofni\u0119cie osi\u0105ga si\u0119 po usuni\u0119ciu drugiego czynnika sprawczego, czyli np. kontrola cukrzycy, por\u00f3d, zako\u0144czenie terapii okre\u015blonymi lekami (polekowe zapalenie dzi\u0105se\u0142 wywo\u0142uj\u0105 niekt\u00f3re leki przeciwnowotworowe, przeciwpadaczkowe i przeciwnadci\u015bnieniowe).<\/p>\n<p>W przypadku chor\u00f3b dzi\u0105se\u0142 niezwi\u0105zanych z p\u0142ytk\u0105 najwa\u017cniejsze jest leczenie przyczynowe.<\/p>\n<p>Nieleczone zapalenie dzi\u0105se\u0142 mo\u017ce przej\u015b\u0107 w zapalenie przyz\u0119bia, kt\u00f3re leczy si\u0119 znacznie ci\u0119\u017cej, a w stanach zaawansowanych mo\u017ce prowadzi\u0107 do utraty z\u0119b\u00f3w (tzw. parodontoza).<\/p>\n<p>PS.: Tak jeszcze wracaj\u0105c do bia\u0142aczki:<br \/>kiedy pacjent przychodzi z krwawi\u0105cymi dzi\u0105s\u0142ami, ale np. ma ma\u0142o p\u0142ytki naz\u0119bnej, a stan si\u0119 nie zmienia po poprawie higieny, dobrym pomys\u0142em jest zrobienie podstawowych bada\u0144 krwi &#8211; morfologia z rozmazem. Poza tym, zdarza si\u0119 wy\u0142apa\u0107 inne objawy, kt\u00f3re mog\u0105 \u015bwiadczy\u0107 o powa\u017cniejszym stanie&#8230; Ale w tym temacie mo\u017cecie przemaglowa\u0107 swojego dentyst\u0119 \ud83d\ude09<\/p>\n","protected":false},"excerpt":{"rendered":"<p>Jest to do\u015b\u0107 cz\u0119ste schorzenie. Objawia si\u0119 zaczerwienieniem, bolesno\u015bci\u0105, obrz\u0119kiem i krwawieniem dzi\u0105se\u0142 &#8211; samoistnym b\u0105d\u017a przy niewielkich urazach, jak szczotkowanie z\u0119b\u00f3w. Najcz\u0119stsz\u0105 przyczyn\u0105 jest nieprawid\u0142owa higiena jamy ustnej, czyli gromadzenie si\u0119 p\u0142ytki naz\u0119bnej. Zdarza si\u0119 jednak, \u017ce powy\u017csze objawy mog\u0105 do\u0142\u0105czy\u0107 si\u0119 do przebiegu chor\u00f3b og\u00f3lnych, takich, jak cukrzyca i bia\u0142aczka (uwaga, jednym z [&hellip;]<\/p>\n","protected":false},"author":2,"featured_media":0,"comment_status":"open","ping_status":"open","sticky":false,"template":"","format":"standard","meta":{"footnotes":""},"categories":[2,3],"tags":[18,156],"class_list":["post-2244","post","type-post","status-publish","format-standard","hentry","category-archiwum","category-bez-kategorii","tag-archiwalne","tag-stomatologia"],"_links":{"self":[{"href":"http:\/\/thekfiles.pl\/index.php?rest_route=\/wp\/v2\/posts\/2244","targetHints":{"allow":["GET"]}}],"collection":[{"href":"http:\/\/thekfiles.pl\/index.php?rest_route=\/wp\/v2\/posts"}],"about":[{"href":"http:\/\/thekfiles.pl\/index.php?rest_route=\/wp\/v2\/types\/post"}],"author":[{"embeddable":true,"href":"http:\/\/thekfiles.pl\/index.php?rest_route=\/wp\/v2\/users\/2"}],"replies":[{"embeddable":true,"href":"http:\/\/thekfiles.pl\/index.php?rest_route=%2Fwp%2Fv2%2Fcomments&post=2244"}],"version-history":[{"count":0,"href":"http:\/\/thekfiles.pl\/index.php?rest_route=\/wp\/v2\/posts\/2244\/revisions"}],"wp:attachment":[{"href":"http:\/\/thekfiles.pl\/index.php?rest_route=%2Fwp%2Fv2%2Fmedia&parent=2244"}],"wp:term":[{"taxonomy":"category","embeddable":true,"href":"http:\/\/thekfiles.pl\/index.php?rest_route=%2Fwp%2Fv2%2Fcategories&post=2244"},{"taxonomy":"post_tag","embeddable":true,"href":"http:\/\/thekfiles.pl\/index.php?rest_route=%2Fwp%2Fv2%2Ftags&post=2244"}],"curies":[{"name":"wp","href":"https:\/\/api.w.org\/{rel}","templated":true}]}}