{"id":2172,"date":"2013-02-10T00:00:00","date_gmt":"2013-02-10T00:00:00","guid":{"rendered":"http:\/\/mimastech.pl\/wordpress2\/?p=2172"},"modified":"2013-02-10T00:00:00","modified_gmt":"2013-02-10T00:00:00","slug":"zarobiona-jestem","status":"publish","type":"post","link":"http:\/\/thekfiles.pl\/?p=2172","title":{"rendered":"Zarobiona jestem"},"content":{"rendered":"<p>Weekend\u00f3w mi uby\u0142o, buu. W sensie si\u0119 skr\u00f3ci\u0142y. Z trzech do ustawowo przewidzianych dw\u00f3ch dni.<\/p>\n<p>Ale za to przyby\u0142o mi pieni\u0105\u017ck\u00f3w i teraz co sobot\u0119 (bo w trzeciej pracy pracuj\u0119 w pi\u0105tki i zabieram zarobion\u0105 got\u00f3wk\u0119 na bie\u017c\u0105co) robi\u0119 od dawna odk\u0142adane, sprz\u0119towe zakupy. Po zesz\u0142otygodniowym polowaniu na pilnie potrzebny odkurzacz (dosta\u0142am to, co chcia\u0142am, ale za to przysi\u0119g\u0142am sobie, \u017ce nigdy wi\u0119cej nie kupi\u0119 nic w Euro RTV AGD), wczoraj w Media Expercie zaopatrzy\u0142am si\u0119 w \u017celazko (siostra chce mi zabra\u0107 swoje) i w Media Markt najprawdopodobniej przep\u0142aci\u0142am za radioodtwarzacz z CD (i gniazdem USB). Wyp\u0142ata za kolejny pi\u0105tek up\u0142ynni si\u0119 najprawdopodobniej w IKEA, do kt\u00f3rej zn\u00f3w si\u0119 wybieram. Zanim pi\u0105tkowe wyp\u0142aty zaczn\u0105 l\u0105dowa\u0107 na koncie albo w skarpecie, troch\u0119 wody w Wi\u015ble up\u0142ynie, bo potrzeby z racji okazji troch\u0119 si\u0119 rozros\u0142y. \ud83d\ude09<\/p>\n<p>Mam tylko nadziej\u0119, \u017ce szefowa za szybko si\u0119 na mnie nie obrazi. Ca\u0142y czas mam wra\u017cenie, \u017ce co\u015b robi\u0119 nie tak, ale czasami ci\u0119\u017cko w ci\u0105gu jednego dnia zaadaptowa\u0107 zwyczaje jakiego\u015b gabinetu na w\u0142asny u\u017cytek, za\u015b to, co ja czasami robi\u0119, cho\u0107 nie jest niezgodne ze sztuk\u0105 lekarsk\u0105, moje asystentki potrafi zdziwi\u0107.<\/p>\n<p>W pierwszej pracy z kolei znowu mam darmowe konwersacje z native speakerem ;). I ja si\u0119 ciesz\u0119, \u017ce sobie pogadam po angielsku, i pan si\u0119 cieszy, \u017ce si\u0119 dogada (po polsku m\u00f3wi tylko troch\u0119, bo nie ma jako\u015b motywacji do uczenia si\u0119, a leczenie kana\u0142owe to nie takie hop siup i ci\u0119\u017cko zakuma\u0107, o co chodzi, jak si\u0119 nie zna j\u0119zyka), za\u015b praktykantki maj\u0105 atrakcj\u0119, bo takie rzeczy tylko w Erze (pacjent siedzia\u0142 ju\u017c na fotelu, kiedy moja nieznaj\u0105ca angielskiego asystentka upewni\u0142a si\u0119, \u017ce to leczenie kana\u0142owe. &#8222;Root canal therapy&#8221;, rzek\u0142am do niej, na co pacjent si\u0119 roze\u015bmia\u0142).<\/p>\n<p>W drugiej pracy po udanych drugich zaj\u0119ciach trzecie posz\u0142y nam ju\u017c zdecydowanie \u015brednio &#8211; a wina le\u017ca\u0142a po obu stronach. Teraz s\u0105 ferie, wi\u0119c mam czas przygotowa\u0107 si\u0119 do kolejnych, mam nadziej\u0119, \u017ce z niego skorzystam. Na razie mi si\u0119 nie chce. Na razie czytam &#8222;Powr\u00f3t kr\u00f3la&#8221;.<\/p>\n<p>I \u017cywot mam tak monotonny, cichy i spokojny, \u017ce a\u017c nie ma o czym pisa\u0107.<\/p>\n","protected":false},"excerpt":{"rendered":"<p>Weekend\u00f3w mi uby\u0142o, buu. W sensie si\u0119 skr\u00f3ci\u0142y. Z trzech do ustawowo przewidzianych dw\u00f3ch dni. Ale za to przyby\u0142o mi pieni\u0105\u017ck\u00f3w i teraz co sobot\u0119 (bo w trzeciej pracy pracuj\u0119 w pi\u0105tki i zabieram zarobion\u0105 got\u00f3wk\u0119 na bie\u017c\u0105co) robi\u0119 od dawna odk\u0142adane, sprz\u0119towe zakupy. Po zesz\u0142otygodniowym polowaniu na pilnie potrzebny odkurzacz (dosta\u0142am to, co chcia\u0142am, [&hellip;]<\/p>\n","protected":false},"author":2,"featured_media":0,"comment_status":"open","ping_status":"open","sticky":false,"template":"","format":"standard","meta":{"footnotes":""},"categories":[2,5,6],"tags":[18,86,107,127],"class_list":["post-2172","post","type-post","status-publish","format-standard","hentry","category-archiwum","category-osobiste","category-praca","tag-archiwalne","tag-mieszkanie","tag-osobiste-2","tag-praca-2"],"_links":{"self":[{"href":"http:\/\/thekfiles.pl\/index.php?rest_route=\/wp\/v2\/posts\/2172","targetHints":{"allow":["GET"]}}],"collection":[{"href":"http:\/\/thekfiles.pl\/index.php?rest_route=\/wp\/v2\/posts"}],"about":[{"href":"http:\/\/thekfiles.pl\/index.php?rest_route=\/wp\/v2\/types\/post"}],"author":[{"embeddable":true,"href":"http:\/\/thekfiles.pl\/index.php?rest_route=\/wp\/v2\/users\/2"}],"replies":[{"embeddable":true,"href":"http:\/\/thekfiles.pl\/index.php?rest_route=%2Fwp%2Fv2%2Fcomments&post=2172"}],"version-history":[{"count":0,"href":"http:\/\/thekfiles.pl\/index.php?rest_route=\/wp\/v2\/posts\/2172\/revisions"}],"wp:attachment":[{"href":"http:\/\/thekfiles.pl\/index.php?rest_route=%2Fwp%2Fv2%2Fmedia&parent=2172"}],"wp:term":[{"taxonomy":"category","embeddable":true,"href":"http:\/\/thekfiles.pl\/index.php?rest_route=%2Fwp%2Fv2%2Fcategories&post=2172"},{"taxonomy":"post_tag","embeddable":true,"href":"http:\/\/thekfiles.pl\/index.php?rest_route=%2Fwp%2Fv2%2Ftags&post=2172"}],"curies":[{"name":"wp","href":"https:\/\/api.w.org\/{rel}","templated":true}]}}