{"id":2164,"date":"2012-02-09T00:00:00","date_gmt":"2012-02-09T00:00:00","guid":{"rendered":"http:\/\/mimastech.pl\/wordpress2\/?p=2164"},"modified":"2012-02-09T00:00:00","modified_gmt":"2012-02-09T00:00:00","slug":"uwaga","status":"publish","type":"post","link":"http:\/\/thekfiles.pl\/?p=2164","title":{"rendered":"Uwaga."},"content":{"rendered":"<p>Do student\u00f3w stomatologii, potencjalnych przysz\u0142ych sta\u017cyst\u00f3w, potencjalnie po sta\u017cu pracuj\u0105cych na rzecz swojego sta\u017cowego pracodawcy:<\/p>\n<p>Potencjalnie posiadanie dzia\u0142alno\u015bci gospodarczej i kontraktu ze sta\u017cowym szefem mo\u017ce Wam si\u0119 nie op\u0142aca\u0107. W sensie chodzi o sk\u0142adki na ZUS. Prawo jest, oczywi\u015bcie, niejednoznaczne i niniejszym dobrze mie\u0107 fajn\u0105 ksi\u0119gow\u0105, kt\u00f3ra za odpowiedni\u0105 op\u0142at\u0105 oczywi\u015bcie napisze odpowiednie wnioski, a ja potem poprzestawiam przecinki w dw\u00f3ch miejscach.<\/p>\n<p>Znaczy, walczymy o niskie sk\u0142adki.<\/p>\n<p>W czym problem? W tym, \u017ce na sta\u017cu podpisuje si\u0119 umow\u0119 o prac\u0119 z miejscem, gdzie si\u0119 ten sta\u017c odbywa. Je\u015bli potem chce si\u0119 przej\u015b\u0107 na samozatrudnienie (a nie mia\u0142o si\u0119 wcze\u015bniej za\u0142o\u017conej dzia\u0142alno\u015bci gospodarczej) i pracowa\u0107 dalej na rzecz tego pracodawcy, pojawia si\u0119 problem w postaci interpretacji prawa. Jedni twierdz\u0105, \u017ce w takim razie powinno si\u0119 p\u0142aci\u0107 pe\u0142ne sk\u0142adki, jako \u017ce dalej pracuje si\u0119 dla tego samego pracodawcy, przed up\u0142ywem bodaj\u017ce dw\u00f3ch lat od zako\u0144czenia umowy o prac\u0119. Z drugiej strony obowi\u0105zki i odpowiedzialno\u015b\u0107 na sta\u017cu s\u0105 r\u00f3\u017cne od tych na samozatrudnieniu, poza tym, to nie zak\u0142ad pracy wyp\u0142aca nam pensj\u0119, tylko kasa jest przekazywana z Ministerstwa Zdrowia przez Urz\u0105d Marsza\u0142kowski. Na razie zatem oddajemy si\u0119 w r\u0119ce gda\u0144skiej centrali ZUS. Oddzia\u0142 na mojej wiosze chce wi\u0119cej pieni\u0105\u017ck\u00f3w.<\/p>\n<p>Co do ksi\u0119gowej, to dziewczynie rzuci\u0142am wyzwanie. Pisa\u0142am tu ju\u017c, \u017ce nie obs\u0142ugiwa\u0142a wcze\u015bniej lekarzy? No w\u0142a\u015bnie. I teraz ma lekarza z ZUSow\u0105 zagwozdk\u0105. Ciekawe, jaki mi rachunek wystawi na pocz\u0105tek wsp\u00f3\u0142pracy.<\/p>\n<p>Wczoraj zje\u017adzi\u0142am p\u00f3\u0142 Tr\u00f3jmiasta w poszukiwaniu drukarki, a w\u0142a\u015bciwie urz\u0105dzenia wielofunkcyjnego. Model sobie upatrzy\u0142am, poradzi\u0142am si\u0119 Rodziciela, \u017ceby znowu nie by\u0142o pretensji, \u017ce zrobi\u0142am wszystko po swojemu i \u017ale na tym wysz\u0142am, po czym ostatecznie i tak wr\u00f3ci\u0142am z innym sprz\u0119tem. Urz\u0105dzenie wielofunkcyjne, owszem: drukarka laserowa mono, skaner i kopiarka w jednym. Najwi\u0119kszy problem by\u0142 z typem drukarki, bo og\u00f3lnie takich urz\u0105dze\u0144 jest na p\u0119czki, tylko \u017ce z atramentow\u0105. Laserow\u0105 doradzi\u0142 mi rodziciel. No i w sklepach ilo\u015b\u0107 dost\u0119pnych takich urz\u0105dze\u0144 wynosi\u0142a przy dobrych wiatrach dwie sztuki. I \u017cadne HP, tylko Samsungi. W Auchan by\u0142 jeszcze doradzony mi przez znajomego Brother, ale kurna kombajn to taki, \u017ce zaj\u0105\u0142by mi p\u00f3\u0142 pokoju, poza tym nie wyrobi\u0142abym z bud\u017cetem. \u017byj\u0119 teraz na oszcz\u0119dno\u015bciach i 1\/3 pensji i wyje\u017cd\u017cam na weekend, nie ma szastania kas\u0105.<\/p>\n<p>No i ostatecznie wyl\u0105dowa\u0142am z Samsungiem, kt\u00f3ry by\u0142 obecny w dw\u00f3ch sklepach Euro, ale kupi\u0142am go w tym, w kt\u00f3rym wyl\u0105dowa\u0142am na ko\u0144cu i nie zosta\u0142am olana przez sprzedawc\u0119, przykro mi bardzo. Zosta\u0142am mimowolnym wyznawc\u0105 tej marki, bo mam jeszcze laptopa i firmow\u0105 kom\u00f3rk\u0119 od Samsunga. Ocena urz\u0105dzenia na stronie Euro pozytywna (4,5\/5 w 19 ocenach), na biurku zaj\u0119\u0142o reszt\u0119 miejsca niezajmowanego przez laptopa, a nie p\u00f3\u0142 pokoju, co mnie zreszt\u0105 zaraz zmobilizuje do zrobienia czystek w najbli\u017cszej biurku szafce.<\/p>\n<p>No. By\u0142o 13 linijek o piecz\u0105tce, teraz macie kilkana\u015bcie linijek o ZUS i drukarce Samsunga. <em>Deal with it<\/em>. ;P<\/p>\n","protected":false},"excerpt":{"rendered":"<p>Do student\u00f3w stomatologii, potencjalnych przysz\u0142ych sta\u017cyst\u00f3w, potencjalnie po sta\u017cu pracuj\u0105cych na rzecz swojego sta\u017cowego pracodawcy: Potencjalnie posiadanie dzia\u0142alno\u015bci gospodarczej i kontraktu ze sta\u017cowym szefem mo\u017ce Wam si\u0119 nie op\u0142aca\u0107. W sensie chodzi o sk\u0142adki na ZUS. Prawo jest, oczywi\u015bcie, niejednoznaczne i niniejszym dobrze mie\u0107 fajn\u0105 ksi\u0119gow\u0105, kt\u00f3ra za odpowiedni\u0105 op\u0142at\u0105 oczywi\u015bcie napisze odpowiednie wnioski, a [&hellip;]<\/p>\n","protected":false},"author":2,"featured_media":0,"comment_status":"open","ping_status":"open","sticky":false,"template":"","format":"standard","meta":{"footnotes":""},"categories":[2,5,6],"tags":[18,45,68,107,127],"class_list":["post-2164","post","type-post","status-publish","format-standard","hentry","category-archiwum","category-osobiste","category-praca","tag-archiwalne","tag-dzialalnosc-gospodarcza","tag-komputer","tag-osobiste-2","tag-praca-2"],"_links":{"self":[{"href":"http:\/\/thekfiles.pl\/index.php?rest_route=\/wp\/v2\/posts\/2164","targetHints":{"allow":["GET"]}}],"collection":[{"href":"http:\/\/thekfiles.pl\/index.php?rest_route=\/wp\/v2\/posts"}],"about":[{"href":"http:\/\/thekfiles.pl\/index.php?rest_route=\/wp\/v2\/types\/post"}],"author":[{"embeddable":true,"href":"http:\/\/thekfiles.pl\/index.php?rest_route=\/wp\/v2\/users\/2"}],"replies":[{"embeddable":true,"href":"http:\/\/thekfiles.pl\/index.php?rest_route=%2Fwp%2Fv2%2Fcomments&post=2164"}],"version-history":[{"count":0,"href":"http:\/\/thekfiles.pl\/index.php?rest_route=\/wp\/v2\/posts\/2164\/revisions"}],"wp:attachment":[{"href":"http:\/\/thekfiles.pl\/index.php?rest_route=%2Fwp%2Fv2%2Fmedia&parent=2164"}],"wp:term":[{"taxonomy":"category","embeddable":true,"href":"http:\/\/thekfiles.pl\/index.php?rest_route=%2Fwp%2Fv2%2Fcategories&post=2164"},{"taxonomy":"post_tag","embeddable":true,"href":"http:\/\/thekfiles.pl\/index.php?rest_route=%2Fwp%2Fv2%2Ftags&post=2164"}],"curies":[{"name":"wp","href":"https:\/\/api.w.org\/{rel}","templated":true}]}}