{"id":210,"date":"2014-05-30T08:18:10","date_gmt":"2014-05-30T06:18:10","guid":{"rendered":"http:\/\/thekfiles.pl\/?p=210"},"modified":"2014-05-30T08:18:10","modified_gmt":"2014-05-30T06:18:10","slug":"miroslaw-tomaszewski-marynarka","status":"publish","type":"post","link":"http:\/\/thekfiles.pl\/?p=210","title":{"rendered":"Miros\u0142aw Tomaszewski &#8222;Marynarka&#8221;"},"content":{"rendered":"<p>To b\u0119dzie tak-jakby recenzja. Przynajmniej dwa akapity b\u0119d\u0105 w niej zupe\u0142nie zb\u0119dne. Ale ja og\u00f3lnie lubi\u0119 la\u0107 wod\u0119.<\/p>\n<p><a href=\"http:\/\/thekfiles.pl\/wp-content\/uploads\/2014\/05\/Marynarka_Miroslaw-Tomaszewskiimages_big5978-83-7747-974-2.jpg\"><img loading=\"lazy\" decoding=\"async\" class=\"alignnone size-medium wp-image-211\" src=\"http:\/\/thekfiles.pl\/wp-content\/uploads\/2014\/05\/Marynarka_Miroslaw-Tomaszewskiimages_big5978-83-7747-974-2-188x300.jpg\" alt=\"Marynarka_Miroslaw-Tomaszewski,images_big,5,978-83-7747-974-2\" width=\"188\" height=\"300\" \/><\/a><\/p>\n<p>Moja rodzina z Gdyni nie pochodzi, ale jest z ni\u0105 blisko zwi\u0105zana. Rodzice d\u0142ugo tam mieszkali, tata nadal tam pracuje. W Gdyni urodzi\u0142a si\u0119 moja siostra. Mieszka w niej\u00a0dw\u00f3ch moich wujk\u00f3w z rodzinami i jeden dziadek. Zawar\u0142am w tym mie\u015bcie wiele bliskich i do tej pory trwaj\u0105cych znajomo\u015bci. Kiedy by\u0142am na pierwszym czy drugim roku studi\u00f3w i zim\u0105 \u0142apa\u0142am do\u0142a, wsiada\u0142am do &#8222;kolejki&#8221; (poci\u0105gu Szybkiej Kolei Miejskiej) na stacji SKM Gda\u0144sk Wrzeszcz (bo do niej mia\u0142am najbli\u017cej ze stancji) i zamiast do pi\u0119knego, zabytkowego centrum Gda\u0144ska jecha\u0142am do szklano-betonowej, kilkudziesi\u0119cioletniej Gdyni, na bulwar nadmorski. Wraca\u0142am opita przes\u0142odk\u0105 kaw\u0105, zas\u0142odzona dobrym ciastem i ze znacznie poprawionym humorem.<\/p>\n<p>Mo\u017ce to sugerowa\u0107, \u017ce nie b\u0119d\u0119 do ko\u0144ca obiektywna wobec ksi\u0105\u017cki. No c\u00f3\u017c, troch\u0119 racji w tym b\u0119dzie. Bo nie do\u015b\u0107, \u017ce jestem emocjonalnie zwi\u0105zania z miastem, gdzie dzieje si\u0119 wi\u0119kszo\u015b\u0107 wydarze\u0144 w ksi\u0105\u017cce (ksi\u0105\u017cek polskich autor\u00f3w czytam bardzo ma\u0142o, ale je\u015bli ju\u017c, to ulice s\u0105 zazwyczaj warszawskie, wi\u0119c czytanie znajomych nazw i kojarzenie, jak tamte okolice wygl\u0105daj\u0105, to dla mnie nowe do\u015bwiadczenie), to jeszcze autor jest koleg\u0105 mojego taty ze szkolnych lat, do tej pory utrzymuj\u0105 kontakt, a w mieszkaniu jego syna w Krakowie trzy lata temu przez kilka dni mia\u0142am baz\u0119 ;).<\/p>\n<p>&#8230;Witek, cyniczny zi\u0119\u0107 Karola Jarczewskiego, bogatego biznesmena z Gdyni, wyra\u017anie chce przej\u0105\u0107 jego firm\u0119. Pewnego dnia zleca\u00a0redaktorowi naczelnemu tr\u00f3jmiejskiej gazety napisanie ksi\u0105\u017cki o wydarzeniach z 17 grudnia 1970 roku. Naczelny zleca to swojej dziennikarce, kt\u00f3ra spotyka Adama &#8211; przebrzmia\u0142ego punka, kt\u00f3ry ma osobiste wspomnienia z tamtego dnia&#8230;<\/p>\n<p>Do ksi\u0105\u017cki podesz\u0142am z pobudek nieco osobistych, ale przy czytaniu nie mia\u0142o to znaczenia. Zosta\u0142am potraktowana sprawnie prowadzon\u0105 opowie\u015bci\u0105, z raczej jednoznacznymi postaciami. Do paru\u00a0z nich mo\u017cna czu\u0107 antypati\u0119,\u00a0uparcie buntownicze zachowania innej czasami s\u0105 nie do ko\u0144ca zrozumia\u0142e, kolejn\u0105\u00a0niby si\u0119 lubi, ale p\u00f3\u017aniej ju\u017c nie wiadomo, co o niej my\u015ble\u0107&#8230; W jakiej\u015b recenzji kto\u015b zauwa\u017cy\u0142, \u017ce na budow\u0119 postaci mog\u0142o mie\u0107 wp\u0142yw do\u015bwiadczenie autora w pisaniu scenariuszy serialowych. Mo\u017ce i tak, nie przeszkadza\u0142o mi to.<\/p>\n<p>Jednym z g\u0142\u00f3wnych pyta\u0144,\u00a0kt\u00f3re trzyma\u0142o mnie przy lekturze, by\u0142y motywy bohater\u00f3w. Dlaczego Witek chce wyda\u0107 ksi\u0105\u017ck\u0119 o Grudniu 1970? Dlaczego jego te\u015b\u0107 zak\u0142ada Agencj\u0119 PDP i zatrudnia w niej Adama, chocia\u017c ten nie ma \u017cadnych zdolno\u015bci biznesowych? Na ka\u017cde z tych pyta\u0144 otrzyma\u0142am prost\u0105, satysfakcjonuj\u0105c\u0105 odpowied\u017a.<\/p>\n<p>Ca\u0142o\u015b\u0107 zaczyna si\u0119 jak krymina\u0142, ko\u0144czy te\u017c jak krymina\u0142, pomi\u0119dzy mamy ludzi, na kt\u00f3rych \u017cycie nadal maj\u0105 wp\u0142yw wydarzenia z 17 grudnia 1970 (g\u0142\u00f3wna akcja dzieje si\u0119 w 2005). Czyta si\u0119 sprawnie i przyjemnie (o niczym nie \u015bwiadczy to, \u017ce czytanie zaj\u0119\u0142o mi dwa tygodnie, to dla mnie standard \ud83d\ude09 ), dla mnie osobi\u015bcie tym przyjemniej, \u017ce kojarzy\u0142am, jak wygl\u0105daj\u0105 przedstawione miejsca. Jest to lekka lektura, niewymagaj\u0105ca zbyt du\u017cego skupienia, intryguj\u0105ca, z fabu\u0142\u0105 tocz\u0105c\u0105 si\u0119 do przodu w nienu\u017c\u0105cym tempie, napisana prostym, &#8222;ludzkim&#8221; j\u0119zykiem (jak mnie &#8222;o\u015bci&#8221; Karpowicza momentami m\u0119czy\u0142y! No tak, ale to &#8222;o\u015bci&#8221; s\u0105 nominowane do Nike&#8230; \ud83d\ude09 ).<\/p>\n<p>Zatem za t\u0119 wycieczk\u0119 na znajome, gdy\u0144skie ulice bardzo Panu, Panie Mirku, dzi\u0119kuj\u0119. Da\u0142am si\u0119 zaprosi\u0107\u00a0i nie \u017ca\u0142uj\u0119.<\/p>\n<p>(zdj\u0119cie ok\u0142adki ukradzione ze strony merlin.pl)<\/p>\n<p>(<a href=\"http:\/\/tomaszewski.edumuz.pl\/wordpress\/\" target=\"_blank\" rel=\"noopener noreferrer\">Blog autora<\/a>)<\/p>\n","protected":false},"excerpt":{"rendered":"<p>To b\u0119dzie tak-jakby recenzja. Przynajmniej dwa akapity b\u0119d\u0105 w niej zupe\u0142nie zb\u0119dne. Ale ja og\u00f3lnie lubi\u0119 la\u0107 wod\u0119. Moja rodzina z Gdyni nie pochodzi, ale jest z ni\u0105 blisko zwi\u0105zana. Rodzice d\u0142ugo tam mieszkali, tata nadal tam pracuje. W Gdyni urodzi\u0142a si\u0119 moja siostra. Mieszka w niej\u00a0dw\u00f3ch moich wujk\u00f3w z rodzinami i jeden dziadek. Zawar\u0142am [&hellip;]<\/p>\n","protected":false},"author":2,"featured_media":0,"comment_status":"open","ping_status":"open","sticky":false,"template":"","format":"standard","meta":{"footnotes":""},"categories":[7],"tags":[74,140,144],"class_list":["post-210","post","type-post","status-publish","format-standard","hentry","category-rozrywka","tag-ksiazka","tag-recenzja","tag-rozrywka-2"],"_links":{"self":[{"href":"http:\/\/thekfiles.pl\/index.php?rest_route=\/wp\/v2\/posts\/210","targetHints":{"allow":["GET"]}}],"collection":[{"href":"http:\/\/thekfiles.pl\/index.php?rest_route=\/wp\/v2\/posts"}],"about":[{"href":"http:\/\/thekfiles.pl\/index.php?rest_route=\/wp\/v2\/types\/post"}],"author":[{"embeddable":true,"href":"http:\/\/thekfiles.pl\/index.php?rest_route=\/wp\/v2\/users\/2"}],"replies":[{"embeddable":true,"href":"http:\/\/thekfiles.pl\/index.php?rest_route=%2Fwp%2Fv2%2Fcomments&post=210"}],"version-history":[{"count":0,"href":"http:\/\/thekfiles.pl\/index.php?rest_route=\/wp\/v2\/posts\/210\/revisions"}],"wp:attachment":[{"href":"http:\/\/thekfiles.pl\/index.php?rest_route=%2Fwp%2Fv2%2Fmedia&parent=210"}],"wp:term":[{"taxonomy":"category","embeddable":true,"href":"http:\/\/thekfiles.pl\/index.php?rest_route=%2Fwp%2Fv2%2Fcategories&post=210"},{"taxonomy":"post_tag","embeddable":true,"href":"http:\/\/thekfiles.pl\/index.php?rest_route=%2Fwp%2Fv2%2Ftags&post=210"}],"curies":[{"name":"wp","href":"https:\/\/api.w.org\/{rel}","templated":true}]}}