{"id":201,"date":"2014-05-15T21:48:42","date_gmt":"2014-05-15T19:48:42","guid":{"rendered":"http:\/\/thekfiles.pl\/?p=201"},"modified":"2014-05-15T21:48:42","modified_gmt":"2014-05-15T19:48:42","slug":"marcin-meller-miedzy-wariatami","status":"publish","type":"post","link":"http:\/\/thekfiles.pl\/?p=201","title":{"rendered":"Marcin Meller &#8222;Mi\u0119dzy wariatami&#8221;"},"content":{"rendered":"<p><a href=\"http:\/\/thekfiles.pl\/wp-content\/uploads\/2014\/05\/miedzy-wariatami-390.jpg\"><img loading=\"lazy\" decoding=\"async\" class=\"alignnone size-medium wp-image-202\" src=\"http:\/\/thekfiles.pl\/wp-content\/uploads\/2014\/05\/miedzy-wariatami-390-197x300.jpg\" alt=\"miedzy-wariatami-390\" width=\"197\" height=\"300\" \/><\/a><\/p>\n<p>Wielk\u0105 fank\u0105 pana Mellera nie jestem. Nie ogl\u0105dam Dzie\u0144 Dobry TVN, w\u0142a\u015bciwie prawie wcale telewizji nie ogl\u0105dam. Moja g\u0142\u00f3wna styczno\u015b\u0107 z tym panem to czytanie jego felietion\u00f3w w sporadycznie kupowanym &#8222;Newsweeku&#8221;. Nie do ko\u0144ca zatem pami\u0119tam, dlaczego kupi\u0142am jego ksi\u0105\u017ck\u0119. No ale kupi\u0142am. I nie \u017ca\u0142uj\u0119.<\/p>\n<p>To zbi\u00f3r reporta\u017cy i felieton\u00f3w z prawie 20 lat dziennikarskiej kariery p. Mellera. Zaczyna si\u0119 mocnym kopem w zadek, mianowicie reporta\u017cami z wojen &#8211; w Serbii, Afryce (Zair, Uganda) i na Kaukazie. To opisy szalonego \u015bwiata, kt\u00f3ry nie rz\u0105dzi si\u0119 \u017cadnymi regu\u0142ami. To opisy biurokracji, ba\u0142aganu. I cz\u0119sto bratob\u00f3jczej walki. Nie ma tu osobistych opinii. Autor &#8211; zapewne zgodnie z uprawianym gatunkiem tw\u00f3rczo\u015bci &#8211; pozostaje niezmiennie neutralny. Nie wyja\u015bnia, o co chodzi. Nie pisze, kto jego zdaniem ma racj\u0119. Zwykle\u00a0nie musi, bo uczestnicy konflikt\u00f3w sami ju\u017c chyba nie pami\u0119taj\u0105, od czego si\u0119 zacz\u0119\u0142o.<\/p>\n<p>P\u00f3\u017aniej jest kilka sztuk felieton\u00f3w historycznych o radosnych czasach PRL. Te &#8222;radosne&#8221; czasy, ca\u0142e szcz\u0119\u015bcie, mnie omin\u0119\u0142y, wi\u0119c niekt\u00f3re teksty czyta\u0142am z pog\u0142\u0119biaj\u0105cym si\u0119 szcz\u0119kopadem.<\/p>\n<p>Felietony &#8211; w nieco innym klimacie. L\u017cejsze. Czasem k\u0105\u015bliwe. Cz\u0119sto dowcipne.<\/p>\n<p>Ca\u0142o\u015b\u0107 jest zako\u0144czona jeszcze jednym reporta\u017cem &#8211; &#8222;Serce zdrajcy&#8221;. O Burze (Afrykanerze), potomku pierwszych bia\u0142ych osadnik\u00f3w\u00a0na terenie dzisiejszej RPA. Widzia\u0142 on krzywdy wyrz\u0105dzane Czarnym i by\u0142 po ich stronie&#8230; dop\u00f3ki nie zacz\u0119\u0142o si\u0119 obalanie apartheidu. Dop\u00f3ki nie okaza\u0142o si\u0119, \u017ce niewa\u017cne, po czyjej by\u0142e\u015b stronie. Skoro jeste\u015b Bia\u0142y, nawet, je\u015bli pomaga\u0142e\u015b Czarnym, to i tak zostaniesz wykorzystany i skrzywdzony, twoje zas\u0142ugi zostan\u0105 zapomniane.<\/p>\n<p>Lubi\u0119. Podoba\u0142o mi si\u0119. Serdecznie polecam.<\/p>\n","protected":false},"excerpt":{"rendered":"<p>Wielk\u0105 fank\u0105 pana Mellera nie jestem. Nie ogl\u0105dam Dzie\u0144 Dobry TVN, w\u0142a\u015bciwie prawie wcale telewizji nie ogl\u0105dam. Moja g\u0142\u00f3wna styczno\u015b\u0107 z tym panem to czytanie jego felietion\u00f3w w sporadycznie kupowanym &#8222;Newsweeku&#8221;. Nie do ko\u0144ca zatem pami\u0119tam, dlaczego kupi\u0142am jego ksi\u0105\u017ck\u0119. No ale kupi\u0142am. I nie \u017ca\u0142uj\u0119. To zbi\u00f3r reporta\u017cy i felieton\u00f3w z prawie 20 lat [&hellip;]<\/p>\n","protected":false},"author":2,"featured_media":0,"comment_status":"open","ping_status":"open","sticky":false,"template":"","format":"standard","meta":{"footnotes":""},"categories":[7],"tags":[74,140,144],"class_list":["post-201","post","type-post","status-publish","format-standard","hentry","category-rozrywka","tag-ksiazka","tag-recenzja","tag-rozrywka-2"],"_links":{"self":[{"href":"http:\/\/thekfiles.pl\/index.php?rest_route=\/wp\/v2\/posts\/201","targetHints":{"allow":["GET"]}}],"collection":[{"href":"http:\/\/thekfiles.pl\/index.php?rest_route=\/wp\/v2\/posts"}],"about":[{"href":"http:\/\/thekfiles.pl\/index.php?rest_route=\/wp\/v2\/types\/post"}],"author":[{"embeddable":true,"href":"http:\/\/thekfiles.pl\/index.php?rest_route=\/wp\/v2\/users\/2"}],"replies":[{"embeddable":true,"href":"http:\/\/thekfiles.pl\/index.php?rest_route=%2Fwp%2Fv2%2Fcomments&post=201"}],"version-history":[{"count":0,"href":"http:\/\/thekfiles.pl\/index.php?rest_route=\/wp\/v2\/posts\/201\/revisions"}],"wp:attachment":[{"href":"http:\/\/thekfiles.pl\/index.php?rest_route=%2Fwp%2Fv2%2Fmedia&parent=201"}],"wp:term":[{"taxonomy":"category","embeddable":true,"href":"http:\/\/thekfiles.pl\/index.php?rest_route=%2Fwp%2Fv2%2Fcategories&post=201"},{"taxonomy":"post_tag","embeddable":true,"href":"http:\/\/thekfiles.pl\/index.php?rest_route=%2Fwp%2Fv2%2Ftags&post=201"}],"curies":[{"name":"wp","href":"https:\/\/api.w.org\/{rel}","templated":true}]}}