{"id":1881,"date":"2013-04-21T00:00:00","date_gmt":"2013-04-21T00:00:00","guid":{"rendered":"http:\/\/mimastech.pl\/wordpress2\/?p=1881"},"modified":"2013-04-21T00:00:00","modified_gmt":"2013-04-21T00:00:00","slug":"zmeczenie","status":"publish","type":"post","link":"http:\/\/thekfiles.pl\/?p=1881","title":{"rendered":"Zm\u0119czenie"},"content":{"rendered":"<p>Padam na ryj. Chce mi si\u0119 p\u0142aka\u0107 na sam\u0105 my\u015bl, \u017ce jutro b\u0119d\u0119 poza domem 13 godzin w zwi\u0105zku z prac\u0105. Zw\u0142aszcza, \u017ce do drugiej pracy nadal nie przygotowa\u0142am materia\u0142\u00f3w do om\u00f3wienia, co musz\u0119 zrobi\u0107 teraz.<\/p>\n<p>Trzy poniedzia\u0142ki pod rz\u0105d pracowa\u0142am 8-18:30 (zazwyczaj mam tak w co drugi poniedzia\u0142ek). Dwie soboty pod rz\u0105d pracowa\u0142am. W pozosta\u0142e dni normalnie tkwi\u0142am przy fotelu.<\/p>\n<p>Pi\u0119\u0107 dni do maj\u00f3wki. 9 dni wolnego, z czego trzeba odj\u0105\u0107 p\u00f3\u0142torej godziny w poniedzia\u0142ek i 6 godzin w sobot\u0119 &#8211; prace druga i trzecia. Ale czekam na tych kilka dni jak na zbawienie.<\/p>\n<p>Szkoda, \u017ce nie pomy\u015bla\u0142am o tym wcze\u015bniej, ale mia\u0142abym autentycznie ochot\u0119 wynaj\u0105\u0107 sobie gdzie\u015b pok\u00f3j na dwa dni i o niczym nie my\u015ble\u0107. Popluska\u0107 si\u0119 w basenie. Nawet komputer zostawi\u0142abym w domu. Teraz to po ptokach, nic nie znajd\u0119.<\/p>\n<p>Mieszkanie nieogarni\u0119te. Pranie wisi na suszarce od tygodnia, bo nie chce mi si\u0119 prasowa\u0107.<\/p>\n<p>Ciesz\u0119 si\u0119 na leniw\u0105 niedziel\u0119, bo si\u0119 z w\u0142asnej woli wpakowa\u0142am w prowadzenie wyk\u0142adu z kupy materia\u0142u, wi\u0119c musz\u0119 go przygotowa\u0107, z drugiej strony wyrywam na zewn\u0105trz, nie jestem w stanie wysiedzie\u0107 na tych moich 43 metrach. Z trzeciej strony pi\u0119kna pogoda wcale mnie nie cieszy.<\/p>\n<p>Nic mi si\u0119 nie chce.<\/p>\n<p>Mam do\u015b\u0107&#8230;<\/p>\n","protected":false},"excerpt":{"rendered":"<p>Padam na ryj. Chce mi si\u0119 p\u0142aka\u0107 na sam\u0105 my\u015bl, \u017ce jutro b\u0119d\u0119 poza domem 13 godzin w zwi\u0105zku z prac\u0105. Zw\u0142aszcza, \u017ce do drugiej pracy nadal nie przygotowa\u0142am materia\u0142\u00f3w do om\u00f3wienia, co musz\u0119 zrobi\u0107 teraz. Trzy poniedzia\u0142ki pod rz\u0105d pracowa\u0142am 8-18:30 (zazwyczaj mam tak w co drugi poniedzia\u0142ek). Dwie soboty pod rz\u0105d pracowa\u0142am. W [&hellip;]<\/p>\n","protected":false},"author":2,"featured_media":0,"comment_status":"open","ping_status":"open","sticky":false,"template":"","format":"standard","meta":{"footnotes":""},"categories":[2,5],"tags":[18,107],"class_list":["post-1881","post","type-post","status-publish","format-standard","hentry","category-archiwum","category-osobiste","tag-archiwalne","tag-osobiste-2"],"_links":{"self":[{"href":"http:\/\/thekfiles.pl\/index.php?rest_route=\/wp\/v2\/posts\/1881","targetHints":{"allow":["GET"]}}],"collection":[{"href":"http:\/\/thekfiles.pl\/index.php?rest_route=\/wp\/v2\/posts"}],"about":[{"href":"http:\/\/thekfiles.pl\/index.php?rest_route=\/wp\/v2\/types\/post"}],"author":[{"embeddable":true,"href":"http:\/\/thekfiles.pl\/index.php?rest_route=\/wp\/v2\/users\/2"}],"replies":[{"embeddable":true,"href":"http:\/\/thekfiles.pl\/index.php?rest_route=%2Fwp%2Fv2%2Fcomments&post=1881"}],"version-history":[{"count":0,"href":"http:\/\/thekfiles.pl\/index.php?rest_route=\/wp\/v2\/posts\/1881\/revisions"}],"wp:attachment":[{"href":"http:\/\/thekfiles.pl\/index.php?rest_route=%2Fwp%2Fv2%2Fmedia&parent=1881"}],"wp:term":[{"taxonomy":"category","embeddable":true,"href":"http:\/\/thekfiles.pl\/index.php?rest_route=%2Fwp%2Fv2%2Fcategories&post=1881"},{"taxonomy":"post_tag","embeddable":true,"href":"http:\/\/thekfiles.pl\/index.php?rest_route=%2Fwp%2Fv2%2Ftags&post=1881"}],"curies":[{"name":"wp","href":"https:\/\/api.w.org\/{rel}","templated":true}]}}