{"id":1868,"date":"2011-04-09T00:00:00","date_gmt":"2011-04-09T00:00:00","guid":{"rendered":"http:\/\/mimastech.pl\/wordpress2\/?p=1868"},"modified":"2011-04-09T00:00:00","modified_gmt":"2011-04-09T00:00:00","slug":"zabrali-mi-cylinder","status":"publish","type":"post","link":"http:\/\/thekfiles.pl\/?p=1868","title":{"rendered":"Zabrali mi cylinder!"},"content":{"rendered":"<p>Ten jeden ma\u0142y cylinderek, kt\u00f3ry by\u0142 \u015bwietn\u0105 wym\u00f3wk\u0105 dla mojej &#8222;schodofobii&#8221;!<\/p>\n<p>Znaczy wyrobi\u0142am sobie nowe okulary. Nowe, tzn. pierwsze od przynajmniej 9 lat oprawki i pierwsze od prawie 5 lat szk\u0142a. Przez owe pi\u0119\u0107 lat (przynajmniej, nie pami\u0119tam, jak by\u0142o wcze\u015bniej) mia\u0142am soczewk\u0119 cylindryczn\u0105 dla prawego oka z racji stwierdzonego astygmatyzmu. Dzi\u015b pani przy badaniu wzmocni\u0142a mi jedno szk\u0142o i zabra\u0142a \u00f3w cylinder. Znaczy wed\u0142ug niej nie mam astygmatyzmu. Ale w sumie dobrze, \u017ce w przysz\u0142ym tygodniu z racji sta\u017cu z ratunkowej nie b\u0119d\u0119 musia\u0142a koncentrowa\u0107 spojrzenia na ma\u0142ym polu operacyjnym w postaci z\u0119b\u00f3w. I tak zastanawiam si\u0119, czy starych bryli &#8211; wymienionych tylko z powodu ich wieku &#8211; nie wozi\u0107 do pracy w razie czego.<\/p>\n<p>Co do schodofobii, naprawd\u0119 mam mierny l\u0119k przed tym, \u017ce z nich spadn\u0119. Oboj\u0119tnie, w kt\u00f3r\u0105 stron\u0119 id\u0119 &#8211; w g\u00f3r\u0119, czy w d\u00f3\u0142&#8230;<\/p>\n<p>A nowe bryle trzymaj\u0105 si\u0119 na nosie \u015bwietnie. Ju\u017c nie mam czego poprawia\u0107, skoro nic nie zje\u017cd\u017ca \ud83d\ude41<\/p>\n","protected":false},"excerpt":{"rendered":"<p>Ten jeden ma\u0142y cylinderek, kt\u00f3ry by\u0142 \u015bwietn\u0105 wym\u00f3wk\u0105 dla mojej &#8222;schodofobii&#8221;! Znaczy wyrobi\u0142am sobie nowe okulary. Nowe, tzn. pierwsze od przynajmniej 9 lat oprawki i pierwsze od prawie 5 lat szk\u0142a. Przez owe pi\u0119\u0107 lat (przynajmniej, nie pami\u0119tam, jak by\u0142o wcze\u015bniej) mia\u0142am soczewk\u0119 cylindryczn\u0105 dla prawego oka z racji stwierdzonego astygmatyzmu. Dzi\u015b pani przy badaniu [&hellip;]<\/p>\n","protected":false},"author":2,"featured_media":0,"comment_status":"open","ping_status":"open","sticky":false,"template":"","format":"standard","meta":{"footnotes":""},"categories":[2,5],"tags":[18,107],"class_list":["post-1868","post","type-post","status-publish","format-standard","hentry","category-archiwum","category-osobiste","tag-archiwalne","tag-osobiste-2"],"_links":{"self":[{"href":"http:\/\/thekfiles.pl\/index.php?rest_route=\/wp\/v2\/posts\/1868","targetHints":{"allow":["GET"]}}],"collection":[{"href":"http:\/\/thekfiles.pl\/index.php?rest_route=\/wp\/v2\/posts"}],"about":[{"href":"http:\/\/thekfiles.pl\/index.php?rest_route=\/wp\/v2\/types\/post"}],"author":[{"embeddable":true,"href":"http:\/\/thekfiles.pl\/index.php?rest_route=\/wp\/v2\/users\/2"}],"replies":[{"embeddable":true,"href":"http:\/\/thekfiles.pl\/index.php?rest_route=%2Fwp%2Fv2%2Fcomments&post=1868"}],"version-history":[{"count":0,"href":"http:\/\/thekfiles.pl\/index.php?rest_route=\/wp\/v2\/posts\/1868\/revisions"}],"wp:attachment":[{"href":"http:\/\/thekfiles.pl\/index.php?rest_route=%2Fwp%2Fv2%2Fmedia&parent=1868"}],"wp:term":[{"taxonomy":"category","embeddable":true,"href":"http:\/\/thekfiles.pl\/index.php?rest_route=%2Fwp%2Fv2%2Fcategories&post=1868"},{"taxonomy":"post_tag","embeddable":true,"href":"http:\/\/thekfiles.pl\/index.php?rest_route=%2Fwp%2Fv2%2Ftags&post=1868"}],"curies":[{"name":"wp","href":"https:\/\/api.w.org\/{rel}","templated":true}]}}