{"id":1849,"date":"2012-11-12T00:00:00","date_gmt":"2012-11-12T00:00:00","guid":{"rendered":"http:\/\/mimastech.pl\/wordpress2\/?p=1849"},"modified":"2012-11-12T00:00:00","modified_gmt":"2012-11-12T00:00:00","slug":"wiernych-fanow","status":"publish","type":"post","link":"http:\/\/thekfiles.pl\/?p=1849","title":{"rendered":"Wiernych fan\u00f3w&#8230;"},"content":{"rendered":"<p>informuj\u0119, i\u017c \u017cyj\u0119.<\/p>\n<p>Dzisiaj przysz\u0142o wszystko to, co zam\u00f3wi\u0142am, czyli rega\u0142, \u0142\u00f3\u017cko i materac. Jestem na etapie opr\u00f3\u017cniania karton\u00f3w z sypialni (do czego by\u0142 mi potrzebny rega\u0142) i zastanawiam si\u0119, czy z\u0142o\u017cy\u0107 \u0142\u00f3\u017cko ju\u017c dzisiaj, czy jednak zaczeka\u0107 z tym do jutra albo \u015brody.<\/p>\n<p>Ciekawe, jak jutro b\u0119dzie wygl\u0105da\u0142 m\u00f3j lewy kciuk, bo przy sk\u0142adaniu rega\u0142u by\u0142o troch\u0119 wbijania gwo\u017adzik\u00f3w (i zwi\u0105zanych z tym omskni\u0119\u0107 si\u0119 m\u0142otka). Ale poradzi\u0142am sobie sama (chocia\u017c nie bez zgrzyt\u00f3w)! I jestem z siebie szalenie dumna. W weekend b\u0119dzie tu ju\u017c wygl\u0105da\u0142o bardziej &#8222;docelowo&#8221;.<\/p>\n<p>Rozpakowywanie idzie mi bezstresowo, bo z my\u015bl\u0105, \u017ce skoro rozk\u0142adam rzeczy w graciarni, to z definicji ma by\u0107 w niej ba\u0142agan. I tak na razie wi\u0119kszy burdel jest wsz\u0119dzie indziej w tym mieszkaniu.<\/p>\n<p>Czekam na upieczenie si\u0119 chlebka (niestety za p\u00f3\u017ano nastawi\u0142am maszyn\u0119 i uczt\u0119 z gor\u0105cym chlebem b\u0119d\u0119 mia\u0142a dopiero przed 21) i wracam do rozpakowywania pude\u0142.<\/p>\n<p>Jutro rano przy wyj\u015bciu do pracy b\u0119d\u0119 musia\u0142a wynie\u015b\u0107 w ko\u0144cu na \u015bmietnik kilka karton\u00f3w, bo wszystkie zalegaj\u0105 mi po k\u0105tach, a zosta\u0107 mog\u0105 tylko te po sprz\u0119cie elektronicznym.<\/p>\n<p>Ot, proza \u017cycia \ud83d\ude42<\/p>\n","protected":false},"excerpt":{"rendered":"<p>informuj\u0119, i\u017c \u017cyj\u0119. Dzisiaj przysz\u0142o wszystko to, co zam\u00f3wi\u0142am, czyli rega\u0142, \u0142\u00f3\u017cko i materac. Jestem na etapie opr\u00f3\u017cniania karton\u00f3w z sypialni (do czego by\u0142 mi potrzebny rega\u0142) i zastanawiam si\u0119, czy z\u0142o\u017cy\u0107 \u0142\u00f3\u017cko ju\u017c dzisiaj, czy jednak zaczeka\u0107 z tym do jutra albo \u015brody. Ciekawe, jak jutro b\u0119dzie wygl\u0105da\u0142 m\u00f3j lewy kciuk, bo przy sk\u0142adaniu [&hellip;]<\/p>\n","protected":false},"author":2,"featured_media":0,"comment_status":"open","ping_status":"open","sticky":false,"template":"","format":"standard","meta":{"footnotes":""},"categories":[2,5],"tags":[18,86,107],"class_list":["post-1849","post","type-post","status-publish","format-standard","hentry","category-archiwum","category-osobiste","tag-archiwalne","tag-mieszkanie","tag-osobiste-2"],"_links":{"self":[{"href":"http:\/\/thekfiles.pl\/index.php?rest_route=\/wp\/v2\/posts\/1849","targetHints":{"allow":["GET"]}}],"collection":[{"href":"http:\/\/thekfiles.pl\/index.php?rest_route=\/wp\/v2\/posts"}],"about":[{"href":"http:\/\/thekfiles.pl\/index.php?rest_route=\/wp\/v2\/types\/post"}],"author":[{"embeddable":true,"href":"http:\/\/thekfiles.pl\/index.php?rest_route=\/wp\/v2\/users\/2"}],"replies":[{"embeddable":true,"href":"http:\/\/thekfiles.pl\/index.php?rest_route=%2Fwp%2Fv2%2Fcomments&post=1849"}],"version-history":[{"count":0,"href":"http:\/\/thekfiles.pl\/index.php?rest_route=\/wp\/v2\/posts\/1849\/revisions"}],"wp:attachment":[{"href":"http:\/\/thekfiles.pl\/index.php?rest_route=%2Fwp%2Fv2%2Fmedia&parent=1849"}],"wp:term":[{"taxonomy":"category","embeddable":true,"href":"http:\/\/thekfiles.pl\/index.php?rest_route=%2Fwp%2Fv2%2Fcategories&post=1849"},{"taxonomy":"post_tag","embeddable":true,"href":"http:\/\/thekfiles.pl\/index.php?rest_route=%2Fwp%2Fv2%2Ftags&post=1849"}],"curies":[{"name":"wp","href":"https:\/\/api.w.org\/{rel}","templated":true}]}}