{"id":1830,"date":"2012-03-08T00:00:00","date_gmt":"2012-03-08T00:00:00","guid":{"rendered":"http:\/\/mimastech.pl\/wordpress2\/?p=1830"},"modified":"2012-03-08T00:00:00","modified_gmt":"2012-03-08T00:00:00","slug":"swietowanie","status":"publish","type":"post","link":"http:\/\/thekfiles.pl\/?p=1830","title":{"rendered":"\u015awi\u0119towanie"},"content":{"rendered":"<p>Wczoraj po pracy obchodzi\u0142am ma\u0142e \u015bwi\u0119to pi\u0119knej pogody (takie \u015bwi\u0119to, kt\u00f3re trzeba obchodzi\u0107 na zewn\u0105trz, w jakim\u015b \u0142adnym miejscu) i po skonsumowaniu p\u0105czka zignorowa\u0142am dramatycznie topniej\u0105c\u0105 kas\u0119 na koncie (ZUS, AC\/NNW samochodu, obowi\u0105zkowo kasa na w\u0142asny &#8222;fundusz wakacyjny&#8221; i ju\u017c si\u0119 przera\u017cam, a jeszcze nawet podatku dochodowego nie zap\u0142aci\u0142am &#8211; swoj\u0105 drog\u0105, p\u0142atno\u015bci w dzia\u0142alno\u015bci gospodarczej to by\u0142by dobry temat na kolejn\u0105 notk\u0119 \ud83d\ude09 ) i kupi\u0142am sobie par\u0119 kolczyk\u00f3w z wisiorkiem do kompletu. Musz\u0119 znowu zacz\u0105\u0107 nosi\u0107 kolczyki. Przesta\u0142am, bo klasycznie uda\u0142o mi si\u0119 zgubi\u0107 kilka sztuk i moje dziurki w uszach \u017ale je znosz\u0105.<\/p>\n<p>A dzisiaj Dzie\u0144 Kobiet. Ciekawe, czy szef co\u015b wymy\u015bli. Biedaczek zatrudnia praktycznie same baby.<\/p>\n<p>Znowu mamy czwartek&#8230; Podejrzanie szybko to zlecia\u0142o&#8230; Z drugiej strony mia\u0142am ma\u0142o okazji do nudzenia si\u0119, bo pracowa\u0142am troch\u0119 d\u0142u\u017cej.<\/p>\n<p>A jutro weekend&#8230; Nadal nie mam CV i ci\u0105gle nie szukam drugiej pracy&#8230;<\/p>\n","protected":false},"excerpt":{"rendered":"<p>Wczoraj po pracy obchodzi\u0142am ma\u0142e \u015bwi\u0119to pi\u0119knej pogody (takie \u015bwi\u0119to, kt\u00f3re trzeba obchodzi\u0107 na zewn\u0105trz, w jakim\u015b \u0142adnym miejscu) i po skonsumowaniu p\u0105czka zignorowa\u0142am dramatycznie topniej\u0105c\u0105 kas\u0119 na koncie (ZUS, AC\/NNW samochodu, obowi\u0105zkowo kasa na w\u0142asny &#8222;fundusz wakacyjny&#8221; i ju\u017c si\u0119 przera\u017cam, a jeszcze nawet podatku dochodowego nie zap\u0142aci\u0142am &#8211; swoj\u0105 drog\u0105, p\u0142atno\u015bci w dzia\u0142alno\u015bci [&hellip;]<\/p>\n","protected":false},"author":2,"featured_media":0,"comment_status":"open","ping_status":"open","sticky":false,"template":"","format":"standard","meta":{"footnotes":""},"categories":[2,5],"tags":[18,107],"class_list":["post-1830","post","type-post","status-publish","format-standard","hentry","category-archiwum","category-osobiste","tag-archiwalne","tag-osobiste-2"],"_links":{"self":[{"href":"http:\/\/thekfiles.pl\/index.php?rest_route=\/wp\/v2\/posts\/1830","targetHints":{"allow":["GET"]}}],"collection":[{"href":"http:\/\/thekfiles.pl\/index.php?rest_route=\/wp\/v2\/posts"}],"about":[{"href":"http:\/\/thekfiles.pl\/index.php?rest_route=\/wp\/v2\/types\/post"}],"author":[{"embeddable":true,"href":"http:\/\/thekfiles.pl\/index.php?rest_route=\/wp\/v2\/users\/2"}],"replies":[{"embeddable":true,"href":"http:\/\/thekfiles.pl\/index.php?rest_route=%2Fwp%2Fv2%2Fcomments&post=1830"}],"version-history":[{"count":0,"href":"http:\/\/thekfiles.pl\/index.php?rest_route=\/wp\/v2\/posts\/1830\/revisions"}],"wp:attachment":[{"href":"http:\/\/thekfiles.pl\/index.php?rest_route=%2Fwp%2Fv2%2Fmedia&parent=1830"}],"wp:term":[{"taxonomy":"category","embeddable":true,"href":"http:\/\/thekfiles.pl\/index.php?rest_route=%2Fwp%2Fv2%2Fcategories&post=1830"},{"taxonomy":"post_tag","embeddable":true,"href":"http:\/\/thekfiles.pl\/index.php?rest_route=%2Fwp%2Fv2%2Ftags&post=1830"}],"curies":[{"name":"wp","href":"https:\/\/api.w.org\/{rel}","templated":true}]}}