{"id":1817,"date":"2011-10-01T00:00:00","date_gmt":"2011-10-01T00:00:00","guid":{"rendered":"http:\/\/mimastech.pl\/wordpress2\/?p=1817"},"modified":"2011-10-01T00:00:00","modified_gmt":"2011-10-01T00:00:00","slug":"specyficzne-uczucie","status":"publish","type":"post","link":"http:\/\/thekfiles.pl\/?p=1817","title":{"rendered":"Specyficzne uczucie"},"content":{"rendered":"<p>Pewnie maj\u0105 tak tylko ci, kt\u00f3rzy mo\u017ce nie popadli jeszcze w zawodow\u0105 rutyn\u0119. Albo nie mog\u0105 uwierzy\u0107, \u017ce stali si\u0119 tym, kim s\u0105.<\/p>\n<p>Kiedy kto\u015b pisze o wizycie u dentysty jako o elemencie codzienno\u015bci (owszem, chodzi si\u0119 niech\u0119tnie, ale trudno, takie \u017cycie), mam jakie\u015b takie dziwne uczucie wewn\u0105trz.<\/p>\n<p>Idzie do dentysty. Mojego kolegi po fachu.<\/p>\n<p>To takie dziwne wra\u017cenie, \u017ce sta\u0142am si\u0119 elementem czyjej\u015b codzienno\u015bci. Mo\u017ce to duma? Kto\u015b w poniedzia\u0142ek powie, \u017ce by\u0142 u (fajnego?) dentysty i b\u0119dzie mia\u0142 na my\u015bli mnie.<\/p>\n<p>Mo\u017ce w ko\u0144cu rzeczywi\u015bcie czas uwierzy\u0107.<\/p>\n<p>I zacz\u0105\u0107 zbiera\u0107 kas\u0119 na konferencje i kursy. \ud83d\ude09<\/p>\n","protected":false},"excerpt":{"rendered":"<p>Pewnie maj\u0105 tak tylko ci, kt\u00f3rzy mo\u017ce nie popadli jeszcze w zawodow\u0105 rutyn\u0119. Albo nie mog\u0105 uwierzy\u0107, \u017ce stali si\u0119 tym, kim s\u0105. Kiedy kto\u015b pisze o wizycie u dentysty jako o elemencie codzienno\u015bci (owszem, chodzi si\u0119 niech\u0119tnie, ale trudno, takie \u017cycie), mam jakie\u015b takie dziwne uczucie wewn\u0105trz. Idzie do dentysty. Mojego kolegi po fachu. [&hellip;]<\/p>\n","protected":false},"author":2,"featured_media":0,"comment_status":"open","ping_status":"open","sticky":false,"template":"","format":"standard","meta":{"footnotes":""},"categories":[2,5],"tags":[18,107,143],"class_list":["post-1817","post","type-post","status-publish","format-standard","hentry","category-archiwum","category-osobiste","tag-archiwalne","tag-osobiste-2","tag-rozmyslania"],"_links":{"self":[{"href":"http:\/\/thekfiles.pl\/index.php?rest_route=\/wp\/v2\/posts\/1817","targetHints":{"allow":["GET"]}}],"collection":[{"href":"http:\/\/thekfiles.pl\/index.php?rest_route=\/wp\/v2\/posts"}],"about":[{"href":"http:\/\/thekfiles.pl\/index.php?rest_route=\/wp\/v2\/types\/post"}],"author":[{"embeddable":true,"href":"http:\/\/thekfiles.pl\/index.php?rest_route=\/wp\/v2\/users\/2"}],"replies":[{"embeddable":true,"href":"http:\/\/thekfiles.pl\/index.php?rest_route=%2Fwp%2Fv2%2Fcomments&post=1817"}],"version-history":[{"count":0,"href":"http:\/\/thekfiles.pl\/index.php?rest_route=\/wp\/v2\/posts\/1817\/revisions"}],"wp:attachment":[{"href":"http:\/\/thekfiles.pl\/index.php?rest_route=%2Fwp%2Fv2%2Fmedia&parent=1817"}],"wp:term":[{"taxonomy":"category","embeddable":true,"href":"http:\/\/thekfiles.pl\/index.php?rest_route=%2Fwp%2Fv2%2Fcategories&post=1817"},{"taxonomy":"post_tag","embeddable":true,"href":"http:\/\/thekfiles.pl\/index.php?rest_route=%2Fwp%2Fv2%2Ftags&post=1817"}],"curies":[{"name":"wp","href":"https:\/\/api.w.org\/{rel}","templated":true}]}}