{"id":1807,"date":"2011-06-16T00:00:00","date_gmt":"2011-06-16T00:00:00","guid":{"rendered":"http:\/\/mimastech.pl\/wordpress2\/?p=1807"},"modified":"2011-06-16T00:00:00","modified_gmt":"2011-06-16T00:00:00","slug":"rzadko-pamietam-swoje-sny","status":"publish","type":"post","link":"http:\/\/thekfiles.pl\/?p=1807","title":{"rendered":"Rzadko pami\u0119tam swoje sny"},"content":{"rendered":"<p>Ale tej nocy \u015bni\u0142y mi si\u0119 lody.<\/p>\n<p>Ogromne ilo\u015bci lod\u00f3w w\u0142oskich, takich w wafelku.<\/p>\n<p>Czekoladowych albo maczanych w czekoladzie.<\/p>\n<p>By\u0142am na jakiej\u015b imprezie z m\u0142odzie\u017c\u0105, kt\u00f3ra grupowo dokona\u0142a czego\u015b fajnego i by\u0142am odpowiedzialna za rozdanie im tych lod\u00f3w w nagrod\u0119. Ze wzgl\u0119du na niepe\u0142ne zainteresowanie lody si\u0119 roztapia\u0142y&#8230;<\/p>\n<p>W pi\u0105tek znowu jad\u0119 do Gdyni, przyjaciel zarz\u0105dzi\u0142 czerwcowe piwo. W moim wypadku b\u0119dzie to co najwy\u017cej Karmi albo Bavaria z sokiem, ale loda te\u017c sobie strzel\u0119. \u015awiderka, bo paradoksalnie wol\u0119 takie od w\u0142oskich. To nic, \u017ce przestaj\u0119 si\u0119 mie\u015bci\u0107 w stare spodnie.<\/p>\n<p>Zreszt\u0105 we \u015bnie nie ja te lody jad\u0142am&#8230;<\/p>\n","protected":false},"excerpt":{"rendered":"<p>Ale tej nocy \u015bni\u0142y mi si\u0119 lody. Ogromne ilo\u015bci lod\u00f3w w\u0142oskich, takich w wafelku. Czekoladowych albo maczanych w czekoladzie. By\u0142am na jakiej\u015b imprezie z m\u0142odzie\u017c\u0105, kt\u00f3ra grupowo dokona\u0142a czego\u015b fajnego i by\u0142am odpowiedzialna za rozdanie im tych lod\u00f3w w nagrod\u0119. Ze wzgl\u0119du na niepe\u0142ne zainteresowanie lody si\u0119 roztapia\u0142y&#8230; W pi\u0105tek znowu jad\u0119 do Gdyni, przyjaciel [&hellip;]<\/p>\n","protected":false},"author":2,"featured_media":0,"comment_status":"open","ping_status":"open","sticky":false,"template":"","format":"standard","meta":{"footnotes":""},"categories":[2,5],"tags":[18,107,153],"class_list":["post-1807","post","type-post","status-publish","format-standard","hentry","category-archiwum","category-osobiste","tag-archiwalne","tag-osobiste-2","tag-sny"],"_links":{"self":[{"href":"http:\/\/thekfiles.pl\/index.php?rest_route=\/wp\/v2\/posts\/1807","targetHints":{"allow":["GET"]}}],"collection":[{"href":"http:\/\/thekfiles.pl\/index.php?rest_route=\/wp\/v2\/posts"}],"about":[{"href":"http:\/\/thekfiles.pl\/index.php?rest_route=\/wp\/v2\/types\/post"}],"author":[{"embeddable":true,"href":"http:\/\/thekfiles.pl\/index.php?rest_route=\/wp\/v2\/users\/2"}],"replies":[{"embeddable":true,"href":"http:\/\/thekfiles.pl\/index.php?rest_route=%2Fwp%2Fv2%2Fcomments&post=1807"}],"version-history":[{"count":0,"href":"http:\/\/thekfiles.pl\/index.php?rest_route=\/wp\/v2\/posts\/1807\/revisions"}],"wp:attachment":[{"href":"http:\/\/thekfiles.pl\/index.php?rest_route=%2Fwp%2Fv2%2Fmedia&parent=1807"}],"wp:term":[{"taxonomy":"category","embeddable":true,"href":"http:\/\/thekfiles.pl\/index.php?rest_route=%2Fwp%2Fv2%2Fcategories&post=1807"},{"taxonomy":"post_tag","embeddable":true,"href":"http:\/\/thekfiles.pl\/index.php?rest_route=%2Fwp%2Fv2%2Ftags&post=1807"}],"curies":[{"name":"wp","href":"https:\/\/api.w.org\/{rel}","templated":true}]}}