{"id":1805,"date":"2013-01-13T00:00:00","date_gmt":"2013-01-13T00:00:00","guid":{"rendered":"http:\/\/mimastech.pl\/wordpress2\/?p=1805"},"modified":"2013-01-13T00:00:00","modified_gmt":"2013-01-13T00:00:00","slug":"rozmyslania-przy-myciu-zebow","status":"publish","type":"post","link":"http:\/\/thekfiles.pl\/?p=1805","title":{"rendered":"Rozmy\u015blania przy myciu z\u0119b\u00f3w"},"content":{"rendered":"<p>Nie mam poj\u0119cia, jak firma, kt\u00f3ra wymy\u015bli\u0142a genialny lakier fluorkowy, mog\u0142a wpa\u015b\u0107 na pomys\u0142 wypuszczenia na rynek <span style=\"text-decoration: underline\">wybielaj\u0105cej<\/span> pasty do <span style=\"text-decoration: underline\">nadwra\u017cliwych<\/span> z\u0119b\u00f3w.<\/p>\n<p>Bo to si\u0119 kupy ni cholery nie trzyma.<\/p>\n<p>U\u017cywam tej pasty, bo zosta\u0142a mi kupiona w promocji. Nie mam ani nadwra\u017cliwych z\u0119b\u00f3w, ani nie chc\u0119 ich wybieli\u0107. Grunt, \u017ce ma fluor.<\/p>\n<p>Dzisiaj chc\u0119 przypu\u015bci\u0107 atak na Empiki w poszukiwaniu &#8222;W\u0142adcy Pier\u015bcieni&#8221; na BluRay (najlepiej w bardzo fajnej promocji, w kt\u00f3rej rezultacie dwa filmy kupuje si\u0119 za st\u00f3w\u0119). Czytanie &#8222;Dru\u017cyny Pier\u015bcienia&#8221; potrafi wsi\u0105\u015b\u0107 na m\u00f3zg.<\/p>\n","protected":false},"excerpt":{"rendered":"<p>Nie mam poj\u0119cia, jak firma, kt\u00f3ra wymy\u015bli\u0142a genialny lakier fluorkowy, mog\u0142a wpa\u015b\u0107 na pomys\u0142 wypuszczenia na rynek wybielaj\u0105cej pasty do nadwra\u017cliwych z\u0119b\u00f3w. Bo to si\u0119 kupy ni cholery nie trzyma. U\u017cywam tej pasty, bo zosta\u0142a mi kupiona w promocji. Nie mam ani nadwra\u017cliwych z\u0119b\u00f3w, ani nie chc\u0119 ich wybieli\u0107. Grunt, \u017ce ma fluor. Dzisiaj chc\u0119 [&hellip;]<\/p>\n","protected":false},"author":2,"featured_media":0,"comment_status":"open","ping_status":"open","sticky":false,"template":"","format":"standard","meta":{"footnotes":""},"categories":[2,5],"tags":[18,89,107,183],"class_list":["post-1805","post","type-post","status-publish","format-standard","hentry","category-archiwum","category-osobiste","tag-archiwalne","tag-mycie-zebow","tag-osobiste-2","tag-wladca-pierscieni"],"_links":{"self":[{"href":"http:\/\/thekfiles.pl\/index.php?rest_route=\/wp\/v2\/posts\/1805","targetHints":{"allow":["GET"]}}],"collection":[{"href":"http:\/\/thekfiles.pl\/index.php?rest_route=\/wp\/v2\/posts"}],"about":[{"href":"http:\/\/thekfiles.pl\/index.php?rest_route=\/wp\/v2\/types\/post"}],"author":[{"embeddable":true,"href":"http:\/\/thekfiles.pl\/index.php?rest_route=\/wp\/v2\/users\/2"}],"replies":[{"embeddable":true,"href":"http:\/\/thekfiles.pl\/index.php?rest_route=%2Fwp%2Fv2%2Fcomments&post=1805"}],"version-history":[{"count":0,"href":"http:\/\/thekfiles.pl\/index.php?rest_route=\/wp\/v2\/posts\/1805\/revisions"}],"wp:attachment":[{"href":"http:\/\/thekfiles.pl\/index.php?rest_route=%2Fwp%2Fv2%2Fmedia&parent=1805"}],"wp:term":[{"taxonomy":"category","embeddable":true,"href":"http:\/\/thekfiles.pl\/index.php?rest_route=%2Fwp%2Fv2%2Fcategories&post=1805"},{"taxonomy":"post_tag","embeddable":true,"href":"http:\/\/thekfiles.pl\/index.php?rest_route=%2Fwp%2Fv2%2Ftags&post=1805"}],"curies":[{"name":"wp","href":"https:\/\/api.w.org\/{rel}","templated":true}]}}