{"id":1790,"date":"2011-12-19T00:00:00","date_gmt":"2011-12-19T00:00:00","guid":{"rendered":"http:\/\/mimastech.pl\/wordpress2\/?p=1790"},"modified":"2011-12-19T00:00:00","modified_gmt":"2011-12-19T00:00:00","slug":"przeciez-to-normalne-prawda","status":"publish","type":"post","link":"http:\/\/thekfiles.pl\/?p=1790","title":{"rendered":"Przecie\u017c to normalne, prawda?"},"content":{"rendered":"<p>\u017be m\u0142ody dentysta bez swojego gabinetu pracuje w kilku miejscach jednocze\u015bnie?<\/p>\n<p>Czy mam ukrywa\u0107 przed szefem, \u017ce w momencie za\u0142atwienia formalno\u015bci z dzia\u0142alno\u015bci\u0105 gospodarcz\u0105 zaczn\u0119 szuka\u0107 drugiej pracy? \u017be b\u0119d\u0119 \u015bciska\u0107 swoje 25 godzin z czterech do trzech dni i pozosta\u0142e dwa (w porywach do dw\u00f3ch i p\u00f3\u0142) mam zamiar po\u015bwi\u0119ci\u0107 na u\u017cywanie wiertarki w innym gabinecie? Mam si\u0119 wstydzi\u0107, \u017ce chc\u0119 zarabia\u0107 jeszcze wi\u0119cej, cho\u0107 musz\u0119 przyzna\u0107, przy dobrych wiatrach zarabiam ca\u0142kiem nie\u017ale?<\/p>\n<p>Z tego, co wiem, lojalki nie podpisa\u0142am. Nie mam umowy o prac\u0119. Chc\u0119 zarabia\u0107 tyle kasy, by mie\u0107 szans\u0119 na kredyt na mieszkanie, ten kredyt dosta\u0107, mieszkanie wyko\u0144czy\u0107, wyposa\u017cy\u0107 i bez problemu utrzyma\u0107. Nie wiem, na ile prowadzenie dzia\u0142alno\u015bci wp\u0142ynie na ow\u0105 szans\u0119. Mam tylko nadziej\u0119, \u017ce mimo kryzysu banki nadal lubi\u0105 dentyst\u00f3w.<\/p>\n<p>Dzia\u0142alno\u015b\u0107 chc\u0119 za\u0142o\u017cy\u0107 w styczniu. W czerwcu jad\u0119 na urlop. A potem zaczn\u0119 si\u0119 pyta\u0107, czy mog\u0119 liczy\u0107 na w\u0142asne M.<\/p>\n","protected":false},"excerpt":{"rendered":"<p>\u017be m\u0142ody dentysta bez swojego gabinetu pracuje w kilku miejscach jednocze\u015bnie? Czy mam ukrywa\u0107 przed szefem, \u017ce w momencie za\u0142atwienia formalno\u015bci z dzia\u0142alno\u015bci\u0105 gospodarcz\u0105 zaczn\u0119 szuka\u0107 drugiej pracy? \u017be b\u0119d\u0119 \u015bciska\u0107 swoje 25 godzin z czterech do trzech dni i pozosta\u0142e dwa (w porywach do dw\u00f3ch i p\u00f3\u0142) mam zamiar po\u015bwi\u0119ci\u0107 na u\u017cywanie wiertarki w [&hellip;]<\/p>\n","protected":false},"author":2,"featured_media":0,"comment_status":"open","ping_status":"open","sticky":false,"template":"","format":"standard","meta":{"footnotes":""},"categories":[2,5],"tags":[18,45,107],"class_list":["post-1790","post","type-post","status-publish","format-standard","hentry","category-archiwum","category-osobiste","tag-archiwalne","tag-dzialalnosc-gospodarcza","tag-osobiste-2"],"_links":{"self":[{"href":"http:\/\/thekfiles.pl\/index.php?rest_route=\/wp\/v2\/posts\/1790","targetHints":{"allow":["GET"]}}],"collection":[{"href":"http:\/\/thekfiles.pl\/index.php?rest_route=\/wp\/v2\/posts"}],"about":[{"href":"http:\/\/thekfiles.pl\/index.php?rest_route=\/wp\/v2\/types\/post"}],"author":[{"embeddable":true,"href":"http:\/\/thekfiles.pl\/index.php?rest_route=\/wp\/v2\/users\/2"}],"replies":[{"embeddable":true,"href":"http:\/\/thekfiles.pl\/index.php?rest_route=%2Fwp%2Fv2%2Fcomments&post=1790"}],"version-history":[{"count":0,"href":"http:\/\/thekfiles.pl\/index.php?rest_route=\/wp\/v2\/posts\/1790\/revisions"}],"wp:attachment":[{"href":"http:\/\/thekfiles.pl\/index.php?rest_route=%2Fwp%2Fv2%2Fmedia&parent=1790"}],"wp:term":[{"taxonomy":"category","embeddable":true,"href":"http:\/\/thekfiles.pl\/index.php?rest_route=%2Fwp%2Fv2%2Fcategories&post=1790"},{"taxonomy":"post_tag","embeddable":true,"href":"http:\/\/thekfiles.pl\/index.php?rest_route=%2Fwp%2Fv2%2Ftags&post=1790"}],"curies":[{"name":"wp","href":"https:\/\/api.w.org\/{rel}","templated":true}]}}