{"id":1779,"date":"2011-07-09T00:00:00","date_gmt":"2011-07-09T00:00:00","guid":{"rendered":"http:\/\/mimastech.pl\/wordpress2\/?p=1779"},"modified":"2011-07-09T00:00:00","modified_gmt":"2011-07-09T00:00:00","slug":"ostatni-pelny-dzien","status":"publish","type":"post","link":"http:\/\/thekfiles.pl\/?p=1779","title":{"rendered":"Ostatni pe\u0142ny dzie\u0144&#8230;"},"content":{"rendered":"<p>Jutro przed po\u0142udniem wsiadam do poci\u0105gu do Warszawy. Ale dzi\u015b chc\u0119 jeszcze wej\u015b\u0107 na Wie\u017c\u0119 Mariack\u0105 i zaliczy\u0107 kaw\u0119 w Singerze. M\u00f3wicie, \u017ce to tu\u017c obok Kolor\u00f3w? \ud83d\ude09<\/p>\n<p>Sprawdzi\u0142am stan konta i boj\u0119 si\u0119 teraz wchodzi\u0107 do galerii handlowych.<\/p>\n<p>Pogoda jest \u015bliczna, trzeci dzie\u0144 paraduj\u0119 w spodniach do kolan i sanda\u0142ach. Troszk\u0119 te\u017c opali\u0142am sobie r\u0119ce. Na twarz niestety musz\u0119 mocno uwa\u017ca\u0107. Kremik z filtrem 50 SPF i nie ma innej rady.<\/p>\n<p>W sumie fajnie chodzi si\u0119 spa\u0107 ko\u0142o p\u00f3\u0142nocy i wstaje o 10. Czy b\u0119dzie mi smutno przy jutrzejszym wyje\u017adzie? Pewnie tak. Ale ten etap urlopu p\u00f3ki co jest bardzo udany i mimo tego, i\u017c nadal siedz\u0119 w mieszkaniu, nie mam wra\u017cenia, \u017ce marnowa\u0142am czas.<\/p>\n","protected":false},"excerpt":{"rendered":"<p>Jutro przed po\u0142udniem wsiadam do poci\u0105gu do Warszawy. Ale dzi\u015b chc\u0119 jeszcze wej\u015b\u0107 na Wie\u017c\u0119 Mariack\u0105 i zaliczy\u0107 kaw\u0119 w Singerze. M\u00f3wicie, \u017ce to tu\u017c obok Kolor\u00f3w? \ud83d\ude09 Sprawdzi\u0142am stan konta i boj\u0119 si\u0119 teraz wchodzi\u0107 do galerii handlowych. Pogoda jest \u015bliczna, trzeci dzie\u0144 paraduj\u0119 w spodniach do kolan i sanda\u0142ach. Troszk\u0119 te\u017c opali\u0142am sobie [&hellip;]<\/p>\n","protected":false},"author":2,"featured_media":0,"comment_status":"open","ping_status":"open","sticky":false,"template":"","format":"standard","meta":{"footnotes":""},"categories":[2,5],"tags":[18,73,107,173],"class_list":["post-1779","post","type-post","status-publish","format-standard","hentry","category-archiwum","category-osobiste","tag-archiwalne","tag-krakow","tag-osobiste-2","tag-urlop"],"_links":{"self":[{"href":"http:\/\/thekfiles.pl\/index.php?rest_route=\/wp\/v2\/posts\/1779","targetHints":{"allow":["GET"]}}],"collection":[{"href":"http:\/\/thekfiles.pl\/index.php?rest_route=\/wp\/v2\/posts"}],"about":[{"href":"http:\/\/thekfiles.pl\/index.php?rest_route=\/wp\/v2\/types\/post"}],"author":[{"embeddable":true,"href":"http:\/\/thekfiles.pl\/index.php?rest_route=\/wp\/v2\/users\/2"}],"replies":[{"embeddable":true,"href":"http:\/\/thekfiles.pl\/index.php?rest_route=%2Fwp%2Fv2%2Fcomments&post=1779"}],"version-history":[{"count":0,"href":"http:\/\/thekfiles.pl\/index.php?rest_route=\/wp\/v2\/posts\/1779\/revisions"}],"wp:attachment":[{"href":"http:\/\/thekfiles.pl\/index.php?rest_route=%2Fwp%2Fv2%2Fmedia&parent=1779"}],"wp:term":[{"taxonomy":"category","embeddable":true,"href":"http:\/\/thekfiles.pl\/index.php?rest_route=%2Fwp%2Fv2%2Fcategories&post=1779"},{"taxonomy":"post_tag","embeddable":true,"href":"http:\/\/thekfiles.pl\/index.php?rest_route=%2Fwp%2Fv2%2Ftags&post=1779"}],"curies":[{"name":"wp","href":"https:\/\/api.w.org\/{rel}","templated":true}]}}