{"id":1767,"date":"2013-06-02T00:00:00","date_gmt":"2013-06-02T00:00:00","guid":{"rendered":"http:\/\/mimastech.pl\/wordpress2\/?p=1767"},"modified":"2013-06-02T00:00:00","modified_gmt":"2013-06-02T00:00:00","slug":"no-i-po-co","status":"publish","type":"post","link":"http:\/\/thekfiles.pl\/?p=1767","title":{"rendered":"No i po co?"},"content":{"rendered":"<p>Zamarzy\u0142y mi si\u0119 du\u017ce fili\u017canki. Wpad\u0142am do Pepco, zobaczy\u0142am ca\u0142kiem spore, czarne, z zielonym kwiatowym wzorem. Szuka\u0142am spodk\u00f3w, ale nie by\u0142o, wi\u0119c stwierdzi\u0142am, \u017ce trudno, bior\u0119 tak czy siak. Do tego wzi\u0119\u0142am jeszcze dwie wysokie szklanki na n\u00f3\u017ckach i bia\u0142o-\u017c\u00f3\u0142ty kubek z kwiatkiem, kt\u00f3ry b\u0119dzie mi s\u0142u\u017cy\u0142 za nowy, &#8222;ulubiony&#8221; kubek na porann\u0105 herbatk\u0119.<\/p>\n<p>Przy kasie wyja\u015bni\u0142o si\u0119, dlaczego do fili\u017canek nie by\u0142o spodk\u00f3w &#8211; po przeciwnej stronie od wzorku napisano &#8222;SOUP&#8221;.<\/p>\n<p>Kupi\u0142am fili\u017canki do zupy.<\/p>\n<p>Kurde, a \u017cycie kiedy\u015b by\u0142o takie proste. Zupy jad\u0142o si\u0119 z g\u0142\u0119bokich talerzy albo bulion\u00f3wek. Teraz mam dwie du\u017ce fili\u017cany do zupy. Spoko. Gdyby nie ten cholerny napis, w og\u00f3le nie by\u0142oby problemu&#8230; W sumie nadal go nie ma, ale go\u015bciowi ju\u017c herbatki w nich nie podam&#8230; Po co je podpisali?<\/p>\n<p>Tak w og\u00f3le to dzisiaj mamy tutaj lato, jakie\u015b 25 stopni w cieniu. Po \u015bniadanku pojecha\u0142am na zakupy, w hipermarkecie uda\u0142o mi si\u0119 zgubi\u0107 list\u0119, ale chyba ostatecznie kupi\u0142am wszystko, co planowa\u0142am. Po powrocie do domu ko\u0142o 12:30 stwierdzi\u0142am, \u017ce obiadek pewnie zjem przed 14, a ko\u0142o 15, je\u015bli pogoda si\u0119 nie zepsuje, wyskocz\u0119 na basen, bo na pla\u017c\u0119 za daleko. Pogoda si\u0119 nie zepsu\u0142a, wyskoczy\u0142am, po raz pierwszy od ponad p\u00f3\u0142 roku potapla\u0142am si\u0119 przez 40 minut, zjecha\u0142am kilka razy zje\u017cd\u017calni\u0105 wodn\u0105, wymoczy\u0142am si\u0119 w jacuzzi. Potem zaliczy\u0142am wspomniane Pepco i wpad\u0142am do rodzic\u00f3w na pyszne ciasto baj moja siostra. Wyjecha\u0142am stamt\u0105d z nowym czajnikiem typu inox (czyli w stalowej obudowie, ekspres do kawy i maszyn\u0119 do chleba te\u017c mam w tym stylu), kt\u00f3ry nieco kosmicznie \u015bwieci na niebiesko, jak jest w\u0142\u0105czony. Wypas, ju\u017c go uwielbiam.<\/p>\n<p>Leniw\u0105 niedziel\u0119 psuje mi tylko fakt, \u017ce jutro wyj\u0105tkowo mam popo\u0142udni\u00f3wk\u0119 nie dlatego, \u017ce by\u0142a zaplanowana, ale dlatego, \u017ce musia\u0142am przestawi\u0107 pacjent\u00f3w z wtorku, bo po po\u0142udniu kontynuuj\u0119 diagnostyk\u0119 przed wycinankami. W przysz\u0142ym tygodniu chc\u0119 zrobi\u0107 RTG klatki piersiowej (te\u017c przez zabiegiem), a tydzie\u0144 p\u00f3\u017aniej (bo po co kumulowa\u0107 wra\u017cenia na jeden dzie\u0144) czeka mnie wypad do szpitala, \u017ceby si\u0119 rozezna\u0107 w terminach przyj\u0119cia na zabieg.<\/p>\n<p>A tak w og\u00f3le to marzy mi si\u0119 weekendowy wypad do SPA. Masa\u017ce, basen do znudzenia, czytanie ksi\u0105\u017cek. Mo\u017ce w pa\u017adzierniku, je\u015bli b\u0119dzie mnie na to sta\u0107?<\/p>\n","protected":false},"excerpt":{"rendered":"<p>Zamarzy\u0142y mi si\u0119 du\u017ce fili\u017canki. Wpad\u0142am do Pepco, zobaczy\u0142am ca\u0142kiem spore, czarne, z zielonym kwiatowym wzorem. Szuka\u0142am spodk\u00f3w, ale nie by\u0142o, wi\u0119c stwierdzi\u0142am, \u017ce trudno, bior\u0119 tak czy siak. Do tego wzi\u0119\u0142am jeszcze dwie wysokie szklanki na n\u00f3\u017ckach i bia\u0142o-\u017c\u00f3\u0142ty kubek z kwiatkiem, kt\u00f3ry b\u0119dzie mi s\u0142u\u017cy\u0142 za nowy, &#8222;ulubiony&#8221; kubek na porann\u0105 herbatk\u0119. Przy [&hellip;]<\/p>\n","protected":false},"author":2,"featured_media":0,"comment_status":"open","ping_status":"open","sticky":false,"template":"","format":"standard","meta":{"footnotes":""},"categories":[2,5],"tags":[18,107],"class_list":["post-1767","post","type-post","status-publish","format-standard","hentry","category-archiwum","category-osobiste","tag-archiwalne","tag-osobiste-2"],"_links":{"self":[{"href":"http:\/\/thekfiles.pl\/index.php?rest_route=\/wp\/v2\/posts\/1767","targetHints":{"allow":["GET"]}}],"collection":[{"href":"http:\/\/thekfiles.pl\/index.php?rest_route=\/wp\/v2\/posts"}],"about":[{"href":"http:\/\/thekfiles.pl\/index.php?rest_route=\/wp\/v2\/types\/post"}],"author":[{"embeddable":true,"href":"http:\/\/thekfiles.pl\/index.php?rest_route=\/wp\/v2\/users\/2"}],"replies":[{"embeddable":true,"href":"http:\/\/thekfiles.pl\/index.php?rest_route=%2Fwp%2Fv2%2Fcomments&post=1767"}],"version-history":[{"count":0,"href":"http:\/\/thekfiles.pl\/index.php?rest_route=\/wp\/v2\/posts\/1767\/revisions"}],"wp:attachment":[{"href":"http:\/\/thekfiles.pl\/index.php?rest_route=%2Fwp%2Fv2%2Fmedia&parent=1767"}],"wp:term":[{"taxonomy":"category","embeddable":true,"href":"http:\/\/thekfiles.pl\/index.php?rest_route=%2Fwp%2Fv2%2Fcategories&post=1767"},{"taxonomy":"post_tag","embeddable":true,"href":"http:\/\/thekfiles.pl\/index.php?rest_route=%2Fwp%2Fv2%2Ftags&post=1767"}],"curies":[{"name":"wp","href":"https:\/\/api.w.org\/{rel}","templated":true}]}}