{"id":1754,"date":"2013-02-12T00:00:00","date_gmt":"2013-02-12T00:00:00","guid":{"rendered":"http:\/\/mimastech.pl\/wordpress2\/?p=1754"},"modified":"2013-02-12T00:00:00","modified_gmt":"2013-02-12T00:00:00","slug":"narzekajki","status":"publish","type":"post","link":"http:\/\/thekfiles.pl\/?p=1754","title":{"rendered":"Narzekajki"},"content":{"rendered":"<p>\u015anieg spad\u0142.<\/p>\n<p>Ojacie, \u015bnieg w po\u0142owie lutego.<\/p>\n<p>Narzekaj\u0105, j\u0119cz\u0105, sm\u0119c\u0105, chcieliby wiosn\u0119.<\/p>\n<p>W po\u0142owie lutego?<\/p>\n<p>\u017be niby druga zima przysz\u0142a.<\/p>\n<p>Z tego, co pami\u0119tam, pierwsza zima tego sezonu zacz\u0119\u0142a si\u0119 kalendarzowo gdzie\u015b pod koniec grudnia i b\u0119dzie trwa\u0142a tak gdzie\u015b do drugiej po\u0142owy marca, nie? Jedna i ta sama zima prze\u0142omu lat 2012 i 2013. Przedtem by\u0142a jesie\u0144, potem b\u0119dzie wiosna. I \u015bnieg b\u0119dzie pada\u0142, i deszcz, s\u0142onko mo\u017ce czasem za\u015bwieci. B\u0119dzie wia\u0142o, dmucha\u0142o, zawiewa\u0142o, mrozi\u0142o. I to wszystko b\u0119dzie normalne.<\/p>\n<p>Bo w takim \u017cyjemy klimacie. Jak kto\u015b chce mie\u0107 30 stopni w cieniu w lutym, to niech si\u0119 do Australii przeprowadzi, tylko niech na miejscu uwa\u017ca na paj\u0105ki, bo tam podobno spore i jadowite bydl\u0119ta mieszkaj\u0105.<\/p>\n<p>Chyba zacz\u0119\u0142am si\u0119 wybija\u0107 z typowo polskiego zwyczaju narzekania na pogod\u0119, jakakolwiek by ona nie by\u0142a. Za zimno. Za gor\u0105co. \u015anieg. Plucha. \u015alisko. Deszcz. Susza. S\u0142o\u0144ce za jasno \u015bwieci. S\u0142o\u0144ca dawno nie by\u0142o. Wiatr za mocno wieje. Za s\u0142abo wieje.<\/p>\n<p>A mo\u017ce moje motto &#8222;nie przejmuj si\u0119 rzeczami, na kt\u00f3re nie masz wp\u0142ywu&#8221; zacz\u0119\u0142o obejmowa\u0107 te\u017c komentarze pogodowe? Albo ogarnia mnie zm\u0119czenie przez narzekanie innych, co te\u017c jest mo\u017cliwe, skoro narzekaj\u0105 wszyscy dooko\u0142a, nieprzerwanie.<\/p>\n<p>\u017beby nie by\u0142o, ja te\u017c czasem narzekam i s\u0105 rzeczy, kt\u00f3re mnie wkurzaj\u0105. Na przyk\u0142ad na pocz\u0105tku ka\u017cdego miesi\u0105ca wkurzam si\u0119 na konieczno\u015b\u0107 wyrzucenia w b\u0142oto ponad 1000 z\u0142, kt\u00f3re s\u0105 podobno przeznaczane na moj\u0105 emerytur\u0119 i \u015bwiadczenia zdrowotne. Bardzo ch\u0119tnie do\u0142\u0105czy\u0142abym do ekipy, kt\u00f3ra zebra\u0142aby si\u0119 celem zaorania ZUSu i przeznaczy\u0142a te same 1000 z\u0142 na ubezpieczenia, o kt\u00f3rych b\u0119d\u0119 wiedzia\u0142a, \u017ce to ja b\u0119d\u0119 z nich korzysta\u0107 i \u017ce rzeczywi\u015bcie kiedy\u015b te pieni\u0105dze znowu zobacz\u0119. Podobno fajny system emerytalny ma Nowa Zelandia, kt\u00f3rej gospodarka wprawdzie zwalnia mi\u0119dzy premierami kolejnych film\u00f3w Petera Jacksona, ale za to osoby, kt\u00f3rym si\u0119 lepiej wiedzie w \u017cyciu, odk\u0142adaj\u0105 pieni\u0105dze na prywatne ubezpieczenia emerytalne &#8211; z kt\u00f3rego to ubezpieczenia rzeczywi\u015bcie p\u00f3\u017aniej jest im wyp\u0142acana emerytura &#8211; a osoby, kt\u00f3rych na takie konta nie sta\u0107, maj\u0105 przez pa\u0144stwo zapewnion\u0105 emerytur\u0119, z kt\u00f3rej da si\u0119 wy\u017cy\u0107. Ech.<\/p>\n<p>Z bardziej pozytywnych stron \u017cycia, dzisiaj sko\u0144czy\u0142am czyta\u0107 &#8222;Powr\u00f3t kr\u00f3la&#8221; Tolkiena. Zosta\u0142y mi tylko dodatki do trylogii. Wcale si\u0119 nie dziwi\u0119, \u017ce na przyk\u0142ad taki Christopher Lee, Jacksonowy Saruman, wraca do &#8222;W\u0142adcy pier\u015bcieni&#8221; co rok. I \u017ce nie jest w tym jedyny. Ja mo\u017ce nie b\u0119d\u0119 wszystkich trzech ksi\u0105\u017cek czyta\u0107 co roku, ale mo\u017ce za kt\u00f3r\u0105\u015b pi\u0105tkow\u0105 wyp\u0142at\u0119 zamiast w drobne AGD zaopatrz\u0119 si\u0119 w nieco wi\u0119ksze ksi\u0105\u017cki i b\u0119d\u0119 do nich zagl\u0105da\u0107, i zaznacza\u0107 miejsca, do kt\u00f3rych szczeg\u00f3lnie lubi\u0142abym wraca\u0107.<\/p>\n","protected":false},"excerpt":{"rendered":"<p>\u015anieg spad\u0142. Ojacie, \u015bnieg w po\u0142owie lutego. Narzekaj\u0105, j\u0119cz\u0105, sm\u0119c\u0105, chcieliby wiosn\u0119. W po\u0142owie lutego? \u017be niby druga zima przysz\u0142a. Z tego, co pami\u0119tam, pierwsza zima tego sezonu zacz\u0119\u0142a si\u0119 kalendarzowo gdzie\u015b pod koniec grudnia i b\u0119dzie trwa\u0142a tak gdzie\u015b do drugiej po\u0142owy marca, nie? Jedna i ta sama zima prze\u0142omu lat 2012 i 2013. [&hellip;]<\/p>\n","protected":false},"author":2,"featured_media":0,"comment_status":"open","ping_status":"open","sticky":false,"template":"","format":"standard","meta":{"footnotes":""},"categories":[2,5],"tags":[18,45,75,107,124],"class_list":["post-1754","post","type-post","status-publish","format-standard","hentry","category-archiwum","category-osobiste","tag-archiwalne","tag-dzialalnosc-gospodarcza","tag-ksiazki","tag-osobiste-2","tag-pogoda"],"_links":{"self":[{"href":"http:\/\/thekfiles.pl\/index.php?rest_route=\/wp\/v2\/posts\/1754","targetHints":{"allow":["GET"]}}],"collection":[{"href":"http:\/\/thekfiles.pl\/index.php?rest_route=\/wp\/v2\/posts"}],"about":[{"href":"http:\/\/thekfiles.pl\/index.php?rest_route=\/wp\/v2\/types\/post"}],"author":[{"embeddable":true,"href":"http:\/\/thekfiles.pl\/index.php?rest_route=\/wp\/v2\/users\/2"}],"replies":[{"embeddable":true,"href":"http:\/\/thekfiles.pl\/index.php?rest_route=%2Fwp%2Fv2%2Fcomments&post=1754"}],"version-history":[{"count":0,"href":"http:\/\/thekfiles.pl\/index.php?rest_route=\/wp\/v2\/posts\/1754\/revisions"}],"wp:attachment":[{"href":"http:\/\/thekfiles.pl\/index.php?rest_route=%2Fwp%2Fv2%2Fmedia&parent=1754"}],"wp:term":[{"taxonomy":"category","embeddable":true,"href":"http:\/\/thekfiles.pl\/index.php?rest_route=%2Fwp%2Fv2%2Fcategories&post=1754"},{"taxonomy":"post_tag","embeddable":true,"href":"http:\/\/thekfiles.pl\/index.php?rest_route=%2Fwp%2Fv2%2Ftags&post=1754"}],"curies":[{"name":"wp","href":"https:\/\/api.w.org\/{rel}","templated":true}]}}