{"id":1742,"date":"2012-11-23T00:00:00","date_gmt":"2012-11-23T00:00:00","guid":{"rendered":"http:\/\/mimastech.pl\/wordpress2\/?p=1742"},"modified":"2012-11-23T00:00:00","modified_gmt":"2012-11-23T00:00:00","slug":"moja-ksiegowa-jest-metalem","status":"publish","type":"post","link":"http:\/\/thekfiles.pl\/?p=1742","title":{"rendered":"Moja ksi\u0119gowa jest metalem"},"content":{"rendered":"<p>Rodze\u0144stwo pracuje na liczne umowy o dzie\u0142o i zacz\u0119\u0142o si\u0119 gubi\u0107. Rodze\u0144stwo wie o istnieniu mojej ksi\u0119gowej, wi\u0119c si\u0119 spyta\u0142o o namiary i nied\u0142ugo jedzie na konsultacj\u0119.<\/p>\n<p>Dzisiaj pogada\u0142y\u015bmy sobie (ja i Rodze\u0144stwo) na temat owej ksi\u0119gowej. Pad\u0142o pytanie: &#8222;Twoja ksi\u0119gowa to metal\u00f3wa?&#8221;<\/p>\n<p>Sk\u0105d ja mog\u0119 wiedzie\u0107? Jej najbardziej charakterystyczn\u0105 cech\u0105 jest cieniutki warkoczyk si\u0119gaj\u0105cy po\u015bladk\u00f3w. Podejrze\u0144 raczej nie wzbudza.<\/p>\n<p>Z ciekawo\u015bci zajrza\u0142am na jej profil na Facebooku. I owszem, liczne zdj\u0119cia z koncert\u00f3w zespo\u0142\u00f3w typu Rammstein i inne wska\u017aniki jej preferencji muzycznych. Huh.<\/p>\n<p>Nie, nie mam nic przeciwko temu. Niech se b\u0119dzie metal\u00f3w\u0105 (chyba nawet tatua\u017c ma, co o niczym nie \u015bwiadczy), nie zrezygnuj\u0119 z jej us\u0142ug z tego powodu.<\/p>\n<p>Wniosek z ca\u0142ego tego szpiegowania i odkry\u0107 powinien by\u0107 jednak jeden:<\/p>\n<p>Ustawcie sobie porz\u0105dnie prywatno\u015b\u0107 konta na Facebooku.<\/p>\n","protected":false},"excerpt":{"rendered":"<p>Rodze\u0144stwo pracuje na liczne umowy o dzie\u0142o i zacz\u0119\u0142o si\u0119 gubi\u0107. Rodze\u0144stwo wie o istnieniu mojej ksi\u0119gowej, wi\u0119c si\u0119 spyta\u0142o o namiary i nied\u0142ugo jedzie na konsultacj\u0119. Dzisiaj pogada\u0142y\u015bmy sobie (ja i Rodze\u0144stwo) na temat owej ksi\u0119gowej. Pad\u0142o pytanie: &#8222;Twoja ksi\u0119gowa to metal\u00f3wa?&#8221; Sk\u0105d ja mog\u0119 wiedzie\u0107? Jej najbardziej charakterystyczn\u0105 cech\u0105 jest cieniutki warkoczyk si\u0119gaj\u0105cy [&hellip;]<\/p>\n","protected":false},"author":2,"featured_media":0,"comment_status":"open","ping_status":"open","sticky":false,"template":"","format":"standard","meta":{"footnotes":""},"categories":[2,5],"tags":[18,48,107,165],"class_list":["post-1742","post","type-post","status-publish","format-standard","hentry","category-archiwum","category-osobiste","tag-archiwalne","tag-facebook","tag-osobiste-2","tag-szpiegowanie"],"_links":{"self":[{"href":"http:\/\/thekfiles.pl\/index.php?rest_route=\/wp\/v2\/posts\/1742","targetHints":{"allow":["GET"]}}],"collection":[{"href":"http:\/\/thekfiles.pl\/index.php?rest_route=\/wp\/v2\/posts"}],"about":[{"href":"http:\/\/thekfiles.pl\/index.php?rest_route=\/wp\/v2\/types\/post"}],"author":[{"embeddable":true,"href":"http:\/\/thekfiles.pl\/index.php?rest_route=\/wp\/v2\/users\/2"}],"replies":[{"embeddable":true,"href":"http:\/\/thekfiles.pl\/index.php?rest_route=%2Fwp%2Fv2%2Fcomments&post=1742"}],"version-history":[{"count":0,"href":"http:\/\/thekfiles.pl\/index.php?rest_route=\/wp\/v2\/posts\/1742\/revisions"}],"wp:attachment":[{"href":"http:\/\/thekfiles.pl\/index.php?rest_route=%2Fwp%2Fv2%2Fmedia&parent=1742"}],"wp:term":[{"taxonomy":"category","embeddable":true,"href":"http:\/\/thekfiles.pl\/index.php?rest_route=%2Fwp%2Fv2%2Fcategories&post=1742"},{"taxonomy":"post_tag","embeddable":true,"href":"http:\/\/thekfiles.pl\/index.php?rest_route=%2Fwp%2Fv2%2Ftags&post=1742"}],"curies":[{"name":"wp","href":"https:\/\/api.w.org\/{rel}","templated":true}]}}