{"id":1683,"date":"2013-07-07T00:00:00","date_gmt":"2013-07-07T00:00:00","guid":{"rendered":"http:\/\/mimastech.pl\/wordpress2\/?p=1683"},"modified":"2013-07-07T00:00:00","modified_gmt":"2013-07-07T00:00:00","slug":"duzo-czasuzle-geny","status":"publish","type":"post","link":"http:\/\/thekfiles.pl\/?p=1683","title":{"rendered":"Du\u017co czasu\/Z\u0142e geny"},"content":{"rendered":"<p>Weekend mia\u0142am wybitnie wycieczkowy. Wczoraj 12 godzin poza domem z okazji wypadu do Bor\u00f3w Tucholskich, dzisiaj prawie 9 godzin poza domem z powodu wypadu do W\u0142adys\u0142awowa.<\/p>\n<p>Wczoraj po powrocie ze zdziwieniem stwierdzi\u0142am, \u017ce kurcz\u0119, zosta\u0142a mi jeszcze ca\u0142a niedziela!<\/p>\n<p>Dzisiaj zostawi\u0142am samoch\u00f3d pod dworcem kolejowym i najgorszy etap podr\u00f3\u017cy przejecha\u0142am, siedz\u0105c do\u015b\u0107 wygodnie w poci\u0105gu Przewoz\u00f3w Regionalnych. Zrobi\u0142am to, poniewa\u017c wiedzia\u0142am, \u017ce je\u015bli pojad\u0119 samochodem, to a) dostan\u0119 sza\u0142u przy szukaniu miejsca parkingowego, b) droga powrotna zajmie mi znacznie wi\u0119cej czasu, ni\u017c by to sugerowa\u0142a stosunkowo niewielka (ok. 30 km) odleg\u0142o\u015b\u0107 mi\u0119dzy moim miejscem zamieszkania a celem podr\u00f3\u017cy. Poci\u0105gi je\u017cd\u017c\u0105 \u015brednio co p\u00f3\u0142torej-dwie godziny, wi\u0119c mo\u017cna wysiedzie\u0107 te 40-55 minut, a nie wkurza\u0107 si\u0119 po drodze.<\/p>\n<p>Z W\u0142adka (opanowanego przez samochody mieszka\u0144c\u00f3w wojew\u00f3dztw g\u0142\u00f3wnie mazowieckiego, \u0142\u00f3dzkiego i wielkopolskiego) wr\u00f3ci\u0142am ze sk\u00f3r\u0105 \u0142adnie miejscami&#8230; oparzon\u0105 przez s\u0142o\u0144ce. Na razie jestem estetycznie czerwona w niekt\u00f3rych miejscach, za dwa dni zacznie mi p\u0142atami schodzi\u0107 nask\u00f3rek. Ju\u017c si\u0119 ciesz\u0119.<\/p>\n<p>Pierwsza cz\u0119\u015b\u0107 tytu\u0142u notki odnosi si\u0119 do drugiego akapitu. Sp\u0119dzaj\u0105c sporo czasu poza domem, bez po\u015bpiechu, ale robi\u0105c same przyjemne rzeczy, mo\u017cna stwierdzi\u0107, \u017ce weekend znacz\u0105co si\u0119 wyd\u0142u\u017ca, ale tak pozytywnie. Gdyby nie moje wycieczki, to pewnie ca\u0142e dwa dni przesiedzia\u0142abym przed kompem i mia\u0142a poczucie straconego czasu. A tak zaliczy\u0142am pla\u017c\u0119 i ciekawe okolice. Same zalety.<\/p>\n<p>Druga cz\u0119\u015b\u0107 tytu\u0142u notki odnosi si\u0119 do ko\u0144ca czwartego akapitu. Rozmow\u0119 na temat reakcji sk\u00f3ry na s\u0142o\u0144ce odby\u0142am z rodzicami podczas sobotniej wycieczki, kiedy to moje lewe rami\u0119, nieco intensywniej od prawego wystawione na dzia\u0142anie promieni s\u0142onecznych, zacz\u0119\u0142o si\u0119 czerwieni\u0107. Rodzice i ja opalamy si\u0119 w ten sam spos\u00f3b &#8211; k\u0105piele s\u0142oneczne zawsze przyp\u0142acamy oparzeniami. Jedynym wyj\u0105tkiem w naszej czw\u00f3rce jest moja siostra, kt\u00f3ra ma cer\u0119 nieco ciemniejsz\u0105 i zwykle od razu br\u0105zowieje. Przekaza\u0142a zreszt\u0105 t\u0119 cech\u0119 swojej pierwszej c\u00f3rce (o drugiej c\u00f3rce nie mam danych w tym zakresie). Zastanawiali\u015bmy si\u0119, sk\u0105d si\u0119 u niej to wzi\u0119\u0142o, oczywi\u015bcie wysz\u0142o, \u017ce z gen\u00f3w &#8211; &#8222;\u015bniadym&#8221; bywa\u0142 r\u00f3wnie\u017c nazywany brat mojego taty. Zatem rodze\u0144stwo moje wylosowa\u0142o nieco lepszy pakiet gen\u00f3w, je\u015bli chodzi o opalanie.<\/p>\n<p>A ze mnie w pracy b\u0119d\u0105 si\u0119 jutro \u015bmia\u0107. Bo czerwona jestem na \u0142ydkach, stopach, g\u0119bie, r\u0119kach (od przedramion do \u0142opatek), dekolcie i plecach w okolicach krzy\u017ca. I b\u0119d\u0119 j\u0119cze\u0107 i skomle\u0107, ale mam za swoje. By\u0142o si\u0119 lepiej smarowa\u0107 mleczkiem do opalania.<\/p>\n<p>Id\u0119 spa\u0107&#8230;<\/p>\n<p>OSTRZE\u017bENIE: Nie wchod\u017acie na Wikipedi\u0119. Wej\u015bcie na jeden artyku\u0142 poskutkuje przeczytaniem dwudziestu kolejnych.<\/p>\n","protected":false},"excerpt":{"rendered":"<p>Weekend mia\u0142am wybitnie wycieczkowy. Wczoraj 12 godzin poza domem z okazji wypadu do Bor\u00f3w Tucholskich, dzisiaj prawie 9 godzin poza domem z powodu wypadu do W\u0142adys\u0142awowa. Wczoraj po powrocie ze zdziwieniem stwierdzi\u0142am, \u017ce kurcz\u0119, zosta\u0142a mi jeszcze ca\u0142a niedziela! Dzisiaj zostawi\u0142am samoch\u00f3d pod dworcem kolejowym i najgorszy etap podr\u00f3\u017cy przejecha\u0142am, siedz\u0105c do\u015b\u0107 wygodnie w poci\u0105gu [&hellip;]<\/p>\n","protected":false},"author":2,"featured_media":0,"comment_status":"open","ping_status":"open","sticky":false,"template":"","format":"standard","meta":{"footnotes":""},"categories":[2,5],"tags":[18,102,107,173],"class_list":["post-1683","post","type-post","status-publish","format-standard","hentry","category-archiwum","category-osobiste","tag-archiwalne","tag-opalanie","tag-osobiste-2","tag-urlop"],"_links":{"self":[{"href":"http:\/\/thekfiles.pl\/index.php?rest_route=\/wp\/v2\/posts\/1683","targetHints":{"allow":["GET"]}}],"collection":[{"href":"http:\/\/thekfiles.pl\/index.php?rest_route=\/wp\/v2\/posts"}],"about":[{"href":"http:\/\/thekfiles.pl\/index.php?rest_route=\/wp\/v2\/types\/post"}],"author":[{"embeddable":true,"href":"http:\/\/thekfiles.pl\/index.php?rest_route=\/wp\/v2\/users\/2"}],"replies":[{"embeddable":true,"href":"http:\/\/thekfiles.pl\/index.php?rest_route=%2Fwp%2Fv2%2Fcomments&post=1683"}],"version-history":[{"count":0,"href":"http:\/\/thekfiles.pl\/index.php?rest_route=\/wp\/v2\/posts\/1683\/revisions"}],"wp:attachment":[{"href":"http:\/\/thekfiles.pl\/index.php?rest_route=%2Fwp%2Fv2%2Fmedia&parent=1683"}],"wp:term":[{"taxonomy":"category","embeddable":true,"href":"http:\/\/thekfiles.pl\/index.php?rest_route=%2Fwp%2Fv2%2Fcategories&post=1683"},{"taxonomy":"post_tag","embeddable":true,"href":"http:\/\/thekfiles.pl\/index.php?rest_route=%2Fwp%2Fv2%2Ftags&post=1683"}],"curies":[{"name":"wp","href":"https:\/\/api.w.org\/{rel}","templated":true}]}}