{"id":1682,"date":"2011-04-28T00:00:00","date_gmt":"2011-04-28T00:00:00","guid":{"rendered":"http:\/\/mimastech.pl\/wordpress2\/?p=1682"},"modified":"2011-04-28T00:00:00","modified_gmt":"2011-04-28T00:00:00","slug":"dodatnie-strony-chorowania","status":"publish","type":"post","link":"http:\/\/thekfiles.pl\/?p=1682","title":{"rendered":"Dodatnie strony chorowania"},"content":{"rendered":"<p>Mo\u017cna le\u017ce\u0107 w wyrze ca\u0142y dzie\u0144 i nikt nie robi jawnych wyrzut\u00f3w ;).<\/p>\n<p>Z mniej dostrzegalnych zalet to mo\u017cliwo\u015b\u0107 zrzucenia z siebie kilku kilogram\u00f3w. Od poniedzia\u0142ku nie jad\u0142am obiadu, wczoraj ci\u0105gn\u0119\u0142am na chlebie z jajkiem, cie\u015bcie i kie\u0142basce wieczorem. Nie b\u0119d\u0119 w siebie \u0142adowa\u0107 jedzenia, je\u015bli nie mam na nie ochoty. Dzi\u015b zacz\u0119\u0142am bardziej obiecuj\u0105co, od serka wiejskiego z miodem. Ale wcze\u015bniej wesz\u0142am na wag\u0119 i zauwa\u017cy\u0142am, \u017ce zesz\u0142o ze mnie jako\u015b tak 3,5-4 kilo. Pewnie szybko przynajmniej cz\u0119\u015b\u0107 z nich do mnie wr\u00f3ci, jak znowu zaczn\u0119 normalnie je\u015b\u0107. A jestem dziewczynk\u0105 typu &#8222;waga jeszcze w normie&#8221;, co nie zmienia faktu, \u017ce ka\u017cdy utracony kilogram mnie cieszy (cho\u0107 nie robi\u0119 nic, by si\u0119 cz\u0119\u015bciej cieszy\u0107 \ud83d\ude09 ).<\/p>\n<p>G\u0142owa prawie nie boli, gard\u0142o dalej daje czadu, ale do pracy dzi\u015b pojad\u0119. Duomox w dalszym ci\u0105gu po\u017cerany, oczywi\u015bcie, cho\u0107 go wyj\u0105tkowo nie lubi\u0119.<\/p>\n","protected":false},"excerpt":{"rendered":"<p>Mo\u017cna le\u017ce\u0107 w wyrze ca\u0142y dzie\u0144 i nikt nie robi jawnych wyrzut\u00f3w ;). Z mniej dostrzegalnych zalet to mo\u017cliwo\u015b\u0107 zrzucenia z siebie kilku kilogram\u00f3w. Od poniedzia\u0142ku nie jad\u0142am obiadu, wczoraj ci\u0105gn\u0119\u0142am na chlebie z jajkiem, cie\u015bcie i kie\u0142basce wieczorem. Nie b\u0119d\u0119 w siebie \u0142adowa\u0107 jedzenia, je\u015bli nie mam na nie ochoty. Dzi\u015b zacz\u0119\u0142am bardziej obiecuj\u0105co, [&hellip;]<\/p>\n","protected":false},"author":2,"featured_media":0,"comment_status":"open","ping_status":"open","sticky":false,"template":"","format":"standard","meta":{"footnotes":""},"categories":[2,5],"tags":[18,107],"class_list":["post-1682","post","type-post","status-publish","format-standard","hentry","category-archiwum","category-osobiste","tag-archiwalne","tag-osobiste-2"],"_links":{"self":[{"href":"http:\/\/thekfiles.pl\/index.php?rest_route=\/wp\/v2\/posts\/1682","targetHints":{"allow":["GET"]}}],"collection":[{"href":"http:\/\/thekfiles.pl\/index.php?rest_route=\/wp\/v2\/posts"}],"about":[{"href":"http:\/\/thekfiles.pl\/index.php?rest_route=\/wp\/v2\/types\/post"}],"author":[{"embeddable":true,"href":"http:\/\/thekfiles.pl\/index.php?rest_route=\/wp\/v2\/users\/2"}],"replies":[{"embeddable":true,"href":"http:\/\/thekfiles.pl\/index.php?rest_route=%2Fwp%2Fv2%2Fcomments&post=1682"}],"version-history":[{"count":0,"href":"http:\/\/thekfiles.pl\/index.php?rest_route=\/wp\/v2\/posts\/1682\/revisions"}],"wp:attachment":[{"href":"http:\/\/thekfiles.pl\/index.php?rest_route=%2Fwp%2Fv2%2Fmedia&parent=1682"}],"wp:term":[{"taxonomy":"category","embeddable":true,"href":"http:\/\/thekfiles.pl\/index.php?rest_route=%2Fwp%2Fv2%2Fcategories&post=1682"},{"taxonomy":"post_tag","embeddable":true,"href":"http:\/\/thekfiles.pl\/index.php?rest_route=%2Fwp%2Fv2%2Ftags&post=1682"}],"curies":[{"name":"wp","href":"https:\/\/api.w.org\/{rel}","templated":true}]}}