{"id":1505,"date":"2012-03-10T00:00:00","date_gmt":"2012-03-10T00:00:00","guid":{"rendered":"http:\/\/mimastech.pl\/wordpress2\/?p=1505"},"modified":"2012-03-10T00:00:00","modified_gmt":"2012-03-10T00:00:00","slug":"w-pierwszy-miesiac-dzialalnosci","status":"publish","type":"post","link":"http:\/\/thekfiles.pl\/?p=1505","title":{"rendered":"W pierwszy miesi\u0105c dzia\u0142alno\u015bci"},"content":{"rendered":"<p>moja IPL zanotowa\u0142a du\u017c\u0105 strat\u0119.<\/p>\n<p>Zatem podatku nie zap\u0142ac\u0119. Kredyt te\u017c mi si\u0119 odsunie o dodatkowy miesi\u0105c.<\/p>\n<p>Nie by\u0142o wiele trzeba. Dopisa\u0107 ju\u017c wcze\u015bniej posiadany samoch\u00f3d i komputer do \u015brodk\u00f3w trwa\u0142ych (co musia\u0142am zrobi\u0107, je\u015bli chcia\u0142am wpisa\u0107 do tego rejestru te\u017c drukark\u0119, kt\u00f3r\u0105 kupi\u0142am na faktur\u0119) &#8211; czyli ich cena zosta\u0142a wpisana jako koszt (to jest tzw. amortyzacja \u015brodk\u00f3w trwa\u0142ych) &#8211; do tego ZUS i ju\u017c by\u0142am na du\u017cym minusie.<\/p>\n<p>Za marzec b\u0119dzie ju\u017c \u0142adniej na Urz\u0119du Skarbowego, bo si\u0119 sko\u0144czy\u0142y rzeczy, z kt\u00f3rymi mo\u017cna tak zrobi\u0107.<\/p>\n<p>Swoj\u0105 drog\u0105, z laptopem mo\u017ce by\u0107 problem. Mam go ju\u017c ponad rok, a teraz musi mi pos\u0142u\u017cy\u0107 jeszcze kolejny. Czyli kicha z naci\u0105ganiem Euro na nowy sprz\u0119t przed zako\u0144czeniem gwarancji w styczniu. Nie to, \u017ce mnie ten komputer wkurza czy co\u015b, bo s\u0142u\u017cy \u0142adnie do tego, do czego jest mi potrzebny, ale po prostu pad\u0142y niecne plany. \ud83d\ude09<\/p>\n","protected":false},"excerpt":{"rendered":"<p>moja IPL zanotowa\u0142a du\u017c\u0105 strat\u0119. Zatem podatku nie zap\u0142ac\u0119. Kredyt te\u017c mi si\u0119 odsunie o dodatkowy miesi\u0105c. Nie by\u0142o wiele trzeba. Dopisa\u0107 ju\u017c wcze\u015bniej posiadany samoch\u00f3d i komputer do \u015brodk\u00f3w trwa\u0142ych (co musia\u0142am zrobi\u0107, je\u015bli chcia\u0142am wpisa\u0107 do tego rejestru te\u017c drukark\u0119, kt\u00f3r\u0105 kupi\u0142am na faktur\u0119) &#8211; czyli ich cena zosta\u0142a wpisana jako koszt (to [&hellip;]<\/p>\n","protected":false},"author":2,"featured_media":0,"comment_status":"open","ping_status":"open","sticky":false,"template":"","format":"standard","meta":{"footnotes":""},"categories":[2,6],"tags":[18,45,127],"class_list":["post-1505","post","type-post","status-publish","format-standard","hentry","category-archiwum","category-praca","tag-archiwalne","tag-dzialalnosc-gospodarcza","tag-praca-2"],"_links":{"self":[{"href":"http:\/\/thekfiles.pl\/index.php?rest_route=\/wp\/v2\/posts\/1505","targetHints":{"allow":["GET"]}}],"collection":[{"href":"http:\/\/thekfiles.pl\/index.php?rest_route=\/wp\/v2\/posts"}],"about":[{"href":"http:\/\/thekfiles.pl\/index.php?rest_route=\/wp\/v2\/types\/post"}],"author":[{"embeddable":true,"href":"http:\/\/thekfiles.pl\/index.php?rest_route=\/wp\/v2\/users\/2"}],"replies":[{"embeddable":true,"href":"http:\/\/thekfiles.pl\/index.php?rest_route=%2Fwp%2Fv2%2Fcomments&post=1505"}],"version-history":[{"count":0,"href":"http:\/\/thekfiles.pl\/index.php?rest_route=\/wp\/v2\/posts\/1505\/revisions"}],"wp:attachment":[{"href":"http:\/\/thekfiles.pl\/index.php?rest_route=%2Fwp%2Fv2%2Fmedia&parent=1505"}],"wp:term":[{"taxonomy":"category","embeddable":true,"href":"http:\/\/thekfiles.pl\/index.php?rest_route=%2Fwp%2Fv2%2Fcategories&post=1505"},{"taxonomy":"post_tag","embeddable":true,"href":"http:\/\/thekfiles.pl\/index.php?rest_route=%2Fwp%2Fv2%2Ftags&post=1505"}],"curies":[{"name":"wp","href":"https:\/\/api.w.org\/{rel}","templated":true}]}}