{"id":1501,"date":"2011-05-30T00:00:00","date_gmt":"2011-05-30T00:00:00","guid":{"rendered":"http:\/\/mimastech.pl\/wordpress2\/?p=1501"},"modified":"2011-05-30T00:00:00","modified_gmt":"2011-05-30T00:00:00","slug":"to-sie-musialo-stac","status":"publish","type":"post","link":"http:\/\/thekfiles.pl\/?p=1501","title":{"rendered":"To si\u0119 musia\u0142o sta\u0107."},"content":{"rendered":"<p>Musia\u0142am w ko\u0144cu trafi\u0107 na pacjenta, kt\u00f3ry ma problem z protez\u0105.<\/p>\n<p>Akrylow\u0105. Tak\u0105 zwyk\u0142\u0105.<\/p>\n<p>Zapalenie b\u0142ony \u015bluzowej. Nic ci\u0119\u017ckiego, drobne zaczerwienienie i afty.<\/p>\n<p>Proteza noszona na klej, chocia\u017c nawet nie przekroczy\u0142a po\u0142owy swojego nominalnego okresu u\u017cyteczno\u015bci.<\/p>\n<p>Nie wyci\u0105gana na noc, cho\u0107 podobno myta.<\/p>\n<p>Z\u0142ama\u0142a si\u0119. Zosta\u0142a sklejona w warunkach domowych. Klejem.<\/p>\n<p>Delikatnie powiedzia\u0142am, co o tym my\u015bl\u0119, poinstruowa\u0142am, co trzeba robi\u0107. Ile pacjent z tego wyni\u00f3s\u0142, to pewnie inna sprawa.<\/p>\n<p>Adnotacje w karcie poczynione.<\/p>\n<p>Cz\u0142owiek ka\u017cdego dnia czego\u015b si\u0119 uczy&#8230;<\/p>\n","protected":false},"excerpt":{"rendered":"<p>Musia\u0142am w ko\u0144cu trafi\u0107 na pacjenta, kt\u00f3ry ma problem z protez\u0105. Akrylow\u0105. Tak\u0105 zwyk\u0142\u0105. Zapalenie b\u0142ony \u015bluzowej. Nic ci\u0119\u017ckiego, drobne zaczerwienienie i afty. Proteza noszona na klej, chocia\u017c nawet nie przekroczy\u0142a po\u0142owy swojego nominalnego okresu u\u017cyteczno\u015bci. Nie wyci\u0105gana na noc, cho\u0107 podobno myta. Z\u0142ama\u0142a si\u0119. Zosta\u0142a sklejona w warunkach domowych. Klejem. Delikatnie powiedzia\u0142am, co o [&hellip;]<\/p>\n","protected":false},"author":2,"featured_media":0,"comment_status":"open","ping_status":"open","sticky":false,"template":"","format":"standard","meta":{"footnotes":""},"categories":[2,6],"tags":[18,127],"class_list":["post-1501","post","type-post","status-publish","format-standard","hentry","category-archiwum","category-praca","tag-archiwalne","tag-praca-2"],"_links":{"self":[{"href":"http:\/\/thekfiles.pl\/index.php?rest_route=\/wp\/v2\/posts\/1501","targetHints":{"allow":["GET"]}}],"collection":[{"href":"http:\/\/thekfiles.pl\/index.php?rest_route=\/wp\/v2\/posts"}],"about":[{"href":"http:\/\/thekfiles.pl\/index.php?rest_route=\/wp\/v2\/types\/post"}],"author":[{"embeddable":true,"href":"http:\/\/thekfiles.pl\/index.php?rest_route=\/wp\/v2\/users\/2"}],"replies":[{"embeddable":true,"href":"http:\/\/thekfiles.pl\/index.php?rest_route=%2Fwp%2Fv2%2Fcomments&post=1501"}],"version-history":[{"count":0,"href":"http:\/\/thekfiles.pl\/index.php?rest_route=\/wp\/v2\/posts\/1501\/revisions"}],"wp:attachment":[{"href":"http:\/\/thekfiles.pl\/index.php?rest_route=%2Fwp%2Fv2%2Fmedia&parent=1501"}],"wp:term":[{"taxonomy":"category","embeddable":true,"href":"http:\/\/thekfiles.pl\/index.php?rest_route=%2Fwp%2Fv2%2Fcategories&post=1501"},{"taxonomy":"post_tag","embeddable":true,"href":"http:\/\/thekfiles.pl\/index.php?rest_route=%2Fwp%2Fv2%2Ftags&post=1501"}],"curies":[{"name":"wp","href":"https:\/\/api.w.org\/{rel}","templated":true}]}}