{"id":1481,"date":"2012-01-25T00:00:00","date_gmt":"2012-01-25T00:00:00","guid":{"rendered":"http:\/\/mimastech.pl\/wordpress2\/?p=1481"},"modified":"2012-01-25T00:00:00","modified_gmt":"2012-01-25T00:00:00","slug":"praktyka-zgloszona-w-izbie-lekarskiej","status":"publish","type":"post","link":"http:\/\/thekfiles.pl\/?p=1481","title":{"rendered":"Praktyka zg\u0142oszona w Izbie Lekarskiej."},"content":{"rendered":"<p>Do odb\u0119bnienia w drodze do zawodowej samodzielno\u015bci zosta\u0142:<\/p>\n<p>1. kontrakt z szefem (co\u015b mi si\u0119 wydaje, \u017ce jednak znowu b\u0119d\u0119 pracowa\u0107 dwa tygodnie bez umowy)<\/p>\n<p>2. telefon firmowy do za\u0142o\u017cenia<\/p>\n<p>3. piecz\u0105tka firmowa do wyrobienia (jaki\u015b numer telefonu trzeba na niej zamie\u015bci\u0107, a osobistego na pewno nie udost\u0119pni\u0119)<\/p>\n<p>4. nadej\u015bcie lutego \ud83d\ude09<\/p>\n<p>5. recepty. Mia\u0142am si\u0119 o nie dzi\u015b zapyta\u0107 w Izbie. Oczywi\u015bcie zapomnia\u0142am.<\/p>\n<p>W og\u00f3le kogo\u015b ciekawi droga do dzia\u0142alno\u015bci gospodarczej? Bo w sierpniu zaczn\u0119 sm\u0119ci\u0107 o kredycie na mieszkanie\/wyko\u0144czenie domu (czeka nas powa\u017cna rozmowa w gronie rodzinnym)&#8230; W sumie pytam o to troch\u0119 po ptokach&#8230;<\/p>\n","protected":false},"excerpt":{"rendered":"<p>Do odb\u0119bnienia w drodze do zawodowej samodzielno\u015bci zosta\u0142: 1. kontrakt z szefem (co\u015b mi si\u0119 wydaje, \u017ce jednak znowu b\u0119d\u0119 pracowa\u0107 dwa tygodnie bez umowy) 2. telefon firmowy do za\u0142o\u017cenia 3. piecz\u0105tka firmowa do wyrobienia (jaki\u015b numer telefonu trzeba na niej zamie\u015bci\u0107, a osobistego na pewno nie udost\u0119pni\u0119) 4. nadej\u015bcie lutego \ud83d\ude09 5. recepty. Mia\u0142am [&hellip;]<\/p>\n","protected":false},"author":2,"featured_media":0,"comment_status":"open","ping_status":"open","sticky":false,"template":"","format":"standard","meta":{"footnotes":""},"categories":[2,6],"tags":[18,45,127],"class_list":["post-1481","post","type-post","status-publish","format-standard","hentry","category-archiwum","category-praca","tag-archiwalne","tag-dzialalnosc-gospodarcza","tag-praca-2"],"_links":{"self":[{"href":"http:\/\/thekfiles.pl\/index.php?rest_route=\/wp\/v2\/posts\/1481","targetHints":{"allow":["GET"]}}],"collection":[{"href":"http:\/\/thekfiles.pl\/index.php?rest_route=\/wp\/v2\/posts"}],"about":[{"href":"http:\/\/thekfiles.pl\/index.php?rest_route=\/wp\/v2\/types\/post"}],"author":[{"embeddable":true,"href":"http:\/\/thekfiles.pl\/index.php?rest_route=\/wp\/v2\/users\/2"}],"replies":[{"embeddable":true,"href":"http:\/\/thekfiles.pl\/index.php?rest_route=%2Fwp%2Fv2%2Fcomments&post=1481"}],"version-history":[{"count":0,"href":"http:\/\/thekfiles.pl\/index.php?rest_route=\/wp\/v2\/posts\/1481\/revisions"}],"wp:attachment":[{"href":"http:\/\/thekfiles.pl\/index.php?rest_route=%2Fwp%2Fv2%2Fmedia&parent=1481"}],"wp:term":[{"taxonomy":"category","embeddable":true,"href":"http:\/\/thekfiles.pl\/index.php?rest_route=%2Fwp%2Fv2%2Fcategories&post=1481"},{"taxonomy":"post_tag","embeddable":true,"href":"http:\/\/thekfiles.pl\/index.php?rest_route=%2Fwp%2Fv2%2Ftags&post=1481"}],"curies":[{"name":"wp","href":"https:\/\/api.w.org\/{rel}","templated":true}]}}