{"id":1471,"date":"2011-12-07T00:00:00","date_gmt":"2011-12-07T00:00:00","guid":{"rendered":"http:\/\/mimastech.pl\/wordpress2\/?p=1471"},"modified":"2011-12-07T00:00:00","modified_gmt":"2011-12-07T00:00:00","slug":"pierwszy-poslizg","status":"publish","type":"post","link":"http:\/\/thekfiles.pl\/?p=1471","title":{"rendered":"Pierwszy po\u015blizg"},"content":{"rendered":"<p>Dzisiaj rano, kiedy jecha\u0142am do pracy, przy skr\u0119cie w prawo nieco mn\u0105 zarzuci\u0142o. Ale tylko nieco. Brak obra\u017ce\u0144, przyspieszone t\u0119tno mo\u017ce z p\u00f3\u0142 minutki. Na skrzy\u017cowaniu by\u0142a podmarzni\u0119ta ka\u0142u\u017ca.<\/p>\n<p>Musz\u0119 kupi\u0107 dwie opony zimowe :\/<\/p>\n<p>I mam problem graficzny. Z\u0142ota jesie\u0144 min\u0119\u0142a (nie ma li\u015bci na drzewach), a nie pada ani deszcz (za du\u017co), ani \u015bnieg (w\u0142a\u015bciwie wcale). Z tego tytu\u0142u nie mam pasuj\u0105cego pilniczka nad notki. Bo mam \u015bniegowy lub deszczowy pilniczek. Nie mam jesiennego bez li\u015bci.<\/p>\n<p>A mo\u017ce wrzuc\u0119 \u015bwi\u0105teczny? Miko\u0142ajowy, znaczy? \ud83d\ude09 Fajny jest, jeden z najbardziej udanych, g\u0142\u00f3wnie z tego tytu\u0142u, \u017ce nie ja go robi\u0142am. \ud83d\ude09<\/p>\n<p>Rodzice ogl\u0105daj\u0105 TV na drugim ko\u0144cu domu (na sw\u00f3j ekran jeszcze oszcz\u0119dzam. Mam jakie\u015b 5% planowanej na wydanie kwoty). Czy na TVN w\u0142a\u015bnie leci gala zwi\u0105zana z akcj\u0105 &#8222;Zwyk\u0142y bohater&#8221;? Pami\u0119tam, jak mnie to smuci\u0142o, \u017ce osobom, kt\u00f3re zachowa\u0142y si\u0119 &#8222;uczciwie lub po prostu fair&#8221; a\u017c trzeba dawa\u0107 nagrody z tego tytu\u0142u&#8230;<\/p>\n","protected":false},"excerpt":{"rendered":"<p>Dzisiaj rano, kiedy jecha\u0142am do pracy, przy skr\u0119cie w prawo nieco mn\u0105 zarzuci\u0142o. Ale tylko nieco. Brak obra\u017ce\u0144, przyspieszone t\u0119tno mo\u017ce z p\u00f3\u0142 minutki. Na skrzy\u017cowaniu by\u0142a podmarzni\u0119ta ka\u0142u\u017ca. Musz\u0119 kupi\u0107 dwie opony zimowe :\/ I mam problem graficzny. Z\u0142ota jesie\u0144 min\u0119\u0142a (nie ma li\u015bci na drzewach), a nie pada ani deszcz (za du\u017co), ani [&hellip;]<\/p>\n","protected":false},"author":2,"featured_media":0,"comment_status":"open","ping_status":"open","sticky":false,"template":"","format":"standard","meta":{"footnotes":""},"categories":[2,6],"tags":[18,105,127,143],"class_list":["post-1471","post","type-post","status-publish","format-standard","hentry","category-archiwum","category-praca","tag-archiwalne","tag-organizacyjnie","tag-praca-2","tag-rozmyslania"],"_links":{"self":[{"href":"http:\/\/thekfiles.pl\/index.php?rest_route=\/wp\/v2\/posts\/1471","targetHints":{"allow":["GET"]}}],"collection":[{"href":"http:\/\/thekfiles.pl\/index.php?rest_route=\/wp\/v2\/posts"}],"about":[{"href":"http:\/\/thekfiles.pl\/index.php?rest_route=\/wp\/v2\/types\/post"}],"author":[{"embeddable":true,"href":"http:\/\/thekfiles.pl\/index.php?rest_route=\/wp\/v2\/users\/2"}],"replies":[{"embeddable":true,"href":"http:\/\/thekfiles.pl\/index.php?rest_route=%2Fwp%2Fv2%2Fcomments&post=1471"}],"version-history":[{"count":0,"href":"http:\/\/thekfiles.pl\/index.php?rest_route=\/wp\/v2\/posts\/1471\/revisions"}],"wp:attachment":[{"href":"http:\/\/thekfiles.pl\/index.php?rest_route=%2Fwp%2Fv2%2Fmedia&parent=1471"}],"wp:term":[{"taxonomy":"category","embeddable":true,"href":"http:\/\/thekfiles.pl\/index.php?rest_route=%2Fwp%2Fv2%2Fcategories&post=1471"},{"taxonomy":"post_tag","embeddable":true,"href":"http:\/\/thekfiles.pl\/index.php?rest_route=%2Fwp%2Fv2%2Ftags&post=1471"}],"curies":[{"name":"wp","href":"https:\/\/api.w.org\/{rel}","templated":true}]}}