{"id":1469,"date":"2011-01-29T00:00:00","date_gmt":"2011-01-29T00:00:00","guid":{"rendered":"http:\/\/mimastech.pl\/wordpress2\/?p=1469"},"modified":"2011-01-29T00:00:00","modified_gmt":"2011-01-29T00:00:00","slug":"periodontologicznie","status":"publish","type":"post","link":"http:\/\/thekfiles.pl\/?p=1469","title":{"rendered":"Periodontologicznie"},"content":{"rendered":"<p>Mia\u0142am ostatnio na fotelu modelowy przypadek przerostu w\u0119dzide\u0142ka wargi dolnej. Wygl\u0105da\u0142o to mniej-wi\u0119cej <a href=\"http:\/\/thekfiles.pl\/wp-content\/uploads\/2015\/01\/periodontologia015.jpg\" target=\"_blank\" rel=\"noopener noreferrer\">tak<\/a> (z\u0105b z gwiazdk\u0105). Pacjent by\u0142 bardzo \u015bwiadomy wagi uz\u0119bienia w \u017cyciu, posiada\u0142 niemal dentystyczny odchy\u0142 w postaci zwracania uwagi na z\u0119by w drugiej kolejno\u015bci (po oczach). Te\u017c tak mam. Jak mi si\u0119 do tego przyzna\u0142, pierwsza my\u015bl, kt\u00f3ra mi zakie\u0142kowa\u0142a w g\u0142owie, to &#8222;Mam nadziej\u0119, \u017ce nie mam na z\u0119bach resztek tego ciastka z przerwy&#8221; ;). Troch\u0119 strach z takimi pracowa\u0107 (a nu\u017c wyjdziesz na idiot\u0119), z drugiej strony ryzyko opadni\u0119cia macek jest znacz\u0105co zredukowane. Pacjent zosta\u0142 poinstruowany o prawid\u0142owej higienie jamy ustnej (mia\u0142 inne oznaki wcze\u015bniejszego stosowania &#8222;k\u00f3\u0142eczek&#8221;) i dosta\u0142 list\u0119 kontakt\u00f3w do okolicznych chirurg\u00f3w stomatologicznych, coby mu wyci\u0119li rzeczone w\u0119dzide\u0142ko.<\/p>\n<p><a href=\"http:\/\/thekfiles.pl\/wp-content\/uploads\/2015\/01\/jez_geog.jpg\" target=\"_blank\" rel=\"noopener noreferrer\">J\u0119zyk geograficzny<\/a> te\u017c mi si\u0119 ju\u017c raz trafi\u0142. Razem z zauwa\u017con\u0105 nadwra\u017cliwo\u015bci\u0105 na pomidory. Pacjent poinformowany o mo\u017cliwo\u015bci posiadania takowej, niegro\u017anej przypad\u0142o\u015bci, by\u0142 nieco sp\u0142oszony. Kolejny raz stwierdzi\u0142am, \u017ce m\u00f3wi\u0119 za du\u017co ;).<\/p>\n<p>Dzisiaj zrobi\u0142am powa\u017cniejsze podchody do podr\u0119cznik\u00f3w. Przeczyta\u0142am o zespo\u0142ach genetycznych w ortodoncji, teraz jestem w trakcie migania si\u0119 od czytania o chorobach b\u0142ony \u015bluzowej jamy ustnej ;). Mam nadziej\u0119, \u017ce dzi\u0119ki nawet kr\u00f3tkiej powt\u00f3rce, wyniki kolejnych pr\u00f3bnych LDEP\u00f3w b\u0119d\u0105 znowu nieco wy\u017csze. Mo\u017ce jutro zrobi\u0119 podej\u015bcie do testu nr 3. Pewnie si\u0119 pochwal\u0119.<\/p>\n<p>Do os\u00f3b, kt\u00f3re nie \u015bledz\u0105 profilu bloga na FB, a rozwi\u0105zywa\u0142y ankiet\u0119: w zak\u0142adkach s\u0105 udost\u0119pnione wyniki. Jak si\u0119 zbior\u0119, to zrobi\u0119 w\u0142asny komentarz do ca\u0142o\u015bci i ka\u017cdego z pyta\u0144 osobno. Na razie dzi\u0119kuj\u0119 bardzo wszystkim za udzia\u0142 i mam nadziej\u0119, \u017ce ubywanie facebookowych fan\u00f3w nie jest dla mnie jak\u0105\u015b bardzo znacz\u0105c\u0105 oznak\u0105. Postaram si\u0119 nie zepsu\u0107. \ud83d\ude09<\/p>\n<p><span style=\"font-size: x-small;\">PS.: Zdj\u0119cia pod linkami oczywi\u015bcie nie przedstawiaj\u0105 moich pacjent\u00f3w. Jak zwykle je ukrad\u0142am.<\/span><\/p>\n","protected":false},"excerpt":{"rendered":"<p>Mia\u0142am ostatnio na fotelu modelowy przypadek przerostu w\u0119dzide\u0142ka wargi dolnej. Wygl\u0105da\u0142o to mniej-wi\u0119cej tak (z\u0105b z gwiazdk\u0105). Pacjent by\u0142 bardzo \u015bwiadomy wagi uz\u0119bienia w \u017cyciu, posiada\u0142 niemal dentystyczny odchy\u0142 w postaci zwracania uwagi na z\u0119by w drugiej kolejno\u015bci (po oczach). Te\u017c tak mam. Jak mi si\u0119 do tego przyzna\u0142, pierwsza my\u015bl, kt\u00f3ra mi zakie\u0142kowa\u0142a w [&hellip;]<\/p>\n","protected":false},"author":2,"featured_media":0,"comment_status":"open","ping_status":"open","sticky":false,"template":"","format":"standard","meta":{"footnotes":""},"categories":[2,6],"tags":[18,79,90,127,155,156],"class_list":["post-1469","post","type-post","status-publish","format-standard","hentry","category-archiwum","category-praca","tag-archiwalne","tag-ldep","tag-nauka","tag-praca-2","tag-staz","tag-stomatologia"],"_links":{"self":[{"href":"http:\/\/thekfiles.pl\/index.php?rest_route=\/wp\/v2\/posts\/1469","targetHints":{"allow":["GET"]}}],"collection":[{"href":"http:\/\/thekfiles.pl\/index.php?rest_route=\/wp\/v2\/posts"}],"about":[{"href":"http:\/\/thekfiles.pl\/index.php?rest_route=\/wp\/v2\/types\/post"}],"author":[{"embeddable":true,"href":"http:\/\/thekfiles.pl\/index.php?rest_route=\/wp\/v2\/users\/2"}],"replies":[{"embeddable":true,"href":"http:\/\/thekfiles.pl\/index.php?rest_route=%2Fwp%2Fv2%2Fcomments&post=1469"}],"version-history":[{"count":0,"href":"http:\/\/thekfiles.pl\/index.php?rest_route=\/wp\/v2\/posts\/1469\/revisions"}],"wp:attachment":[{"href":"http:\/\/thekfiles.pl\/index.php?rest_route=%2Fwp%2Fv2%2Fmedia&parent=1469"}],"wp:term":[{"taxonomy":"category","embeddable":true,"href":"http:\/\/thekfiles.pl\/index.php?rest_route=%2Fwp%2Fv2%2Fcategories&post=1469"},{"taxonomy":"post_tag","embeddable":true,"href":"http:\/\/thekfiles.pl\/index.php?rest_route=%2Fwp%2Fv2%2Ftags&post=1469"}],"curies":[{"name":"wp","href":"https:\/\/api.w.org\/{rel}","templated":true}]}}