{"id":1432,"date":"2013-03-27T00:00:00","date_gmt":"2013-03-27T00:00:00","guid":{"rendered":"http:\/\/mimastech.pl\/wordpress2\/?p=1432"},"modified":"2013-03-27T00:00:00","modified_gmt":"2013-03-27T00:00:00","slug":"ile-czasu-mlody-dentysta-spedza-w-pracy","status":"publish","type":"post","link":"http:\/\/thekfiles.pl\/?p=1432","title":{"rendered":"Ile czasu m\u0142ody dentysta sp\u0119dza w pracy?"},"content":{"rendered":"<p>Mam kryzys mentalny. Jestem w tej chwili mi\u0119dzy jednym listkiem pigu\u0142 a drugim, wi\u0119c m\u00f3j poziom irytacji na \u015bwiat mo\u017ce by\u0107 nieco podwy\u017cszony.<\/p>\n<p>W pierwszej pracy zmiany w grafiku. Moje godziny zostan\u0105 mniej wi\u0119cej niezmienione, ale dojdzie jedna sobota (5 godzin) w miesi\u0105cu.<\/p>\n<p>W drugiej pracy pr\u00f3buj\u0119 si\u0119 dowiedzie\u0107, jaki konkretnie mam zakres obowi\u0105zk\u00f3w. Wed\u0142ug jednych poszerzony. Wed\u0142ug pani w sekretariacie &#8222;nic mi o tym nie wiadomo&#8221;. Jutro ma do mnie zadzwoni\u0107.<\/p>\n<p>W trzeciej pracy zbieram swoj\u0105 nik\u0142\u0105 asertywno\u015b\u0107 celem wybronienia si\u0119 przed braniem wi\u0119cej, jak jednej soboty w miesi\u0105cu.<\/p>\n<p>Przed chwil\u0105 usiad\u0142am sobie i policzy\u0142am, ile konkretnie czasu sp\u0119dzam w pracy. Wszystkich trzech. Minus przerwy, je\u015bli trwaj\u0105 d\u0142u\u017cej, ni\u017c 40 minut. Na chwil\u0119 obecn\u0105 wychodzi mi, \u017ce wykorzystuj\u0119 intensywnie swoje palce i szare kom\u00f3rki przez 39 godzin 30 minut tygodniowo (nie licz\u0105c sob\u00f3t), co dwa tygodnie ten czas wynosi nieco ponad 41 godzin. Soboty to jakie\u015b 11 godzin w miesi\u0105cu. Czyli jak by nie licz\u0105c, to 50 godzin pracy.<\/p>\n<p>Po odej\u015bciu drugiej pracy troch\u0119 si\u0119 to pozmienia, ale ju\u017c nie chce mi si\u0119 tego liczy\u0107. Od maja w trzeciej pracy te\u017c b\u0119d\u0119 sp\u0119dza\u0107 5 godzin mniej.<\/p>\n<p>Nadal ponad 1 etat.<\/p>\n<p>Nie ma letko.<\/p>\n<p>Mo\u017cna si\u0119 cieszy\u0107, \u017ce ta praca jest i z zarobk\u00f3w da si\u0119 wy\u017cy\u0107. Z drugiej strony korci mnie, \u017ceby wzi\u0105\u0107 sobie tydzie\u0144 wolnego celem nicnierobienia. Znale\u017a\u0107 tanie lokum w Lublinie i si\u0119 poci\u0105giem przejecha\u0107. Nigdy tam nie by\u0142am, a korci, nie wiedzie\u0107 czemu.<\/p>\n<p>Jestem za m\u0142oda na wypalenie zawodowe, do kt\u00f3rego si\u0119 absolutnie nie przyznaj\u0119. Z drugiej strony cz\u0142owiek ma prawo czasem by\u0107 zm\u0119czony&#8230;<\/p>\n","protected":false},"excerpt":{"rendered":"<p>Mam kryzys mentalny. Jestem w tej chwili mi\u0119dzy jednym listkiem pigu\u0142 a drugim, wi\u0119c m\u00f3j poziom irytacji na \u015bwiat mo\u017ce by\u0107 nieco podwy\u017cszony. W pierwszej pracy zmiany w grafiku. Moje godziny zostan\u0105 mniej wi\u0119cej niezmienione, ale dojdzie jedna sobota (5 godzin) w miesi\u0105cu. W drugiej pracy pr\u00f3buj\u0119 si\u0119 dowiedzie\u0107, jaki konkretnie mam zakres obowi\u0105zk\u00f3w. Wed\u0142ug [&hellip;]<\/p>\n","protected":false},"author":2,"featured_media":0,"comment_status":"open","ping_status":"open","sticky":false,"template":"","format":"standard","meta":{"footnotes":""},"categories":[2,6],"tags":[18,127],"class_list":["post-1432","post","type-post","status-publish","format-standard","hentry","category-archiwum","category-praca","tag-archiwalne","tag-praca-2"],"_links":{"self":[{"href":"http:\/\/thekfiles.pl\/index.php?rest_route=\/wp\/v2\/posts\/1432","targetHints":{"allow":["GET"]}}],"collection":[{"href":"http:\/\/thekfiles.pl\/index.php?rest_route=\/wp\/v2\/posts"}],"about":[{"href":"http:\/\/thekfiles.pl\/index.php?rest_route=\/wp\/v2\/types\/post"}],"author":[{"embeddable":true,"href":"http:\/\/thekfiles.pl\/index.php?rest_route=\/wp\/v2\/users\/2"}],"replies":[{"embeddable":true,"href":"http:\/\/thekfiles.pl\/index.php?rest_route=%2Fwp%2Fv2%2Fcomments&post=1432"}],"version-history":[{"count":0,"href":"http:\/\/thekfiles.pl\/index.php?rest_route=\/wp\/v2\/posts\/1432\/revisions"}],"wp:attachment":[{"href":"http:\/\/thekfiles.pl\/index.php?rest_route=%2Fwp%2Fv2%2Fmedia&parent=1432"}],"wp:term":[{"taxonomy":"category","embeddable":true,"href":"http:\/\/thekfiles.pl\/index.php?rest_route=%2Fwp%2Fv2%2Fcategories&post=1432"},{"taxonomy":"post_tag","embeddable":true,"href":"http:\/\/thekfiles.pl\/index.php?rest_route=%2Fwp%2Fv2%2Ftags&post=1432"}],"curies":[{"name":"wp","href":"https:\/\/api.w.org\/{rel}","templated":true}]}}